{"id":611152,"date":"2025-12-20T06:26:39","date_gmt":"2025-12-20T06:26:39","guid":{"rendered":"https:\/\/www.europesays.com\/fr\/611152\/"},"modified":"2025-12-20T06:26:39","modified_gmt":"2025-12-20T06:26:39","slug":"la-mel-coupe-les-vivres-a-latelier-populaire-durbanisme-apu-du-vieux%e2%80%90lille","status":"publish","type":"post","link":"https:\/\/www.europesays.com\/fr\/611152\/","title":{"rendered":"La MEL coupe les vivres \u00e0 l\u2019Atelier populaire d\u2019urbanisme (APU) du Vieux\u2010Lille"},"content":{"rendered":"<p><b>L\u2019association historique de soutien aux mal-log\u00e9s, en conflit ouvert avec la MEL depuis bient\u00f4t deux ans et un \u00ab incident grave \u00bb qu\u2019elle conteste, a appris ce 19 d\u00e9cembre 2025 qu\u2019elle ne serait plus subventionn\u00e9e en 2026. &#13;<br \/>\n<\/b><\/p>\n<p>Pour les associations, l\u2019avenir est de plus en plus li\u00e9 aux r\u00e9sultats des appels \u00e0 projets. Pour celles \u00ab\u202f\u0153uvrant dans le champ de l\u2019habitat\u202f\u00bb, la M\u00e9tropole europ\u00e9enne de Lille (MEL) a fait conna\u00eetre ses arbitrages ce 19 d\u00e9cembre 2025. Un total de 303 000 euros de subventions ont \u00e9t\u00e9 allou\u00e9es \u00e0 20 associations. Si la d\u00e9lib\u00e9ration valid\u00e9e en bureau m\u00e9tropolitain reconduit \u00ab\u202f\u00e0 l\u2019identique\u202f\u00bb le financement de bon nombre de structures bien connues dans le secteur (UFC Que Choisir, Habitat participatif en Nord, les Ateliers populaires d\u2019urbanisme (APU) de Moulins et de Fives\u2026), l\u2019APU du Vieux\u2010Lille, association historique de soutien aux mal\u2010log\u00e9s, n\u2019a pas \u00e9t\u00e9 retenue. En cause, un conflit avec la collectivit\u00e9 qui dure depuis bient\u00f4t deux\u00a0ans.<br \/>Un \u00ab\u202fincident grave\u202f\u00bb contest\u00e9 par l\u2019association<br \/>Le 20 f\u00e9vrier 2024, en pleine tr\u00eave hivernale, le ton monte alors que se d\u00e9roule l\u2019expulsion sensible de familles occupant l\u2019aire des gens du voyage de Wattignies, au sud de Lille. Venue \u00e0 l\u2019appel des familles, une salari\u00e9e de l\u2019APU du Vieux\u2010Lille est accus\u00e9e d\u2019avoir envenim\u00e9 la situation. Selon les termes de l\u2019enqu\u00eate interne diligent\u00e9e apr\u00e8s l\u2019incident, elle aurait \u00ab\u202fcr\u00e9\u00e9\u202f\u00bb et \u00ab\u202fcontribu\u00e9\u202f\u00bb \u00e0 \u00ab\u202fun climat de violence et de haine\u202f\u00bb. Anne Voituriez, vice\u2010pr\u00e9sidente \u00e0 l\u2019Habitat de la M\u00e9tropole de Lille \u00e9voque notamment des \u00ab\u202fmenaces de mort prof\u00e9r\u00e9es par les familles \u00e0 l\u2019encontre de la MEL et de son huissier\u202f\u00bb.<\/p>\n<p>Quelques semaines plus tard, <a href=\"https:\/\/www.mediacites.fr\/enquete\/lille\/2024\/04\/30\/gens-du-voyage-la-metropole-europeenne-de-lille-sanctionne-et-derape\/\" target=\"_blank\" rel=\"noopener\">comme l\u2019a d\u00e9j\u00e0 racont\u00e9 Mediacit\u00e9s<\/a>, la \u2026<\/p>\n<p>Nous vous offrons l\u2019acc\u00e8s \u00e0 cet article<\/p>\n<p>Et \u00e0 toutes nos enqu\u00eates pendant deux jours\u00a0\u00a0! <br \/>Oui, on est g\u00e9n\u00e9reux \ud83d\ude09 Mais pensez aussi \u00e0 <a href=\"https:\/\/www.mediacites.fr\/sabonner\/\" target=\"_blank\" style=\"color:#fff\" rel=\"noopener\">vous abonner<\/a>\u00a0\u00a0!<\/p>\n<p>\t\tEn renseignant votre adresse, vous acceptez nos <a href=\"https:\/\/www.mediacites.fr\/conditions-generales-d-utilisation\/\" target=\"_blank\" rel=\"noopener\">conditions g\u00e9n\u00e9rales d\u2019utilisation<\/a>. <br \/>Mediacit\u00e9s s\u2019engage \u00e0 ne pas c\u00e9der votre adresse \u00e0 des tiers. En cas d\u2019\u00e9chec, \u00e9crivez \u00e0 <a href=\"https:\/\/www.mediacites.fr\/complement-denquete\/lille\/2025\/12\/19\/la-mel-coupe-les-vivres-a-latelier-populaire-durbanisme-apu-du-vieux-lille\/mailto:contact@mediacites.fr\" target=\"_blank\" rel=\"noopener\">contact@mediacites.fr<\/a><\/p>\n<ul>\n<li>J\u2019acc\u00e8de aux 4 \u00e9ditions de Mediacit\u00e9s (Lille, Lyon, Nantes et Toulouse)<\/li>\n<li>Je d\u00e9couvre un m\u00e9dia 100 % ind\u00e9pendant, avec 0 % de publicit\u00e9<\/li>\n<\/ul>\n<p>Envie de lire la\u00a0suite\u202f?<\/p>\n<p>Depuis neuf ans, Mediacit\u00e9s enqu\u00eate en toute ind\u00e9pendance dans votre ville. Gr\u00e2ce \u00e0 ses lecteurs\u202f! Abonnez\u2010vous pour ne rien manquer de nos enqu\u00eates, suivre les \u00e9lections municipales et soutenir un journal local d\u2019investigation.<\/p>\n<ul>\n<li>Acc\u00e8s aux 4 \u00e9ditions de Mediacit\u00e9s (Lille, Lyon, Nantes et Toulouse)<\/li>\n<li>100 % ind\u00e9pendant, avec 0 % de publicit\u00e9<\/li>\n<li>R\u00e9siliation facile \u00e0 tout moment<\/li>\n<\/ul>\n<p>Mediacit\u00e9s offre l\u2019acc\u00e8s \u00e0 cet article aux lecteurs de News2Com<\/p>\n<p>Et \u00e0 toutes nos enqu\u00eates pendant deux jours\u00a0\u00a0! <br \/>Oui, on est g\u00e9n\u00e9reux \ud83d\ude09 Mais pensez aussi \u00e0 <a href=\"https:\/\/www.mediacites.fr\/sabonner\/\" target=\"_blank\" style=\"color:#fff\" rel=\"noopener\">vous abonner<\/a>\u00a0\u00a0!<\/p>\n<p>\t\tEn renseignant votre adresse, vous acceptez nos <a href=\"https:\/\/www.mediacites.fr\/conditions-generales-d-utilisation\/\" target=\"_blank\" rel=\"noopener\">conditions g\u00e9n\u00e9rales d\u2019utilisation<\/a>. <br \/>Mediacit\u00e9s s\u2019engage \u00e0 ne pas c\u00e9der votre adresse \u00e0 des tiers. En cas d\u2019\u00e9chec, \u00e9crivez \u00e0 <a href=\"https:\/\/www.mediacites.fr\/complement-denquete\/lille\/2025\/12\/19\/la-mel-coupe-les-vivres-a-latelier-populaire-durbanisme-apu-du-vieux-lille\/mailto:contact@mediacites.fr\" target=\"_blank\" rel=\"noopener\">contact@mediacites.fr<\/a><\/p>\n<ul>\n<li>J\u2019acc\u00e8de aux 4 \u00e9ditions de Mediacit\u00e9s (Lille, Lyon, Nantes et Toulouse)<\/li>\n<li>Je d\u00e9couvre un m\u00e9dia 100 % ind\u00e9pendant, avec 0 % de publicit\u00e9<\/li>\n<\/ul>\n","protected":false},"excerpt":{"rendered":"L\u2019association historique de soutien aux mal-log\u00e9s, en conflit ouvert avec la MEL depuis bient\u00f4t deux ans et un&hellip;\n","protected":false},"author":2,"featured_media":611153,"comment_status":"","ping_status":"","sticky":false,"template":"","format":"standard","meta":{"footnotes":""},"categories":[2815],"tags":[1111,11,28240,1777,674,1011,27,811,72209,1307,34826,12,25],"class_list":{"0":"post-611152","1":"post","2":"type-post","3":"status-publish","4":"format-standard","5":"has-post-thumbnail","7":"category-lille","8":"tag-actu","9":"tag-actualites","10":"tag-complement-denquete","11":"tag-eu","12":"tag-europe","13":"tag-fr","14":"tag-france","15":"tag-hauts-de-france","16":"tag-libertes-associatives","17":"tag-lille","18":"tag-mel","19":"tag-news","20":"tag-republique-francaise"},"share_on_mastodon":{"url":"https:\/\/pubeurope.com\/@fr\/115750475110279803","error":""},"_links":{"self":[{"href":"https:\/\/www.europesays.com\/fr\/wp-json\/wp\/v2\/posts\/611152","targetHints":{"allow":["GET"]}}],"collection":[{"href":"https:\/\/www.europesays.com\/fr\/wp-json\/wp\/v2\/posts"}],"about":[{"href":"https:\/\/www.europesays.com\/fr\/wp-json\/wp\/v2\/types\/post"}],"author":[{"embeddable":true,"href":"https:\/\/www.europesays.com\/fr\/wp-json\/wp\/v2\/users\/2"}],"replies":[{"embeddable":true,"href":"https:\/\/www.europesays.com\/fr\/wp-json\/wp\/v2\/comments?post=611152"}],"version-history":[{"count":0,"href":"https:\/\/www.europesays.com\/fr\/wp-json\/wp\/v2\/posts\/611152\/revisions"}],"wp:featuredmedia":[{"embeddable":true,"href":"https:\/\/www.europesays.com\/fr\/wp-json\/wp\/v2\/media\/611153"}],"wp:attachment":[{"href":"https:\/\/www.europesays.com\/fr\/wp-json\/wp\/v2\/media?parent=611152"}],"wp:term":[{"taxonomy":"category","embeddable":true,"href":"https:\/\/www.europesays.com\/fr\/wp-json\/wp\/v2\/categories?post=611152"},{"taxonomy":"post_tag","embeddable":true,"href":"https:\/\/www.europesays.com\/fr\/wp-json\/wp\/v2\/tags?post=611152"}],"curies":[{"name":"wp","href":"https:\/\/api.w.org\/{rel}","templated":true}]}}