{"id":611155,"date":"2025-12-20T06:28:14","date_gmt":"2025-12-20T06:28:14","guid":{"rendered":"https:\/\/www.europesays.com\/fr\/611155\/"},"modified":"2025-12-20T06:28:14","modified_gmt":"2025-12-20T06:28:14","slug":"a-marseille-le-scandale-des-cimetieres-communaux","status":"publish","type":"post","link":"https:\/\/www.europesays.com\/fr\/611155\/","title":{"rendered":"\u00e0 Marseille, le scandale des cimeti\u00e8res communaux"},"content":{"rendered":"<p>\n    <strong>ENQU\u00caTE<\/strong> &#8211; Le service public fun\u00e9raire souffre de s\u00e9rieux dysfonctionnements qui portent atteinte \u00e0 la dignit\u00e9 des d\u00e9funts. Une situation connue de la mairie, qui tente de renflouer un syst\u00e8me \u00e0 l\u2019abandon depuis des d\u00e9cennies.<\/p>\n<p class=\"fig-paragraph\">\u00abOn est all\u00e9 dans le lieu de tri et la d\u00e9couverte a \u00e9t\u00e9 hallucinante. On trouve une poubelle qui contient des os et des cr\u00e2nes. C\u2019est r\u00e9pugnant. Sur des caisses le long du mur, on trouve un \u00e9talage de m\u00e2choires, il y a des dentiers partout. C\u2019est incroyable que les choses soient g\u00e9r\u00e9es avec autant de d\u00e9sinvolture\u00bb, rapporte la chef du service des cimeti\u00e8res communaux de la Ville de Marseille. Un t\u00e9moignage consign\u00e9 dans une enqu\u00eate administrative stup\u00e9fiante, qui fait la lumi\u00e8re sur une s\u00e9rie de dysfonctionnements ayant longtemps affect\u00e9 l\u2019ossuaire municipal du\u00a0<a href=\"http:\/\/www.lefigaro.fr\/marseille\/on-touche-au-sacre-a-marseille-le-cimetiere-saint-pierre-profane-par-des-pilleurs-de-tombes-20240111\" data-fig-type=\"NewsFlash\" data-gtm-custom-categorie=\"navigation\" data-gtm-custom-action=\"crossclick\" data-gtm-custom-label=\"Contextuel\" data-gtm-event=\"customEventSPE\" data-fig-domain=\"LEFIGARO\" target=\"_blank\" rel=\"noopener\">cimeti\u00e8re Saint-Pierre<\/a>.<\/p>\n<p class=\"fig-paragraph\">Ce rapport de pr\u00e8s de 300 pages, initialement r\u00e9v\u00e9l\u00e9 par nos confr\u00e8res de\u00a0<a href=\"https:\/\/www.laprovence.com\/article\/region\/1009126530746614\/j-ai-vu-des-os-partout-des-amas-de-machoires-le-rapport-d-inspection-accablant-sur-les-cimetieres-de-marseille\" target=\"_blank\" rel=\"sponsored noopener\" data-gtm-custom-categorie=\"navigation\" data-gtm-custom-action=\"crossclick\" data-gtm-custom-label=\"Contextuel\" data-gtm-event=\"customEventSPE\">La Provence<\/a> \u00a0et que nous avons pu consulter, jette l\u2019opprobre sur tout le syst\u00e8me des op\u00e9rations fun\u00e9raires de la cit\u00e9 phoc\u00e9enne. Alert\u00e9e d\u00e9but 2024 que de graves \u00abdysfonctionnements\u00bb affectaient son service des cimeti\u00e8res communaux et sa division fossoyage depuis \u00abdes d\u00e9cennies\u00bb, la municipalit\u00e9 de\u00a0<a href=\"http:\/\/www.lefigaro.fr\/marseille\/l-etat-nous-l-a-fait-a-l-envers-le-coup-de-gueule-de-benoit-payan-sur-les-migrants-deplaces-de-paris-a-marseille-20251218\" data-fig-type=\"NewsFlash\" data-gtm-custom-categorie=\"navigation\" data-gtm-custom-action=\"crossclick\" data-gtm-custom-label=\"Contextuel\" data-gtm-event=\"customEventSPE\" data-fig-domain=\"LEFIGARO\" target=\"_blank\" rel=\"noopener\">Beno\u00eet Payan<\/a>\u00a0(DVG) a r\u00e9agi en mandatant\u2026<\/p>\n<p class=\"fig-premium-paywall__infos\">\n        Cet article est r\u00e9serv\u00e9 aux abonn\u00e9s.        Il vous reste 87% \u00e0 d\u00e9couvrir.\n    <\/p>\n<p>                <img  data- alt=\"Le Figaro\" class=\"fig-img--complete fig-img\"\/><\/p>\n<p class=\"fig-premium-paywall__title\">Vous avez envie de lire la suite ?<\/p>\n<p class=\"fig-premium-paywall__subtitle\">D\u00e9bloquez tous les articles imm\u00e9diatement.<\/p>\n<p class=\"fig-premium-paywall__connect\">\n                D\u00e9j\u00e0 abonn\u00e9\u00a0?                <a class=\"fig-premium-paywall__connect-link\" href=\"https:\/\/connect.lefigaro.fr\/login?client=horizon_web&amp;type=main&amp;redirect_uri=https%3A%2F%2Fwww.lefigaro.fr%2Fmarseille%2Fossements-dans-des-sacs-poubelle-fossoyeurs-revoques-a-marseille-le-scandale-des-cimetieres-communaux-20251220\" data-js-gtm=\"{&quot;customCategorie&quot;: &quot;conversion&quot;, &quot;customAction&quot;: &quot;before_Landing_Connexion_paywall_auto&quot;, &quot;customLabel&quot;: &quot;bGVmaWdhcm8uZnJfXzFmMGQ3NzAzLWMyODAtNjRiMi1iYTQwLWEzZDRkMTI1ZjRkNV9fTmV3c0ZsYXNo_Ossements dans des sacs-poubelle, fossoyeurs r\u00e9voqu\u00e9s\u00a0: \u00e0 Marseille, le scandale des cimeti\u00e8res communaux_409&quot;, &quot;customIDSPE&quot;: &quot;bGVmaWdhcm8uZnJfXzFmMGQ3NzAzLWMyODAtNjRiMi1iYTQwLWEzZDRkMTI1ZjRkNV9fTmV3c0ZsYXNo&quot;, &quot;event&quot;: &quot;customEventSPE&quot;}\" target=\"_blank\" rel=\"noopener\"><br \/>\n                    Connectez-vous<br \/>\n                <\/a>\n            <\/p>\n","protected":false},"excerpt":{"rendered":"ENQU\u00caTE &#8211; Le service public fun\u00e9raire souffre de s\u00e9rieux dysfonctionnements qui portent atteinte \u00e0 la dignit\u00e9 des d\u00e9funts.&hellip;\n","protected":false},"author":2,"featured_media":611156,"comment_status":"","ping_status":"","sticky":false,"template":"","format":"standard","meta":{"footnotes":""},"categories":[2814],"tags":[1111,11,6469,6313,1777,674,1011,27,43463,884,12,882,25],"class_list":{"0":"post-611155","1":"post","2":"type-post","3":"status-publish","4":"format-standard","5":"has-post-thumbnail","7":"category-marseille","8":"tag-actu","9":"tag-actualites","10":"tag-benoit-payan","11":"tag-cimetiere","12":"tag-eu","13":"tag-europe","14":"tag-fr","15":"tag-france","16":"tag-mairie-de-marseille","17":"tag-marseille","18":"tag-news","19":"tag-provence-alpes-cote-dazur","20":"tag-republique-francaise"},"share_on_mastodon":{"url":"https:\/\/pubeurope.com\/@fr\/115750483071369030","error":""},"_links":{"self":[{"href":"https:\/\/www.europesays.com\/fr\/wp-json\/wp\/v2\/posts\/611155","targetHints":{"allow":["GET"]}}],"collection":[{"href":"https:\/\/www.europesays.com\/fr\/wp-json\/wp\/v2\/posts"}],"about":[{"href":"https:\/\/www.europesays.com\/fr\/wp-json\/wp\/v2\/types\/post"}],"author":[{"embeddable":true,"href":"https:\/\/www.europesays.com\/fr\/wp-json\/wp\/v2\/users\/2"}],"replies":[{"embeddable":true,"href":"https:\/\/www.europesays.com\/fr\/wp-json\/wp\/v2\/comments?post=611155"}],"version-history":[{"count":0,"href":"https:\/\/www.europesays.com\/fr\/wp-json\/wp\/v2\/posts\/611155\/revisions"}],"wp:featuredmedia":[{"embeddable":true,"href":"https:\/\/www.europesays.com\/fr\/wp-json\/wp\/v2\/media\/611156"}],"wp:attachment":[{"href":"https:\/\/www.europesays.com\/fr\/wp-json\/wp\/v2\/media?parent=611155"}],"wp:term":[{"taxonomy":"category","embeddable":true,"href":"https:\/\/www.europesays.com\/fr\/wp-json\/wp\/v2\/categories?post=611155"},{"taxonomy":"post_tag","embeddable":true,"href":"https:\/\/www.europesays.com\/fr\/wp-json\/wp\/v2\/tags?post=611155"}],"curies":[{"name":"wp","href":"https:\/\/api.w.org\/{rel}","templated":true}]}}