{"id":611157,"date":"2025-12-20T06:29:11","date_gmt":"2025-12-20T06:29:11","guid":{"rendered":"https:\/\/www.europesays.com\/fr\/611157\/"},"modified":"2025-12-20T06:29:11","modified_gmt":"2025-12-20T06:29:11","slug":"lyon-les-bateaux-navigone-des-tcl-sont-desormais-100-electriques-ce-que-ca-change","status":"publish","type":"post","link":"https:\/\/www.europesays.com\/fr\/611157\/","title":{"rendered":"Lyon. Les bateaux Navig\u00f4ne des TCL sont d\u00e9sormais 100 % \u00e9lectriques : ce que \u00e7a change"},"content":{"rendered":"<p>                    Par<br \/>\n        <strong><br \/>\n            <a href=\"https:\/\/actu.fr\/auteur\/ludivine-caporal\" title=\"Consulter tous les articles de Ludivine Caporal\" target=\"_blank\" rel=\"noopener\">Ludivine Caporal<\/a><br \/>\n                    <\/strong><\/p>\n<p>        Publi\u00e9 le<\/p>\n<p>            20 d\u00e9c. 2025 \u00e0 6h08        <\/p>\n<p>M\u00eames stations, m\u00eames fr\u00e9quences et m\u00eames horaires : on pourrait croire, en apparence, que rien n\u2019a chang\u00e9 sur la <a href=\"https:\/\/actu.fr\/auvergne-rhone-alpes\/lyon_69123\/lyon-entre-bateaux-vides-et-succes-le-week-end-la-navette-fluviale-tcl-est-elle-utile_63008158.html\" target=\"_blank\" rel=\"noopener\">ligne fluviale Navig\u00f4ne<\/a> des <a href=\"https:\/\/actu.fr\/tag\/transports-en-commun-lyonnais-tcl\" target=\"_blank\" rel=\"noopener\">TCL<\/a> \u00e0 Lyon. Sauf que l\u2019exp\u00e9rience de ce voyage sur la Sa\u00f4ne est d\u00e9sormais tout autre.\u00a0<\/p>\n<p class=\" wall-content\">Mis \u00e0 l\u2019eau en juin 2025, les bateaux \u00e0 propulsion thermique assurant la liaison entre les quartiers de Confluence et de Vaise viennent en effet d\u2019\u00eatre remplac\u00e9s par deux navettes 100 % \u00e9lectriques, <strong>baptis\u00e9es \u00ab\u00a0Le Gone\u00a0\u00bb et \u00ab\u00a0La Fenotte\u00a0\u00bb.<\/strong><\/p>\n<p>R\u00e9duction du bruit et du batillage<\/p>\n<p class=\" wall-content\">Profil\u00e9es comme des catamarans, ces derni\u00e8res ont \u00e9t\u00e9 pens\u00e9es pour \u00ab\u00a0r\u00e9duire au maximum le bruit et le batillage (ce qui provoque les remous, ndlr) afin de ma\u00eetriser l\u2019impact sur la biodiversit\u00e9 locale et le quotidien des habitants des quais de Sa\u00f4ne\u00a0\u00bb. Et pour avoir test\u00e9 la travers\u00e9e \u00e0 bord de \u00ab\u00a0La Fenotte\u00a0\u00bb, on peut le dire : celle-ci est tr\u00e8s silencieuse, et donc tr\u00e8s appr\u00e9ciable.\u00a0<\/p>\n<p class=\" wall-content\">D\u2019un co\u00fbt de 4,1 millions d\u2019euros chacun, <a href=\"https:\/\/actu.fr\/auvergne-rhone-alpes\/lyon_69123\/lyon-ces-bateaux-futuristes-vont-naviguer-sur-la-saone-pour-les-tcl-decouvrez-les_63405073.html\" target=\"_blank\" rel=\"noopener\">ces bateaux \u00e9lectriques de 24 m\u00e8tres de long ont \u00e9t\u00e9 enti\u00e8rement con\u00e7us en France<\/a> et leurs batteries proviennent du Rh\u00f4ne. Tous deux disposent de pr\u00e8s de <strong>80 places assises<\/strong> (int\u00e9rieur et ext\u00e9rieur), avec un design \u00e9pur\u00e9 et moderne.\u00a0<\/p>\n<p class=\" wall-content\">Un espace de travail avec une connexion Wifi et des prises 220V et USB est propos\u00e9 dans le salon central et 6 emplacements pour les v\u00e9los se trouvent sur les espaces ext\u00e9rieurs afin de \u00ab\u00a0favoriser l\u2019intermodalit\u00e9\u00a0\u00bb.\u00a0<\/p>\n<p class=\" wall-content\"><strong>VIDEO<\/strong><\/p>\n<p>Deux navettes en plus d\u2019ici quelques mois<\/p>\n<p class=\" wall-content\">D\u00e9j\u00e0 gestionnaire des modes lourds du r\u00e9seau TCL, c\u2019est \u00e0 la RATP Dev que revient l\u2019exploitation de ces navettes. Et ce, pour une dur\u00e9e minimale de 7 ans.\u00a0<\/p>\n<p class=\" wall-content\">Au printemps 2026, il est ensuite pr\u00e9vu que deux nouvelles navettes \u00e9lectriques rejoignent la ligne Navig\u00f4ne pour permettre une desserte plus fr\u00e9quente.<\/p>\n<p class=\" wall-content\">Personnalisez votre actualit\u00e9 en ajoutant vos villes et m\u00e9dias en favori avec <a href=\"https:\/\/moncompte.actu.fr\" title=\"D\u00e9couvez Mon Actu\" rel=\"nofollow noopener\" data-trk=\"{&quot;cta&quot;:{&quot;action&quot;:&quot;https:\\\/\\\/moncompte.actu.fr&quot;,&quot;category&quot;:&quot;mon compte&quot;,&quot;from&quot;:&quot;article footer&quot;,&quot;name&quot;:&quot;Mon actu&quot;,&quot;type&quot;:&quot;cta&quot;}}\" target=\"_blank\">Mon Actu<\/a>.<\/p>\n","protected":false},"excerpt":{"rendered":"Par Ludivine Caporal Publi\u00e9 le 20 d\u00e9c. 2025 \u00e0 6h08 M\u00eames stations, m\u00eames fr\u00e9quences et m\u00eames horaires :&hellip;\n","protected":false},"author":2,"featured_media":611158,"comment_status":"","ping_status":"","sticky":false,"template":"","format":"standard","meta":{"footnotes":""},"categories":[1889],"tags":[1111,11,2430,3157,1777,674,1011,27,2428,12,52,25,5787],"class_list":{"0":"post-611157","1":"post","2":"type-post","3":"status-publish","4":"format-standard","5":"has-post-thumbnail","7":"category-lyon","8":"tag-actu","9":"tag-actualites","10":"tag-auvergne-rhone-alpes","11":"tag-confluence","12":"tag-eu","13":"tag-europe","14":"tag-fr","15":"tag-france","16":"tag-lyon","17":"tag-news","18":"tag-planete","19":"tag-republique-francaise","20":"tag-transports-en-commun-lyonnais-tcl"},"share_on_mastodon":{"url":"https:\/\/pubeurope.com\/@fr\/115750487086162252","error":""},"_links":{"self":[{"href":"https:\/\/www.europesays.com\/fr\/wp-json\/wp\/v2\/posts\/611157","targetHints":{"allow":["GET"]}}],"collection":[{"href":"https:\/\/www.europesays.com\/fr\/wp-json\/wp\/v2\/posts"}],"about":[{"href":"https:\/\/www.europesays.com\/fr\/wp-json\/wp\/v2\/types\/post"}],"author":[{"embeddable":true,"href":"https:\/\/www.europesays.com\/fr\/wp-json\/wp\/v2\/users\/2"}],"replies":[{"embeddable":true,"href":"https:\/\/www.europesays.com\/fr\/wp-json\/wp\/v2\/comments?post=611157"}],"version-history":[{"count":0,"href":"https:\/\/www.europesays.com\/fr\/wp-json\/wp\/v2\/posts\/611157\/revisions"}],"wp:featuredmedia":[{"embeddable":true,"href":"https:\/\/www.europesays.com\/fr\/wp-json\/wp\/v2\/media\/611158"}],"wp:attachment":[{"href":"https:\/\/www.europesays.com\/fr\/wp-json\/wp\/v2\/media?parent=611157"}],"wp:term":[{"taxonomy":"category","embeddable":true,"href":"https:\/\/www.europesays.com\/fr\/wp-json\/wp\/v2\/categories?post=611157"},{"taxonomy":"post_tag","embeddable":true,"href":"https:\/\/www.europesays.com\/fr\/wp-json\/wp\/v2\/tags?post=611157"}],"curies":[{"name":"wp","href":"https:\/\/api.w.org\/{rel}","templated":true}]}}