{"id":611159,"date":"2025-12-20T06:30:21","date_gmt":"2025-12-20T06:30:21","guid":{"rendered":"https:\/\/www.europesays.com\/fr\/611159\/"},"modified":"2025-12-20T06:30:21","modified_gmt":"2025-12-20T06:30:21","slug":"le-commerce-fortement-deregle-en-presquile","status":"publish","type":"post","link":"https:\/\/www.europesays.com\/fr\/611159\/","title":{"rendered":"le commerce fortement d\u00e9r\u00e9gl\u00e9 en Presqu&rsquo;\u00eele"},"content":{"rendered":"<p>                    Par<br \/>\n        <strong><br \/>\n            <a href=\"https:\/\/actu.fr\/auteur\/ludivine-caporal\" title=\"Consulter tous les articles de Ludivine Caporal\" target=\"_blank\" rel=\"noopener\">Ludivine Caporal<\/a><br \/>\n                    <\/strong><\/p>\n<p>        Publi\u00e9 le<\/p>\n<p>            20 d\u00e9c. 2025 \u00e0 7h26        <\/p>\n<p>Perte de client\u00e8le la semaine, magasins surbond\u00e9s le samedi puis \u00e9trangement d\u00e9serts les dimanches d\u2019ouverture\u2026 Cela fait maintenant plusieurs mois que les commer\u00e7ants de la <a href=\"https:\/\/actu.fr\/tag\/presqu-ile\" target=\"_blank\" rel=\"noopener\">Presqu\u2019\u00eele<\/a> de <a href=\"https:\/\/actu.fr\/auvergne-rhone-alpes\/lyon_69123\" target=\"_blank\" rel=\"noopener\">Lyon<\/a> observent, impuissants, une fluctuation <strong>tr\u00e8s in\u00e9gale et instable<\/strong> des habitudes de consommation de leur client\u00e8le.<br \/>Mais \u00e0 l\u2019approche des f\u00eates, alors que le portefeuille et la fr\u00e9quentation sont globalement en baisse par rapport \u00e0 2024, ce \u00ab\u2009d\u00e9s\u00e9quilibre\u2009\u00bb se fait davantage ressentir et laisse un go\u00fbt amer dans la bouche de nombreux commer\u00e7ants. Surtout pour ceux qui comptaient sur ce mois de d\u00e9cembre pour remonter un peu la pente.<\/p>\n<p>\u00ab\u2009\u00c7a part dans tous les sens\u2009\u00bb<\/p>\n<p class=\" wall-content\">\u00ab\u2009Avant, c\u2019\u00e9tait clair. On savait que les lundis \u00e9taient calmes et que le reste de la semaine \u00e9tait \u00e9volutif. L\u00e0, \u00e7a part dans tous les sens et on ne comprend pas trop pourquoi. Mais globalement, <strong>on s\u2019ennuie<\/strong>. Nos trois dimanches d\u2019ouvertures n\u2019ont servi \u00e0 rien et sur d\u00e9cembre, on est \u00e0 -40\u2009% compar\u00e9 \u00e0 l\u2019ann\u00e9e d\u2019avant\u2009\u00bb, t\u00e9moigne la g\u00e9rante d\u2019une grosse enseigne am\u00e9ricaine de la rue de Brest, dans le 2e arrondissement.<\/p>\n<p class=\" wall-content\">\u00ab\u2009C\u2019est un peu tout ou rien\u2009\u00bb, \u00ab\u2009On peut <strong>monter tr\u00e8s haut et descendre tr\u00e8s bas<\/strong> en termes de chiffres, c\u2019est tr\u00e8s in\u00e9gal cette ann\u00e9e et on a parfois des journ\u00e9es compl\u00e8tement mortes m\u00eame \u00e0 l\u2019approche de No\u00ebl\u2009\u00bb, abondent de leur c\u00f4t\u00e9 les magasins Alice D\u00e9lice et La Chambre, situ\u00e9s dans le quartier de Cordeliers.<\/p>\n<p>Des samedis excessifs mais qui ne rattrapent pas la semaine<\/p>\n<p class=\" wall-content\">Un calendrier qui ne semble donc suivre aucune r\u00e8gle et qui rend difficile toute anticipation ou pr\u00e9vision niveau organisationnel. \u00ab\u2009On ne sait plus vraiment comment travailler. On a ouvert un dimanche, on n\u2019a eu personne, et on s\u2019est fait \u00e9craser le lundi alors que \u00e7a n\u2019arrive jamais. Sauf que mon coll\u00e8gue \u00e9tait tout seul\u2009\u00bb, raconte une des vendeuses de l\u2019\u00e9picerie Famille Mary.<\/p>\n<p class=\" wall-content\">\u00ab\u2009Je suis \u00e0 -20, -30\u2009% de mon chiffre la semaine, mais le samedi je bats des records et on se retrouve submerg\u00e9. On a rarement connu \u00e7a\u2009\u00bb, glisse de son c\u00f4t\u00e9 le g\u00e9rant de Paul Marius.<\/p>\n<p class=\" wall-content\">Mais si certaines journ\u00e9es explosent de mani\u00e8re impr\u00e9visible et que les samedis sont <strong>encore plus convoit\u00e9s qu\u2019avant,<\/strong> le vide laiss\u00e9 dans la caisse le reste de la semaine est malgr\u00e9 tout \u00ab\u2009tr\u00e8s difficile \u00e0 combler\u2009\u00bb, comme l\u2019assure le magasin de th\u00e9 et caf\u00e9 La Route des Ar\u00f4mes.<\/p>\n<p>Votre r\u00e9gion, votre actu !<\/p>\n<p>Recevez chaque jour les infos qui comptent pour vous.<\/p>\n<p>\t<a href=\"https:\/\/actu.fr\/newsletter\" class=\"ac-btn ac-btn--corner ac-btn--medium ac-btn--blue800\" target=\"_blank\" rel=\"noopener\">S&rsquo;incrire<\/a><br \/>\n\u00ab\u2009Je n\u2019arrive plus \u00e0 payer mon loyer\u2009\u00bb<\/p>\n<p class=\" wall-content\">Pour certains, l\u2019accumulation perte de clients, baisse du budget pour les achats et affluence in\u00e9gale est m\u00eame en train de rendre leur situation extr\u00eamement critique.<\/p>\n<p class=\" wall-content\">C\u2019est le cas d\u2019Audrey, pourtant install\u00e9e depuis 16\u00a0ans dans le 1er arrondissement, dans le secteur H\u00f4tel-de-Ville, avec son concept-store Papaye.<\/p>\n<p class=\" wall-content\">\u00ab\u2009C\u2019est encore pire que les autres ann\u00e9es. C\u2019est hyper calme, <strong>les gens cherchent uniquement des petits prix.<\/strong> Bref, la conjoncture est vraiment mauvaise et pour \u00eatre tout \u00e0 fait honn\u00eate, c\u2019est m\u00eame la premi\u00e8re fois que je n\u2019arrive plus \u00e0 payer mon loyer\u2009\u00bb, confie-t-elle, avant de mentionner, en plus, une grosse perte de clients due selon elle au changement de trajet des bus TCL, <a href=\"https:\/\/actu.fr\/auvergne-rhone-alpes\/lyon_69123\/lyon-jean-michel-aulas-veut-remettre-les-bus-rue-de-la-republique-retour-au-bon-sens_63360199.html\" target=\"_blank\" rel=\"noopener\">qui ne passent plus rue de la R\u00e9publique<\/a>, et aux pol\u00e9miques qui ont entour\u00e9 la Zone \u00e0 Trafic Limit\u00e9 (ZTL). \u00ab\u2009On a fait peur aux gens\u2009\u00bb, affirme la vendeuse.<\/p>\n<p>    <img   decoding=\"async\" loading=\"lazy\" src=\"https:\/\/www.europesays.com\/fr\/wp-content\/uploads\/2025\/12\/commerce-presquile-lyon-rue-de-brest-960x640.jpg\" alt=\"Les rues du centre de Lyon sont loin d'\u00eatre remplies les jours de semaine.\" width=\"960\" height=\"640\"\/><br \/>\n    Les rues du centre de Lyon sont loin d\u2019\u00eatre remplies les jours de semaine. (\u00a9Ludivine Caporal\/actu Lyon)Bilans positifs pour certains<\/p>\n<p class=\" wall-content\">Dans cette p\u00e9riode tr\u00e8s d\u00e9stabilisante, quelques magasins de la Presqu\u2019\u00eele semblent malgr\u00e9 tout <strong>tirer leur \u00e9pingle du jeu<\/strong> en fonction de l\u2019endroit o\u00f9 ils se trouvent et de ce qu\u2019ils proposent. <a href=\"https:\/\/actu.fr\/auvergne-rhone-alpes\/lyon_69123\/lyon-que-des-avis-5-etoiles-sur-google-avec-le-chien-arold-cette-epicerie-cartonne_63063087.html\" target=\"_blank\" rel=\"noopener\">L\u2019\u00e9picerie Le Petit Groin<\/a> et le concept-store Cigoire, par exemple, font \u00e9tat d\u2019une fin d\u2019ann\u00e9e positive.<\/p>\n<p class=\" wall-content\">L\u2019un aid\u00e9 par son offre de produits alimentaires, locaux et faciles \u00e0 offrir pour les f\u00eates, l\u2019autre par la <a href=\"https:\/\/actu.fr\/auvergne-rhone-alpes\/lyon_69123\/lyon-cette-rue-de-la-presqu-ile-transformee-pour-les-pietons-des-avis-varies-apres-les-travaux_62739535.html\" target=\"_blank\" rel=\"noopener\">r\u00e9cente pi\u00e9tonnisation de sa rue.<\/a> \u00ab\u2009C\u2019est devenu un endroit extr\u00eamement passant et on a beaucoup de touristes\u2009\u00bb, se r\u00e9jouit la boutique, ouverte depuis cinq ans rue de l\u2019ancienne Pr\u00e9fecture.<\/p>\n<p>\u00ab\u2009Le c\u0153ur de la Presqu\u2019\u00eele est r\u00e9silient\u2009\u00bb<\/p>\n<p class=\" wall-content\">Mais d\u2019un commerce \u00e0 l\u2019autre, les discours changent parfois drastiquement. Difficile donc, pour <a href=\"https:\/\/actu.fr\/auvergne-rhone-alpes\/lyon_69123\/lyon-une-nouvelle-campagne-publicitaire-originale-des-commercants-de-la-presqu-ile_63025364.html\" target=\"_blank\" rel=\"noopener\">l\u2019association de commer\u00e7ants My Presqu\u2019\u00eele<\/a>, de dessiner une v\u00e9ritable tendance et, surtout, d\u2019analyser et de comprendre ces r\u00e9centes \u00e9volutions li\u00e9es aux habitudes de consommation.<\/p>\n<p class=\" wall-content\">\u00ab\u2009On se creuse la t\u00eate pour <strong>aller au-del\u00e0 de la perception<\/strong> et pour avoir des chiffres et des statistiques pr\u00e9cis sur les d\u00e9placements par exemple. On sait qu\u2019il va y avoir une nouvelle enqu\u00eate d\u2019ampleur comme il y avait eu apr\u00e8s Covid, en lien avec la Chambre de Commerce et d\u2019Industrie\u2009\u00bb, pr\u00e9cise sa pr\u00e9sidente, Johanna Benedetti.<\/p>\n<p class=\" wall-content\">Comme toujours, les commer\u00e7ants du centre-ville devront ainsi rapidement trouver comment s\u2019adapter \u00e0 ces changements s\u2019ils veulent survivre\u2026 \u00ab\u2009Mais le c\u0153ur de la Presqu\u2019\u00eele est r\u00e9silient\u2009\u00bb, tient \u00e0 rassurer, en guise de conclusion, l\u2019association.<\/p>\n<p class=\" wall-content\">Personnalisez votre actualit\u00e9 en ajoutant vos villes et m\u00e9dias en favori avec <a href=\"https:\/\/moncompte.actu.fr\" title=\"D\u00e9couvez Mon Actu\" rel=\"nofollow noopener\" data-trk=\"{&quot;cta&quot;:{&quot;action&quot;:&quot;https:\\\/\\\/moncompte.actu.fr&quot;,&quot;category&quot;:&quot;mon compte&quot;,&quot;from&quot;:&quot;article footer&quot;,&quot;name&quot;:&quot;Mon actu&quot;,&quot;type&quot;:&quot;cta&quot;}}\" target=\"_blank\">Mon Actu<\/a>.<\/p>\n","protected":false},"excerpt":{"rendered":"Par Ludivine Caporal Publi\u00e9 le 20 d\u00e9c. 2025 \u00e0 7h26 Perte de client\u00e8le la semaine, magasins surbond\u00e9s le&hellip;\n","protected":false},"author":2,"featured_media":611160,"comment_status":"","ping_status":"","sticky":false,"template":"","format":"standard","meta":{"footnotes":""},"categories":[1889],"tags":[1111,11,2430,215,1777,674,1011,27,2428,12,2922,2809,25,104],"class_list":{"0":"post-611159","1":"post","2":"type-post","3":"status-publish","4":"format-standard","5":"has-post-thumbnail","7":"category-lyon","8":"tag-actu","9":"tag-actualites","10":"tag-auvergne-rhone-alpes","11":"tag-commerce","12":"tag-eu","13":"tag-europe","14":"tag-fr","15":"tag-france","16":"tag-lyon","17":"tag-news","18":"tag-pouvoir-dachat","19":"tag-presquile","20":"tag-republique-francaise","21":"tag-societe"},"share_on_mastodon":{"url":"https:\/\/pubeurope.com\/@fr\/115750491528298362","error":""},"_links":{"self":[{"href":"https:\/\/www.europesays.com\/fr\/wp-json\/wp\/v2\/posts\/611159","targetHints":{"allow":["GET"]}}],"collection":[{"href":"https:\/\/www.europesays.com\/fr\/wp-json\/wp\/v2\/posts"}],"about":[{"href":"https:\/\/www.europesays.com\/fr\/wp-json\/wp\/v2\/types\/post"}],"author":[{"embeddable":true,"href":"https:\/\/www.europesays.com\/fr\/wp-json\/wp\/v2\/users\/2"}],"replies":[{"embeddable":true,"href":"https:\/\/www.europesays.com\/fr\/wp-json\/wp\/v2\/comments?post=611159"}],"version-history":[{"count":0,"href":"https:\/\/www.europesays.com\/fr\/wp-json\/wp\/v2\/posts\/611159\/revisions"}],"wp:featuredmedia":[{"embeddable":true,"href":"https:\/\/www.europesays.com\/fr\/wp-json\/wp\/v2\/media\/611160"}],"wp:attachment":[{"href":"https:\/\/www.europesays.com\/fr\/wp-json\/wp\/v2\/media?parent=611159"}],"wp:term":[{"taxonomy":"category","embeddable":true,"href":"https:\/\/www.europesays.com\/fr\/wp-json\/wp\/v2\/categories?post=611159"},{"taxonomy":"post_tag","embeddable":true,"href":"https:\/\/www.europesays.com\/fr\/wp-json\/wp\/v2\/tags?post=611159"}],"curies":[{"name":"wp","href":"https:\/\/api.w.org\/{rel}","templated":true}]}}