{"id":611161,"date":"2025-12-20T06:33:15","date_gmt":"2025-12-20T06:33:15","guid":{"rendered":"https:\/\/www.europesays.com\/fr\/611161\/"},"modified":"2025-12-20T06:33:15","modified_gmt":"2025-12-20T06:33:15","slug":"ces-sorties-gratuites-a-ne-pas-rater-a-paris-et-en-ile-de-france","status":"publish","type":"post","link":"https:\/\/www.europesays.com\/fr\/611161\/","title":{"rendered":"ces sorties gratuites \u00e0 ne pas rater \u00e0 Paris et en \u00cele-de-France"},"content":{"rendered":"<p>                    Par<br \/>\n        <strong><br \/>\n            <a href=\"https:\/\/actu.fr\/auteur\/redaction-paris\" title=\"Consulter tous les articles de R\u00e9daction Paris\" target=\"_blank\" rel=\"noopener\">R\u00e9daction Paris<\/a><br \/>\n                    <\/strong><\/p>\n<p>        Publi\u00e9 le<\/p>\n<p>            20 d\u00e9c. 2025 \u00e0 6h46        <\/p>\n<p>\u00c0 quelques jours de <a href=\"https:\/\/actu.fr\/tag\/noel\" target=\"_blank\" rel=\"noopener\">No\u00ebl<\/a>, Paris et l\u2019\u00cele-de-France sont \u00e9videmment tr\u00e8s anim\u00e9es avec des march\u00e9s de No\u00ebl, des <a href=\"https:\/\/actu.fr\/tag\/balade\" target=\"_blank\" rel=\"noopener\">balades<\/a> f\u00e9eriques et des exp\u00e9riences gratuites \u00e0 vivre ce samedi 20 et jusqu\u2019\u00e0 dimanche 21 d\u00e9cembre. Notre s\u00e9lection.\u00a0<\/p>\n<p>Notre s\u00e9lection de sorties gratuites \u00e0 Paris ce week-end<\/p>\n<ul class=\" wall-content\">\n<li>Sur le parvis de <strong>La D\u00e9fense<\/strong>, <a href=\"https:\/\/actu.fr\/ile-de-france\/puteaux_92062\/pour-ses-30-ans-le-marche-de-noel-de-la-defense-promet-d-etre-plus-grand-et-feerique-que-jamais_63429643.html\" target=\"_blank\" rel=\"noopener\">le march\u00e9<\/a> est le plus grand de la r\u00e9gion, avec ses chalets align\u00e9s et ses animations de fin d\u2019ann\u00e9e. M\u00eame sans consommer, la promenade reste possible et attire un public nombreux, notamment le samedi apr\u00e8s-midi et en d\u00e9but de soir\u00e9e.<\/li>\n<li>Dans Paris, le <strong>jardin des Tuileries<\/strong> accueille \u00e9galement son traditionnel march\u00e9 de No\u00ebl, ouvert au public, o\u00f9 l\u2019on peut fl\u00e2ner entre les stands et les d\u00e9corations, m\u00eame si certaines attractions sont payantes. Apr\u00e8s un an d\u2019interruption, le parvis de l\u2019H\u00f4tel de Ville accueille \u00e0 nouveau un march\u00e9 de No\u00ebl, baptis\u00e9 \u00ab\u2009la For\u00eat enchant\u00e9e\u2009\u00bb.<\/li>\n<li>Dans le 17\u1d49 arrondissement, le march\u00e9 de No\u00ebl de la <strong>Place Richard Baret<\/strong> propose jusqu\u2019\u00e0 dimanche des stands festifs devant la mairie, m\u00ealant produits artisanaux et gourmandises de saison dans une atmosph\u00e8re conviviale.\u00a0<\/li>\n<li>Les amateurs de balades peuvent aussi miser sur les <strong>illuminations de No\u00ebl<\/strong>, visibles gratuitement dans plusieurs quartiers de la capitale. Les <a href=\"https:\/\/actu.fr\/ile-de-france\/paris_75056\/on-est-dans-une-autre-dimension-a-paris-les-champs-elysees-veulent-reinventer-les-illuminations-de-noel_63427996.html\" target=\"_blank\" rel=\"noopener\">Champs-\u00c9lys\u00e9es<\/a>, l\u2019avenue Montaigne ou encore certains grands boulevards offrent un d\u00e9cor lumineux qui reste l\u2019une des sorties les plus simples et les plus populaires \u00e0 l\u2019approche des f\u00eates, surtout apr\u00e8s la tomb\u00e9e de la nuit.<\/li>\n<li>Si vous cherchez une ambiance plus originale, plusieurs <strong>pop-up et expositions urbaines<\/strong> enrichissent ce week-end : au 30 rue du Faubourg Saint-Antoine (12\u1d49), un pop-up de No\u00ebl \u00e0 la Galerie des Ateliers de Paris reste ouvert jusqu\u2019au dimanche, offrant une promenade artistique autour de cadeaux et cr\u00e9ations propres \u00e0 la capitale.\u00a0<\/li>\n<li>L\u2019\u00e9v\u00e9nement phare pour les fans de culture pop, c\u2019est sans doute <strong>L\u2019Appart de No\u00ebl<\/strong> de la Star Academy, un pop-up immersif gratuit install\u00e9 dans le Showroom Valmy (11\u1d49) o\u00f9 le public peut explorer des espaces th\u00e9matiques inspir\u00e9s de l\u2019\u00e9mission, participer \u00e0 des ateliers et prendre des photos dans un d\u00e9cor festif jusqu\u2019\u00e0 dimanche soir.<\/li>\n<li>En plein centre de Paris, ne ratez pas non plus le sapin et les illuminations des <strong>Galeries Lafayette Haussmann<\/strong>, qui attirent chaque ann\u00e9e des foules pour leurs vitrines spectaculaires et leur grande d\u00e9coration de No\u00ebl : une sortie gratuite, visuelle et tr\u00e8s photog\u00e9nique \u00e0 cette p\u00e9riode de l\u2019ann\u00e9e. Mais attention \u00e0 l\u2019affluence\u2026<\/li>\n<li>Pourquoi sinon, ne pas aller patiner chez le voisin ? La patinoire install\u00e9e sur le <strong>toit du Printemps Haussmann<\/strong> invite les visiteurs \u00e0 glisser tout en profitant d\u2019un panorama unique sur les toits de Paris, dans une ambiance hivernale et festive. Accessible sans billet (simple inscription sur place selon disponibilit\u00e9), cette patinoire en plein air au sommet d\u2019un grand magasin c\u00e9l\u00e8bre compl\u00e8te parfaitement les sorties de No\u00ebl et reste ouverte samedi et dimanche jusqu\u2019en fin d\u2019apr\u00e8s-midi.<\/li>\n<\/ul>\n<p class=\" wall-content\">Personnalisez votre actualit\u00e9 en ajoutant vos villes et m\u00e9dias en favori avec <a href=\"https:\/\/moncompte.actu.fr\" title=\"D\u00e9couvez Mon Actu\" rel=\"nofollow noopener\" data-trk=\"{&quot;cta&quot;:{&quot;action&quot;:&quot;https:\\\/\\\/moncompte.actu.fr&quot;,&quot;category&quot;:&quot;mon compte&quot;,&quot;from&quot;:&quot;article footer&quot;,&quot;name&quot;:&quot;Mon actu&quot;,&quot;type&quot;:&quot;cta&quot;}}\" target=\"_blank\">Mon Actu<\/a>.<\/p>\n","protected":false},"excerpt":{"rendered":"Par R\u00e9daction Paris Publi\u00e9 le 20 d\u00e9c. 2025 \u00e0 6h46 \u00c0 quelques jours de No\u00ebl, Paris et l\u2019\u00cele-de-France&hellip;\n","protected":false},"author":2,"featured_media":611162,"comment_status":"","ping_status":"","sticky":false,"template":"","format":"standard","meta":{"footnotes":""},"categories":[1592],"tags":[1111,11,1777,674,1011,27,662,1652,12,15830,626,25],"class_list":{"0":"post-611161","1":"post","2":"type-post","3":"status-publish","4":"format-standard","5":"has-post-thumbnail","7":"category-ile-de-france","8":"tag-actu","9":"tag-actualites","10":"tag-eu","11":"tag-europe","12":"tag-fr","13":"tag-france","14":"tag-ile-de-france","15":"tag-loisirs-culture","16":"tag-news","17":"tag-noel","18":"tag-paris","19":"tag-republique-francaise"},"share_on_mastodon":{"url":"https:\/\/pubeurope.com\/@fr\/115750502769209734","error":""},"_links":{"self":[{"href":"https:\/\/www.europesays.com\/fr\/wp-json\/wp\/v2\/posts\/611161","targetHints":{"allow":["GET"]}}],"collection":[{"href":"https:\/\/www.europesays.com\/fr\/wp-json\/wp\/v2\/posts"}],"about":[{"href":"https:\/\/www.europesays.com\/fr\/wp-json\/wp\/v2\/types\/post"}],"author":[{"embeddable":true,"href":"https:\/\/www.europesays.com\/fr\/wp-json\/wp\/v2\/users\/2"}],"replies":[{"embeddable":true,"href":"https:\/\/www.europesays.com\/fr\/wp-json\/wp\/v2\/comments?post=611161"}],"version-history":[{"count":0,"href":"https:\/\/www.europesays.com\/fr\/wp-json\/wp\/v2\/posts\/611161\/revisions"}],"wp:featuredmedia":[{"embeddable":true,"href":"https:\/\/www.europesays.com\/fr\/wp-json\/wp\/v2\/media\/611162"}],"wp:attachment":[{"href":"https:\/\/www.europesays.com\/fr\/wp-json\/wp\/v2\/media?parent=611161"}],"wp:term":[{"taxonomy":"category","embeddable":true,"href":"https:\/\/www.europesays.com\/fr\/wp-json\/wp\/v2\/categories?post=611161"},{"taxonomy":"post_tag","embeddable":true,"href":"https:\/\/www.europesays.com\/fr\/wp-json\/wp\/v2\/tags?post=611161"}],"curies":[{"name":"wp","href":"https:\/\/api.w.org\/{rel}","templated":true}]}}