{"id":611163,"date":"2025-12-20T06:34:15","date_gmt":"2025-12-20T06:34:15","guid":{"rendered":"https:\/\/www.europesays.com\/fr\/611163\/"},"modified":"2025-12-20T06:34:15","modified_gmt":"2025-12-20T06:34:15","slug":"a-paris-lase-retire-lagrement-dune-assistante-familiale","status":"publish","type":"post","link":"https:\/\/www.europesays.com\/fr\/611163\/","title":{"rendered":"\u00e0 Paris, l&rsquo;ASE retire l&rsquo;agr\u00e9ment d&rsquo;une assistante familiale"},"content":{"rendered":"<p>                    Par<br \/>\n        <strong><br \/>\n            <a href=\"https:\/\/actu.fr\/auteur\/redaction-paris\" title=\"Consulter tous les articles de R\u00e9daction Paris\" target=\"_blank\" rel=\"noopener\">R\u00e9daction Paris<\/a><br \/>\n                    <\/strong><\/p>\n<p>        Publi\u00e9 le<\/p>\n<p>            20 d\u00e9c. 2025 \u00e0 7h16        <\/p>\n<p>La <a href=\"https:\/\/actu.fr\/tag\/justice\" target=\"_blank\" rel=\"noopener\">justice<\/a> administrative a d\u00e9finitivement ferm\u00e9 la porte. Par un arr\u00eat rendu le 4 octobre 2025, la <strong>cour administrative d\u2019appel de Paris<\/strong> a confirm\u00e9 le retrait de l\u2019agr\u00e9ment d\u2019une assistante familiale employ\u00e9e par le Relais Al\u00e9sia, une structure de la fondation Droit d\u2019Enfance, qui travaillait pour l\u2019Aide sociale \u00e0 l\u2019enfance (<a href=\"https:\/\/actu.fr\/ile-de-france\/paris_75056\/paris-deux-nouveaux-enfants-tondus-dans-un-foyer-de-l-ase-la-mairie-saisit-la-justice_63595510.html\" target=\"_blank\" rel=\"noopener\">ASE<\/a>) de la <a href=\"https:\/\/actu.fr\/tag\/mairie-de-paris\" target=\"_blank\" rel=\"noopener\">Ville de Paris<\/a>. Une d\u00e9cision lourde de cons\u00e9quences : sans cet agr\u00e9ment, impossible pour un assistant familial d\u2019accueillir des enfants plac\u00e9s.<\/p>\n<p>Des pratiques professionnelles \u00e0 l\u2019origine de la perte de l\u2019agr\u00e9ment<\/p>\n<p class=\" wall-content\">L\u2019affaire remonte \u00e0 novembre 2021, lorsqu\u2019un signalement est adress\u00e9 \u00e0 la mairie de Paris par le service d\u2019accueil familial qui l\u2019emploie. Les \u00ab pratiques professionnelles \u00bb de la salari\u00e9e ne permettraient plus, selon l\u2019employeur, de \u00ab garantir la s\u00e9curit\u00e9, la sant\u00e9 et l\u2019\u00e9panouissement des enfants accueillis \u00bb. Un an plus tard, en novembre 2022, la Ville retire formellement l\u2019agr\u00e9ment.<\/p>\n<p class=\" wall-content\">Tr\u00e8s vite, l\u2019assistante familiale saisit la justice. D\u00e8s janvier 2023, elle engage un r\u00e9f\u00e9r\u00e9 devant le <a href=\"https:\/\/actu.fr\/tag\/tribunal-administratif-de-paris\" target=\"_blank\" rel=\"noopener\">tribunal administratif de Paris<\/a>, expliquant que la perte de son agr\u00e9ment entra\u00eene une chute brutale de ses revenus, son salaire constituant une part \u00ab substantielle \u00bb des ressources de son foyer.<\/p>\n<p class=\" wall-content\">Mais le juge rejette sa demande : elle ne fournit aucun document pr\u00e9cis sur sa situation financi\u00e8re, ni sur la composition de son foyer, ni sur d\u2019\u00e9ventuelles allocations per\u00e7ues. Une premi\u00e8re alerte sur la fragilit\u00e9 de son dossier, relev\u00e9e dans une ordonnance dat\u00e9e du 23 janvier 2023.\u00a0<\/p>\n<p>L\u2019assistante familiale d\u00e9clare avoir des \u00ab\u00a0visions\u00a0\u00bb<\/p>\n<p class=\" wall-content\">Au-del\u00e0 de l\u2019aspect financier, c\u2019est surtout le fond du dossier qui interpelle. Lors de l\u2019instruction men\u00e9e par les services de l\u2019ASE puis par les juges, plusieurs \u00e9l\u00e9ments issus d\u2019\u00e9valuations psychologiques sont vers\u00e9s au d\u00e9bat. La requ\u00e9rante d\u00e9clare \u00e0 plusieurs reprises avoir des \u00ab visions \u00bb. Un psychologue la d\u00e9crit comme \u00ab tr\u00e8s envahie \u00bb par le th\u00e8me de la sorcellerie, qui \u00ab occupe beaucoup de place dans son discours et dans sa pens\u00e9e \u00bb.\u00a0<\/p>\n<p class=\" wall-content\">Selon ce professionnel, l\u2019assistante familiale explique craindre d\u2019\u00eatre victime de sortil\u00e8ges, notamment de la part de la m\u00e8re de l\u2019enfant confi\u00e9. Elle affirme \u00ab lire beaucoup \u00bb sur ces sujets et d\u00e9clare \u00ab voir elle aussi ce que l\u2019enfant voit \u00bb : \u00ab des gens passer \u00e0 travers le mur \u00bb. Ces propos, consign\u00e9s dans les comptes rendus d\u2019entretien, inqui\u00e8tent les services sociaux, d\u2019autant qu\u2019ils concernent un enfant d\u00e9j\u00e0 fragilis\u00e9 par son parcours.\u00a0<\/p>\n<p class=\" wall-content\">Devant les juges, la requ\u00e9rante produit pourtant un certificat m\u00e9dical \u00e9manant d\u2019un psychiatre, indiquant qu\u2019elle ne pr\u00e9sente pas de \u00ab troubles n\u00e9vrotiques ou d\u2019\u00e9l\u00e9ments psychopathiques \u00bb. Un document jug\u00e9 insuffisant pour lever les inqui\u00e9tudes. Le tribunal rel\u00e8ve qu\u2019elle a elle-m\u00eame affirm\u00e9 que \u00ab la majorit\u00e9 des enfants \u00bb qu\u2019elle avait accueillis voyaient des personnes \u00ab entrer et sortir des murs \u00bb.<\/p>\n<p>Votre r\u00e9gion, votre actu !<\/p>\n<p>Recevez chaque jour les infos qui comptent pour vous.<\/p>\n<p>\t<a href=\"https:\/\/actu.fr\/newsletter\" class=\"ac-btn ac-btn--corner ac-btn--medium ac-btn--blue800\" target=\"_blank\" rel=\"noopener\">S&rsquo;incrire<\/a><\/p>\n<p class=\" wall-content\">Plus troublant encore, la justice note l\u2019usage de pratiques destin\u00e9es \u00e0 \u00ab apaiser \u00bb l\u2019enfant : immersion dans des bains d\u2019eau sal\u00e9e, pri\u00e8res faites en commun. Des m\u00e9thodes explicitement mentionn\u00e9es dans le jugement, qui posent question au regard du cadre strict et la\u00efque de l\u2019accueil familial.\u00a0<\/p>\n<p>Proximit\u00e9 excessive et logement inadapt\u00e9<\/p>\n<p class=\" wall-content\">La cour administrative d\u2019appel reprend ces constats et va plus loin. Elle estime que l\u2019assistante familiale a entretenu une \u00ab trop grande proximit\u00e9 \u00bb avec l\u2019enfant, tant sur le plan mat\u00e9riel qu\u2019affectif, au point de confondre ses propres besoins et son ressenti avec ceux du mineur accueilli. Une posture jug\u00e9e envahissante, qui ne favorise ni l\u2019autonomie ni la construction de l\u2019enfant.\u00a0<\/p>\n<p class=\" wall-content\">\u00c0 ces \u00e9l\u00e9ments s\u2019ajoutent des griefs plus concrets. Les services de la Ville de Paris reprochent une organisation du logement inadapt\u00e9e. Dans ce trois-pi\u00e8ces, l\u2019assistante familiale a accueilli sa fille de 24 ans sans en informer pr\u00e9alablement l\u2019ASE. Celle-ci partage alors sa chambre avec l\u2019enfant plac\u00e9, dans un espace jug\u00e9 trop exigu. Un manquement aux r\u00e8gles strictes encadrant l\u2019accueil familial.\u00a0<\/p>\n<p class=\" wall-content\">Enfin, la cour confirme l\u2019existence d\u2019un \u00ab dialogue non r\u00e9el \u00bb avec l\u2019ASE. Malgr\u00e9 une volont\u00e9 affich\u00e9e de discuter, l\u2019int\u00e9ress\u00e9e aurait refus\u00e9 toute remise en question de ses pratiques, compliquant le suivi et l\u2019accompagnement par les services sociaux.<\/p>\n<p class=\" wall-content\">L\u2019ancienne assistante familiale dispose d\u00e9sormais d\u2019un ultime recours : saisir le Conseil d\u2019\u00c9tat avant le 24 d\u00e9cembre 2025. Sans garantie de succ\u00e8s.\u00a0<\/p>\n<p class=\" wall-content\"><strong>GF\/PressPepper<\/strong><\/p>\n<p class=\" wall-content\">Personnalisez votre actualit\u00e9 en ajoutant vos villes et m\u00e9dias en favori avec <a href=\"https:\/\/moncompte.actu.fr\" title=\"D\u00e9couvez Mon Actu\" rel=\"nofollow noopener\" data-trk=\"{&quot;cta&quot;:{&quot;action&quot;:&quot;https:\\\/\\\/moncompte.actu.fr&quot;,&quot;category&quot;:&quot;mon compte&quot;,&quot;from&quot;:&quot;article footer&quot;,&quot;name&quot;:&quot;Mon actu&quot;,&quot;type&quot;:&quot;cta&quot;}}\" target=\"_blank\">Mon Actu<\/a>.<\/p>\n","protected":false},"excerpt":{"rendered":"Par R\u00e9daction Paris Publi\u00e9 le 20 d\u00e9c. 2025 \u00e0 7h16 La justice administrative a d\u00e9finitivement ferm\u00e9 la porte.&hellip;\n","protected":false},"author":2,"featured_media":611164,"comment_status":"","ping_status":"","sticky":false,"template":"","format":"standard","meta":{"footnotes":""},"categories":[1888],"tags":[1111,1928,11,1927,1777,674,652,1011,27,2381,12,1926,626,1925,25,104,22321],"class_list":{"0":"post-611163","1":"post","2":"type-post","3":"status-publish","4":"format-standard","5":"has-post-thumbnail","7":"category-paris","8":"tag-actu","9":"tag-actu-paris","10":"tag-actualites","11":"tag-actualites-paris","12":"tag-eu","13":"tag-europe","14":"tag-famille","15":"tag-fr","16":"tag-france","17":"tag-mairie-de-paris","18":"tag-news","19":"tag-news-paris","20":"tag-paris","21":"tag-paris-news","22":"tag-republique-francaise","23":"tag-societe","24":"tag-tribunal-administratif-de-paris"},"share_on_mastodon":{"url":"https:\/\/pubeurope.com\/@fr\/115750506654325428","error":""},"_links":{"self":[{"href":"https:\/\/www.europesays.com\/fr\/wp-json\/wp\/v2\/posts\/611163","targetHints":{"allow":["GET"]}}],"collection":[{"href":"https:\/\/www.europesays.com\/fr\/wp-json\/wp\/v2\/posts"}],"about":[{"href":"https:\/\/www.europesays.com\/fr\/wp-json\/wp\/v2\/types\/post"}],"author":[{"embeddable":true,"href":"https:\/\/www.europesays.com\/fr\/wp-json\/wp\/v2\/users\/2"}],"replies":[{"embeddable":true,"href":"https:\/\/www.europesays.com\/fr\/wp-json\/wp\/v2\/comments?post=611163"}],"version-history":[{"count":0,"href":"https:\/\/www.europesays.com\/fr\/wp-json\/wp\/v2\/posts\/611163\/revisions"}],"wp:featuredmedia":[{"embeddable":true,"href":"https:\/\/www.europesays.com\/fr\/wp-json\/wp\/v2\/media\/611164"}],"wp:attachment":[{"href":"https:\/\/www.europesays.com\/fr\/wp-json\/wp\/v2\/media?parent=611163"}],"wp:term":[{"taxonomy":"category","embeddable":true,"href":"https:\/\/www.europesays.com\/fr\/wp-json\/wp\/v2\/categories?post=611163"},{"taxonomy":"post_tag","embeddable":true,"href":"https:\/\/www.europesays.com\/fr\/wp-json\/wp\/v2\/tags?post=611163"}],"curies":[{"name":"wp","href":"https:\/\/api.w.org\/{rel}","templated":true}]}}