{"id":611167,"date":"2025-12-20T06:36:52","date_gmt":"2025-12-20T06:36:52","guid":{"rendered":"https:\/\/www.europesays.com\/fr\/611167\/"},"modified":"2025-12-20T06:36:52","modified_gmt":"2025-12-20T06:36:52","slug":"8-adresses-insolites-et-feeriques-ou-denicher-des-cadeaux-de-noel-uniques-a-paris","status":"publish","type":"post","link":"https:\/\/www.europesays.com\/fr\/611167\/","title":{"rendered":"8 adresses insolites et f\u00e9\u00e9riques o\u00f9 d\u00e9nicher des cadeaux de No\u00ebl uniques \u00e0 Paris"},"content":{"rendered":"<p>\t\t\t\t\t\t\t\t\t\t\t\t\t\t\t\t\t\t\t\t\t\t<img loading=\"lazy\" decoding=\"async\" src=\"https:\/\/www.europesays.com\/fr\/wp-content\/uploads\/2025\/12\/BRANDS-COUV-ARTICLES-1920x1080-1-4-1024x576.jpg\" class=\"img-fluid\" alt=\"boutiques insolites o\u00f9 d\u00e9nicher vos cadeaux de No\u00ebl \u00e0 Paris Marin Montagut\" width=\"1024\" height=\"576\"\/><br \/>\n\t\t\t\t\t\t\t\t\t\t\t\t\t\t\t\t\t\t\t\t\t\t\u00a9 Marin Montagut<\/p>\n<p>    Save<\/p>\n<p>Votre hotte est encore un peu vide ? Pas d\u2019inqui\u00e9tude : nous avons enfil\u00e9 nos bottes de P\u00e8re No\u00ebl pour parcourir Paris \u00e0 la recherche<strong> des boutiques les plus originales<\/strong> <strong>o\u00f9 d\u00e9nicher vos cadeaux de No\u00ebl<\/strong>. Au programme : des adresses pleines de go\u00fbt, m\u00ealant cr\u00e9ations artisanales, objets hauts en couleur et jolies trouvailles. De quoi d\u00e9nicher des p\u00e9pites et <strong>faire plaisir \u00e0 coup s\u00fbr<\/strong> !<\/p>\n<p> Empreintes <img fetchpriority=\"high\" decoding=\"async\" class=\"size-full wp-image-224598\" src=\"https:\/\/www.europesays.com\/fr\/wp-content\/uploads\/2025\/12\/BRANDS-COUV-ARTICLES-1920x1080-1-3.jpg\" alt=\"concept store EMPREINTES PARIS\" width=\"1200\" height=\"675\"  \/>\u00a9 EMPREINTES PARIS <\/p>\n<p>Nich\u00e9e au fond d\u2019une \u00e9l\u00e9gante cour du 3e arrondissement, le <a href=\"https:\/\/www.empreintes-paris.com\/?srsltid=AfmBOooQTC3HFkDo1VBo_yIDB-tXomVWZAJ3lcBtQnvP6MPfqzufNEeo\" rel=\"nofollow noopener\" target=\"_blank\" class=\"shortcode-outbound-link\" data-has-ga=\"true\" data-ga-type=\"click\" data-label=\"https:\/\/www.empreintes-paris.com\/?srsltid=AfmBOooQTC3HFkDo1VBo_yIDB-tXomVWZAJ3lcBtQnvP6MPfqzufNEeo\" data-action=\"text_cta_0\" data-category=\"click_non_sales\"><strong>concept-store Empreintes<\/strong><\/a> est un v\u00e9ritable <strong>temple des m\u00e9tiers d\u2019art<\/strong>. Sur 3 \u00e9tages, on retrouve ici <strong>plus de 1000 cr\u00e9ations<\/strong>, toutes plus originales les unes que les autres. Bijoux en cocons de soie, luminaires en papier, tableaux v\u00e9g\u00e9taux\u2026 De v\u00e9ritables<strong> oeuvres d\u2019art, made in France <\/strong>et fa\u00e7onn\u00e9es \u00e0 la main, pour des cadeaux vraiment uniques. Cerise sur le g\u00e2teau : les lieux comprennent \u00e9galement une galerie o\u00f9 flaner en admirant les oeuvres. Une \u00f4de \u00e0 la beaut\u00e9 !<\/p>\n<p>\ud83d\udccd<strong> O\u00f9 ?<\/strong> 5 rue de Picardie, 75003 Paris<\/p>\n<p><strong>\ud83c\udf81 Le cadeau qu\u2019on met sur notre wishlist :<\/strong> les vases en papier d\u2019\u00c9tienne Viollet, imperm\u00e9abilis\u00e9s \u00e0 la cire d\u2019abeille et d\u00e9licatement illustr\u00e9s.<\/p>\n<p> Marin Montagut <img loading=\"lazy\" decoding=\"async\" class=\"size-full wp-image-119121\" src=\"https:\/\/www.europesays.com\/fr\/wp-content\/uploads\/2025\/12\/BRANDS-COUV-ARTICLES-1920x1080-4.jpg\" alt=\"boutiques insolites Paris cadeaux de No\u00ebl 2\" width=\"1200\" height=\"675\"  \/>\u00a9 Marin Montagut <\/p>\n<p>\u00c0 deux pas du Jardin du Luxembourg, l\u2019illustrateur et designer <a href=\"https:\/\/www.marinmontagut.com\/\" rel=\"nofollow noopener\" target=\"_blank\" class=\"shortcode-outbound-link\" data-has-ga=\"true\" data-ga-type=\"click\" data-label=\"https:\/\/www.marinmontagut.com\/\" data-action=\"text_cta_1\" data-category=\"click_non_sales\"><strong>Marin Montagut<\/strong><\/a> d\u00e9voile son univers po\u00e9tique. Un <strong>magasin de merveilles<\/strong> o\u00f9 le fait-maison, les belles mati\u00e8res et le savoir-faire sont rois. Carafes illustr\u00e9es, d\u00e9licates porcelaines, coussins, bougies, verrerie, papeterie faits \u00e0 la main\u2026 Chaque objet c\u00e9l\u00e8bre <strong>l\u2019art de vivre \u00e0 la fran\u00e7aise<\/strong> et rend joliment image \u00e0 la capitale. Des cadeaux souvenirs de Paris comme vous n\u2019en verrez nulle part ailleurs !<\/p>\n<p>\ud83d\udccd<strong> O\u00f9 ?<\/strong> 48 rue Madame, 75006 Paris<br \/><strong>\ud83c\udf81 Le cadeau qu\u2019on met sur notre wishlist :<\/strong> un foulard en soie aussi beau qu\u2019un tableau, comme le \u201c<a href=\"https:\/\/www.marinmontagut.com\/products\/foulard-paris-merveilleux?collection=foulards\" rel=\"nofollow noopener\" target=\"_blank\" class=\"shortcode-outbound-link\" data-has-ga=\"true\" data-ga-type=\"click\" data-label=\"https:\/\/www.marinmontagut.com\/products\/foulard-paris-merveilleux?collection=foulards\" data-action=\"text_cta_2\" data-category=\"click_non_sales\">Paris merveilleux<\/a>\u201d, qu\u2019on ne se lasse pas d\u2019admirer.<\/p>\n<p> Le Bazar d\u2019Alger <img loading=\"lazy\" decoding=\"async\" class=\"size-full wp-image-119127\" src=\"https:\/\/www.europesays.com\/fr\/wp-content\/uploads\/2025\/12\/BRANDS-COUV-ARTICLES-1920x1080-9.jpg\" alt=\"Cadeaux de No\u00ebl insolites Bazar d\u2019Alger\" width=\"1200\" height=\"675\"  \/>\u00a9 Bazar d\u2019Alger <\/p>\n<p>Et si vous offriez un cadeau de No\u00ebl <strong>de seconde main <\/strong>? Mais pas n\u2019importe lequel : de la vaisselle chin\u00e9e en France ou en Europe, d\u00e9licatement sublim\u00e9e \u00e0 la peinture d\u2019or ou de la platine au <a href=\"https:\/\/bazardalger.com\/\" rel=\"nofollow noopener\" target=\"_blank\" class=\"shortcode-outbound-link\" data-has-ga=\"true\" data-ga-type=\"click\" data-label=\"https:\/\/bazardalger.com\/\" data-action=\"text_cta_3\" data-category=\"click_non_sales\"><strong>Bazar d\u2019Alger<\/strong><\/a>. Ancien illustrateur, Arnold d\u2019Alger a cr\u00e9\u00e9 son \u00ab bazar\u201d afin de raviver des c\u00e9ramiques oubli\u00e9es. Mission plus que r\u00e9ussie : ses dessins oniriques, souvent inspir\u00e9s de la faune ou la flore, transforment assiettes, tasses et vases en <strong>v\u00e9ritables \u0153uvres d\u2019art \u00e0 glisser sous le sapin<\/strong>.<\/p>\n<p><strong>\ud83d\udccd O\u00f9 ?<\/strong> 11 Rue du Faubourg Saint-Martin, 75010 Paris<br \/><strong>\ud83c\udf81 Le cadeau qu\u2019on met sur notre wishlist :<\/strong> des <a href=\"https:\/\/bazardalger.com\/decouvrir-la-boutique\/\" rel=\"nofollow noopener\" target=\"_blank\" class=\"shortcode-outbound-link\" data-has-ga=\"true\" data-ga-type=\"click\" data-label=\"https:\/\/bazardalger.com\/decouvrir-la-boutique\/\" data-action=\"text_cta_4\" data-category=\"click_non_sales\">assiettes fa\u00e7on kintsugi<\/a> ou \u2013 dans nos r\u00eaves les plus fous \u2013 d\u2019immenses vases aux motifs marins, fa\u00e7on amphores perses. Sublimes !<\/p>\n<p> Fleux <img loading=\"lazy\" decoding=\"async\" class=\"size-full wp-image-119125\" src=\"https:\/\/www.europesays.com\/fr\/wp-content\/uploads\/2025\/12\/1766212604_657_BRANDS-COUV-ARTICLES-1920x1080-1-3.jpg\" alt=\"Fleux\" width=\"1200\" height=\"675\"  \/>\u00a9 Fleux <\/p>\n<p>On ne pr\u00e9sente plus <a href=\"https:\/\/www.fleux.com\/\" rel=\"nofollow noopener\" target=\"_blank\" class=\"shortcode-outbound-link\" data-has-ga=\"true\" data-ga-type=\"click\" data-label=\"https:\/\/www.fleux.com\/\" data-action=\"text_cta_5\" data-category=\"click_non_sales\"><strong>Fleux<\/strong><\/a>, concept store du Marais bien connu des amoureux de d\u00e9co. Rue Sainte-Croix de la Bretonnerie, il se d\u00e9cline en 5 boutiques : objets fantaisie, enfants, lifestyle urbain, mobilier et luminaires, ou encore nature. Au fil des rayons, laissez-vous charmer par des <strong>articles color\u00e9s et hyper tendance<\/strong>, voire irr\u00e9sistiblement kitsch. Vous trouverez forc\u00e9ment votre bonheur dans cette caverne d\u2019Ali Baba instagrammable, qui fourmille d\u2019id\u00e9es-cadeaux pour petits et grands.<\/p>\n<ul>\n<li><strong>\ud83d\udccd O\u00f9 ?<\/strong> au 39, 40 et 52 de la rue Sainte-Croix de la Bretonnerie, 75004 Paris<\/li>\n<li><strong>\ud83c\udf81 Le cadeau qu\u2019on met sur notre wishlist :<\/strong> des verres \u00e0 vin multicolores pour mettre un peu de couleur dans la grisaille hivernale.<\/li>\n<\/ul>\n<p> Image Republic <img loading=\"lazy\" decoding=\"async\" class=\"size-full wp-image-119123\" src=\"https:\/\/www.europesays.com\/fr\/wp-content\/uploads\/2025\/12\/BRANDS-COUV-ARTICLES-1920x1080-6.jpg\" alt=\"Image Republic Paris\" width=\"1200\" height=\"675\"  \/>\u00a9 Image Republic <\/p>\n<p>Pour r\u00e9chauffer les int\u00e9rieurs (et les c\u0153urs), rien de tel qu\u2019un joli cadeau d\u00e9co pour No\u00ebl. Pour cela, on vous recommande de faire un tour chez <a href=\"https:\/\/image-republic.com\/fr\/\" rel=\"nofollow noopener\" target=\"_blank\" class=\"shortcode-outbound-link\" data-has-ga=\"true\" data-ga-type=\"click\" data-label=\"https:\/\/image-republic.com\/fr\/\" data-action=\"text_cta_6\" data-category=\"click_non_sales\"><strong>Image Republic<\/strong><\/a>. Leur boutique du 6\u1d49 regorge d\u2019affiches, aux th\u00e8mes multiples : <strong>art graphique, photos, dessin vintage<\/strong>\u2026 Des visuels color\u00e9s qui se d\u00e9clinent en cartes postales ou <strong>puzzles<\/strong>. Et pour votre Secret Santa du bureau, pourquoi pas opter pour un <strong>mug<\/strong> avec une phrase entendue par Lo\u00efc Prigent ? \u201cCe qui est terrible, c\u2019est le succ\u00e8s.\u201d : de quoi impressionner \u00e0 la machine \u00e0 caf\u00e9 !<\/p>\n<ul>\n<li><strong>\ud83d\udccd O\u00f9 ?<\/strong> 4 rue du Cherche-Midi, 75006 Paris<\/li>\n<li><strong>\ud83c\udf81 Le cadeau qu\u2019on met sur notre wishlist :<\/strong> une affiche \u201c<a href=\"https:\/\/image-republic.com\/fr\/15-the-parisianer\" rel=\"nofollow noopener\" target=\"_blank\" class=\"shortcode-outbound-link\" data-has-ga=\"true\" data-ga-type=\"click\" data-label=\"https:\/\/image-republic.com\/fr\/15-the-parisianer\" data-action=\"text_cta_7\" data-category=\"click_non_sales\">The Parisianer<\/a>\u201d, un magazine imaginaire avec de sublimes couvertures aux multiples facettes, tant\u00f4t po\u00e9tiques ou humoristiques.<\/li>\n<\/ul>\n<p> 4. Taschen <img loading=\"lazy\" decoding=\"async\" class=\"size-full wp-image-119128\" src=\"https:\/\/www.europesays.com\/fr\/wp-content\/uploads\/2025\/12\/BRANDS-COUV-ARTICLES-1920x1080-11.jpg\" alt=\"Taschen Paris\" width=\"1200\" height=\"675\"  \/>\u00a9 Taschen <\/p>\n<p>Au c\u0153ur de Saint-Germain-des-Pr\u00e9s, la librairie <a href=\"https:\/\/www.taschen.com\/fr\/stores\/paris\/\" rel=\"nofollow noopener\" target=\"_blank\" class=\"shortcode-outbound-link\" data-has-ga=\"true\" data-ga-type=\"click\" data-label=\"https:\/\/www.taschen.com\/fr\/stores\/paris\/\" data-action=\"text_cta_8\" data-category=\"click_non_sales\"><strong>Taschen<\/strong><\/a> transforme les livres en \u0153uvre d\u2019art. Rien que \u00e7a ! En entrant dans la boutique, on se croirait presque dans un <strong>mus\u00e9e d\u2019art moderne<\/strong>, entour\u00e9 du d\u00e9cor design sign\u00e9 Philippe Starck. Le lieu id\u00e9al pour fl\u00e2ner en feuilletant les <strong>livres d\u2019architecture, de voyage ou de mode<\/strong>, selon le sujet de pr\u00e9dilection de votre destinataire\u2026 qui exposera ensuite fi\u00e8rement son cadeau de No\u00ebl sur sa table basse.<\/p>\n<ul>\n<li><strong>\ud83d\udccd O\u00f9 ?<\/strong> 2 rue de Buci, 75006 Paris<\/li>\n<li><strong>\ud83c\udf81 Le cadeau qu\u2019on met sur notre wishlist :<\/strong> un livre photo sur Paris par Robert Doisneau : des photos iconiques, qu\u2019on ne lassera jamais de revoir.<\/li>\n<\/ul>\n<p> Miyakodori <\/p>\n<p><img loading=\"lazy\" decoding=\"async\" class=\"alignnone size-full wp-image-119129\" src=\"https:\/\/www.europesays.com\/fr\/wp-content\/uploads\/2025\/12\/BRANDS-COUV-ARTICLES-1920x1080-1-4.jpg\" alt=\"Miyakodori\" width=\"1200\" height=\"675\"  \/><\/p>\n<p>Direction le Japon sans quitter Paris ! Chez <a href=\"https:\/\/www.miyakodori.fr\/\" rel=\"nofollow noopener\" target=\"_blank\" class=\"shortcode-outbound-link\" data-has-ga=\"true\" data-ga-type=\"click\" data-label=\"https:\/\/www.miyakodori.fr\/\" data-action=\"text_cta_9\" data-category=\"click_non_sales\"><strong>Miyakodori<\/strong><\/a>, vous trouverez des centaines d\u2019articles autour de l\u2019artisanat japonais : vaisselle traditionnelle, porte-encens, furoshikis\u2026 Mais l\u2019adresse fait surtout part belle au \u201cmaneki neko\u201d, ce chat japonais qui attrape le bonheur d\u2019un coup de patte. Il se d\u00e9cline ici partout, sous toutes ses formes. Le cadeau id\u00e9al pour les fans de culture japonaise et les superstitieux ! D\u00e9finitivement l\u2019une des boutiques les plus insolites de Paris pour les cadeaux de No\u00ebl.<\/p>\n<ul>\n<li><strong>\ud83d\udccd O\u00f9 ?<\/strong> 1 impasse Gu\u00e9m\u00e9n\u00e9e, 75004 Paris<\/li>\n<li><strong>\ud83c\udf81 Le cadeau qu\u2019on met sur notre wishlist :<\/strong> un maneki neko (\u00e9videmment) ou une jolie bo\u00eete \u00e0 bento m\u00e9tallis\u00e9e pour sublimer nos d\u00e9jeuners.<\/li>\n<\/ul>\n<p> 8. TWINS \u2013 boutiques insolites cadeaux de No\u00ebl Paris <img loading=\"lazy\" decoding=\"async\" class=\"size-full wp-image-119122\" src=\"https:\/\/www.europesays.com\/fr\/wp-content\/uploads\/2025\/12\/BRANDS-COUV-ARTICLES-1920x1080-5.jpg\" alt=\"TWINS concept store Paris\" width=\"1200\" height=\"675\"  \/>\u00a9 TWINS <\/p>\n<p>Valoriser des marques et des jeunes cr\u00e9ateurs fran\u00e7ais : tel est le cr\u00e9do de <a href=\"https:\/\/www.twinsconceptstore.com\/\" rel=\"nofollow noopener\" target=\"_blank\" class=\"shortcode-outbound-link\" data-has-ga=\"true\" data-ga-type=\"click\" data-label=\"https:\/\/www.twinsconceptstore.com\/\" data-action=\"text_cta_10\" data-category=\"click_non_sales\"><strong>TWINS<\/strong><\/a>, \u00e9l\u00e9gant concept-store nich\u00e9 au c\u0153ur du 3\u1d49. Au programme ? Des<strong> v\u00eatements<\/strong>, des<strong> objets d\u00e9co design <\/strong>et de<strong> jolis accessoires<\/strong>. De quoi remplir votre hotte pour toute la famille, avant de vous octroyer une <strong>pause-caf\u00e9<\/strong> au comptoir Paris-Lisbonne. Pasteis de nata inclus, bien s\u00fbr !<\/p>\n<ul>\n<li><strong>\ud83d\udccd O\u00f9<\/strong> ? 7 rue B\u00e9ranger, 75003 Paris<\/li>\n<li><strong>\ud83c\udf81 Le cadeau qu\u2019on met sur notre wishlist :<\/strong> une <a href=\"https:\/\/www.twinsconceptstore.com\/deco\/p\/carafe-vin-topographic-mont-everest-alaskan-maker\" rel=\"nofollow noopener\" target=\"_blank\" class=\"shortcode-outbound-link\" data-has-ga=\"true\" data-ga-type=\"click\" data-label=\"https:\/\/www.twinsconceptstore.com\/deco\/p\/carafe-vin-topographic-mont-everest-alaskan-maker\" data-action=\"text_cta_11\" data-category=\"click_non_sales\">carafe \u00e0 vin TOPOGRAPHIC<\/a> renfermant le mont Everest, pour des ap\u00e9ritifs au sommet.<\/li>\n<\/ul>\n","protected":false},"excerpt":{"rendered":"\u00a9 Marin Montagut Save Votre hotte est encore un peu vide ? Pas d\u2019inqui\u00e9tude : nous avons enfil\u00e9&hellip;\n","protected":false},"author":2,"featured_media":611168,"comment_status":"","ping_status":"","sticky":false,"template":"","format":"standard","meta":{"footnotes":""},"categories":[1888],"tags":[11,1777,674,1011,27,12,626,25],"class_list":{"0":"post-611167","1":"post","2":"type-post","3":"status-publish","4":"format-standard","5":"has-post-thumbnail","7":"category-paris","8":"tag-actualites","9":"tag-eu","10":"tag-europe","11":"tag-fr","12":"tag-france","13":"tag-news","14":"tag-paris","15":"tag-republique-francaise"},"share_on_mastodon":{"url":"https:\/\/pubeurope.com\/@fr\/115750519683926644","error":""},"_links":{"self":[{"href":"https:\/\/www.europesays.com\/fr\/wp-json\/wp\/v2\/posts\/611167","targetHints":{"allow":["GET"]}}],"collection":[{"href":"https:\/\/www.europesays.com\/fr\/wp-json\/wp\/v2\/posts"}],"about":[{"href":"https:\/\/www.europesays.com\/fr\/wp-json\/wp\/v2\/types\/post"}],"author":[{"embeddable":true,"href":"https:\/\/www.europesays.com\/fr\/wp-json\/wp\/v2\/users\/2"}],"replies":[{"embeddable":true,"href":"https:\/\/www.europesays.com\/fr\/wp-json\/wp\/v2\/comments?post=611167"}],"version-history":[{"count":0,"href":"https:\/\/www.europesays.com\/fr\/wp-json\/wp\/v2\/posts\/611167\/revisions"}],"wp:featuredmedia":[{"embeddable":true,"href":"https:\/\/www.europesays.com\/fr\/wp-json\/wp\/v2\/media\/611168"}],"wp:attachment":[{"href":"https:\/\/www.europesays.com\/fr\/wp-json\/wp\/v2\/media?parent=611167"}],"wp:term":[{"taxonomy":"category","embeddable":true,"href":"https:\/\/www.europesays.com\/fr\/wp-json\/wp\/v2\/categories?post=611167"},{"taxonomy":"post_tag","embeddable":true,"href":"https:\/\/www.europesays.com\/fr\/wp-json\/wp\/v2\/tags?post=611167"}],"curies":[{"name":"wp","href":"https:\/\/api.w.org\/{rel}","templated":true}]}}