{"id":611169,"date":"2025-12-20T06:38:24","date_gmt":"2025-12-20T06:38:24","guid":{"rendered":"https:\/\/www.europesays.com\/fr\/611169\/"},"modified":"2025-12-20T06:38:24","modified_gmt":"2025-12-20T06:38:24","slug":"municipales-2026-a-paris-ce-que-proposent-les-candidats-pour-rendre-la-capitale-plus-propre","status":"publish","type":"post","link":"https:\/\/www.europesays.com\/fr\/611169\/","title":{"rendered":"Municipales 2026 \u00e0 Paris\u00a0: ce que proposent les candidats pour rendre la capitale plus propre"},"content":{"rendered":"<p class=\"paragraph text_align_left lp-f-body-02\">La propret\u00e9 : le sujet sera sans nul doute un enjeu des futures<a href=\"https:\/\/www.leparisien.fr\/elections\/municipales\/municipales-paris\/\" target=\"_blank\" rel=\"noreferrer noopener\"> \u00e9lections municipales des 15 et 22 mars 2026 \u00e0 Paris<\/a>. C\u2019est en tout cas le point du bilan d\u2019Anne Hidalgo sur lequel les Parisiens se montrent le plus critiques (71 % de \u00ab plut\u00f4t m\u00e9contents \u00bb ou \u00ab tr\u00e8s m\u00e9contents \u00bb), <a href=\"https:\/\/www.leparisien.fr\/paris-75\/securite-proprete-les-parisiens-mecontents-du-bilan-danne-hidalgo-pour-leur-quotidien-13-12-2025-L556DZJTABFSRIM2EFLPA5DN6E.php\" target=\"_self\" rel=\"noopener\">selon notre r\u00e9cent sondage Ipsos-BVA<\/a>. Attendus au tournant, la plupart des candidats ont d\u00e9j\u00e0 pu plancher sur ce qu\u2019ils comptaient faire des 6 300 agents de propret\u00e9, et du budget de pr\u00e8s de 800 millions d\u2019euros aujourd\u2019hui allou\u00e9 \u00e0 cette th\u00e9matique.<\/p>\n","protected":false},"excerpt":{"rendered":"La propret\u00e9 : le sujet sera sans nul doute un enjeu des futures \u00e9lections municipales des 15 et&hellip;\n","protected":false},"author":2,"featured_media":611170,"comment_status":"","ping_status":"","sticky":false,"template":"","format":"standard","meta":{"footnotes":""},"categories":[1888],"tags":[11,5949,1777,674,1011,27,3554,12,626,316,25],"class_list":{"0":"post-611169","1":"post","2":"type-post","3":"status-publish","4":"format-standard","5":"has-post-thumbnail","7":"category-paris","8":"tag-actualites","9":"tag-elections","10":"tag-eu","11":"tag-europe","12":"tag-fr","13":"tag-france","14":"tag-municipales","15":"tag-news","16":"tag-paris","17":"tag-politique","18":"tag-republique-francaise"},"share_on_mastodon":{"url":"https:\/\/pubeurope.com\/@fr\/115750522258346242","error":""},"_links":{"self":[{"href":"https:\/\/www.europesays.com\/fr\/wp-json\/wp\/v2\/posts\/611169","targetHints":{"allow":["GET"]}}],"collection":[{"href":"https:\/\/www.europesays.com\/fr\/wp-json\/wp\/v2\/posts"}],"about":[{"href":"https:\/\/www.europesays.com\/fr\/wp-json\/wp\/v2\/types\/post"}],"author":[{"embeddable":true,"href":"https:\/\/www.europesays.com\/fr\/wp-json\/wp\/v2\/users\/2"}],"replies":[{"embeddable":true,"href":"https:\/\/www.europesays.com\/fr\/wp-json\/wp\/v2\/comments?post=611169"}],"version-history":[{"count":0,"href":"https:\/\/www.europesays.com\/fr\/wp-json\/wp\/v2\/posts\/611169\/revisions"}],"wp:featuredmedia":[{"embeddable":true,"href":"https:\/\/www.europesays.com\/fr\/wp-json\/wp\/v2\/media\/611170"}],"wp:attachment":[{"href":"https:\/\/www.europesays.com\/fr\/wp-json\/wp\/v2\/media?parent=611169"}],"wp:term":[{"taxonomy":"category","embeddable":true,"href":"https:\/\/www.europesays.com\/fr\/wp-json\/wp\/v2\/categories?post=611169"},{"taxonomy":"post_tag","embeddable":true,"href":"https:\/\/www.europesays.com\/fr\/wp-json\/wp\/v2\/tags?post=611169"}],"curies":[{"name":"wp","href":"https:\/\/api.w.org\/{rel}","templated":true}]}}