{"id":611171,"date":"2025-12-20T06:39:14","date_gmt":"2025-12-20T06:39:14","guid":{"rendered":"https:\/\/www.europesays.com\/fr\/611171\/"},"modified":"2025-12-20T06:39:14","modified_gmt":"2025-12-20T06:39:14","slug":"cest-comme-si-la-russie-preparait-le-terrain-en-vue-dune-confrontation","status":"publish","type":"post","link":"https:\/\/www.europesays.com\/fr\/611171\/","title":{"rendered":"\u00abC&rsquo;est comme si la Russie pr\u00e9parait le terrain en vue d\u2019une confrontation\u00bb"},"content":{"rendered":"<p>Non loin de l\u2019a\u00e9roport, de jeunes conscrits montent un campement dans la for\u00eat pour se familiariser avec les rigueurs du Grand Nord. En ce d\u00e9but d\u2019automne, la pluie et la boue constituent leurs principaux tracas. Mais d\u2019ici peu, les temp\u00e9ratures plongeront bien au-dessous de z\u00e9ro tandis que la nuit s\u2019installera pour de longues semaines. Durant cette saison, que les Norv\u00e9giens appellent Morketid, les soldats rev\u00eatent un uniforme blanc pour se fondre dans le paysage recouvert de neige. \u00abCe sont des conditions extr\u00eames, conc\u00e8de Brage, 19\u00a0ans, qui a grandi dans le sud du pays et s\u2019est port\u00e9 candidat pour int\u00e9grer une patrouille le long de la fronti\u00e8re avec la Russie. Mais nous sommes fiers d\u2019avoir \u00e9t\u00e9 choisis pour exercer cette mission cruciale.\u00bb Le g\u00e9n\u00e9ral John Olav Fuglem, \u00e0 la t\u00eate de la nouvelle brigade, indique que celle-ci aura pour mission de \u00abd\u00e9fendre chaque m\u00e8tre carr\u00e9 du territoire frontalier\u00bb. \u00abL\u2019arm\u00e9e russe, ajoute l\u2019officier, peut compter sur une \u00e9norme machine industrielle. Elle forme de nombreux soldats, produit de grandes quantit\u00e9s de v\u00e9hicules blind\u00e9s et sera sans doute en mesure, une fois la guerre en Ukraine termin\u00e9e, de relocaliser ses forces assez vite. Nous ne pouvons exclure qu\u2019elle d\u00e9cide de mener une attaque contre le comt\u00e9 de Finnmark afin de prot\u00e9ger son bastion de la p\u00e9ninsule de Kola. Mais ce jour-l\u00e0, la Norv\u00e8ge et ses alli\u00e9s de l\u2019Otan ne se laisseront pas prendre par surprise.\u00bb<\/p>\n","protected":false},"excerpt":{"rendered":"Non loin de l\u2019a\u00e9roport, de jeunes conscrits montent un campement dans la for\u00eat pour se familiariser avec les&hellip;\n","protected":false},"author":2,"featured_media":611172,"comment_status":"","ping_status":"","sticky":false,"template":"","format":"standard","meta":{"footnotes":""},"categories":[1591],"tags":[11,1887,131,12,673,136,1885,1886,132,135],"class_list":{"0":"post-611171","1":"post","2":"type-post","3":"status-publish","4":"format-standard","5":"has-post-thumbnail","7":"category-russie","8":"tag-actualites","9":"tag-federation-de-russie","10":"tag-guerre-en-ukraine","11":"tag-news","12":"tag-norvege","13":"tag-otan","14":"tag-russia","15":"tag-russian-federation","16":"tag-russie","17":"tag-vladimir-poutine"},"share_on_mastodon":{"url":"","error":""},"_links":{"self":[{"href":"https:\/\/www.europesays.com\/fr\/wp-json\/wp\/v2\/posts\/611171","targetHints":{"allow":["GET"]}}],"collection":[{"href":"https:\/\/www.europesays.com\/fr\/wp-json\/wp\/v2\/posts"}],"about":[{"href":"https:\/\/www.europesays.com\/fr\/wp-json\/wp\/v2\/types\/post"}],"author":[{"embeddable":true,"href":"https:\/\/www.europesays.com\/fr\/wp-json\/wp\/v2\/users\/2"}],"replies":[{"embeddable":true,"href":"https:\/\/www.europesays.com\/fr\/wp-json\/wp\/v2\/comments?post=611171"}],"version-history":[{"count":0,"href":"https:\/\/www.europesays.com\/fr\/wp-json\/wp\/v2\/posts\/611171\/revisions"}],"wp:featuredmedia":[{"embeddable":true,"href":"https:\/\/www.europesays.com\/fr\/wp-json\/wp\/v2\/media\/611172"}],"wp:attachment":[{"href":"https:\/\/www.europesays.com\/fr\/wp-json\/wp\/v2\/media?parent=611171"}],"wp:term":[{"taxonomy":"category","embeddable":true,"href":"https:\/\/www.europesays.com\/fr\/wp-json\/wp\/v2\/categories?post=611171"},{"taxonomy":"post_tag","embeddable":true,"href":"https:\/\/www.europesays.com\/fr\/wp-json\/wp\/v2\/tags?post=611171"}],"curies":[{"name":"wp","href":"https:\/\/api.w.org\/{rel}","templated":true}]}}