{"id":611173,"date":"2025-12-20T06:40:16","date_gmt":"2025-12-20T06:40:16","guid":{"rendered":"https:\/\/www.europesays.com\/fr\/611173\/"},"modified":"2025-12-20T06:40:16","modified_gmt":"2025-12-20T06:40:16","slug":"direct-guerre-en-ukraine-une-frappe-de-missile-russe-fait-7-morts-dans-la-region-dodessa","status":"publish","type":"post","link":"https:\/\/www.europesays.com\/fr\/611173\/","title":{"rendered":"DIRECT. Guerre en Ukraine\u00a0: une frappe de missile russe fait 7 morts dans la r\u00e9gion d\u2019Odessa"},"content":{"rendered":"<p>07h10.Vladimir Poutine affirme qu&rsquo;il va se pencher sur l&rsquo;affaire du Fran\u00e7ais Laurent Vinatier, emprisonn\u00e9 en Russie<\/p>\n<p class=\"live-post__amorce\">Vladimir Poutine a indiqu\u00e9 vendredi qu&rsquo;il allait se pencher sur l&rsquo;affaire du chercheur fran\u00e7ais Laurent Vinatier, emprisonn\u00e9 en Russie depuis juin 2024. Interrog\u00e9 lors de sa conf\u00e9rence de presse annuelle vendredi \u00e0 Moscou, Vladimir Poutine a affirm\u00e9 \u00ab\u00a0ne rien savoir\u00a0\u00bb de cette affaire et en entendre parler pour la premi\u00e8re fois. \u00ab\u00a0S&rsquo;il y a la moindre chance de r\u00e9soudre cette question de mani\u00e8re positive, si la loi russe le permet, nous ferons tout notre possible\u00a0\u00bb, a-t-il ajout\u00e9. Laurent Vinatier a \u00e9t\u00e9 condamn\u00e9 en octobre 2024 \u00e0 3 ans de prison pour ne pas s&rsquo;\u00eatre enregistr\u00e9 en tant qu'\u00a0\u00bbagent de l&rsquo;\u00e9tranger\u00a0\u00bb, alors qu&rsquo;il collectait des \u00ab\u00a0informations militaires\u00a0\u00bb pouvant \u00eatre \u00ab\u00a0utilis\u00e9es contre la s\u00e9curit\u00e9\u00a0\u00bb de la Russie. L&rsquo;int\u00e9ress\u00e9 avait reconnu les faits, mais plaid\u00e9 l&rsquo;ignorance.  <a href=\"https:\/\/www.ladepeche.fr\/2025\/12\/19\/poutine-a-promis-de-se-pencher-sur-cette-affaire-qui-est-le-francais-laurent-vinatier-incarcere-en-russie-depuis-2024-13121764.php\" target=\"_blank\" rel=\"noopener noreferrer nofollow\" class=\"\">Cliquez ici<\/a>  pour lire notre article.<\/p>\n<p>07h04.Marco Rubio affirme que Washington ne peut pas imposer la paix \u00e0 l&rsquo;Ukraine<\/p>\n<p class=\"live-post__amorce\">Le chef de la diplomatie am\u00e9ricaine a d\u00e9clar\u00e9 que Washington ne pouvait pas imposer la paix \u00e0 l&rsquo;Ukraine, alors que de nouvelles \u00ab\u00a0consultations\u00a0\u00bb visant \u00e0 mettre fin \u00e0 la guerre avec la Russie se sont ouvertes vendredi aux Etats-Unis. \u00ab\u00a0En fin de compte, c&rsquo;est \u00e0 eux de conclure un accord. Nous ne pouvons pas forcer l&rsquo;Ukraine \u00e0 conclure un accord. Nous ne pouvons pas forcer la Russie \u00e0 conclure un accord. Il faut qu&rsquo;ils (le) veuillent\u00a0\u00bb, a insist\u00e9 Marco Rubio lors d&rsquo;une conf\u00e9rence de presse \u00e0 Washington.<\/p>\n<p>07h01.Une frappe de missile russe fait 7 morts en Ukraine<\/p>\n<p class=\"live-post__amorce\">Une frappe de missile balistique russe a fait 7 morts et 15 bless\u00e9s dans la r\u00e9gion d&rsquo;Odessa, sur la mer Noire, en Ukraine, a annonc\u00e9 vendredi soir le gouverneur local, ajoutant que l&rsquo;attaque visait les infrastructures portuaires. \u00ab\u00a0L&rsquo;ennemi a frapp\u00e9 les infrastructures portuaires de la r\u00e9gion d&rsquo;Odessa: sept morts, quinze bless\u00e9s\u00a0\u00bb, a d\u00e9clar\u00e9 le gouverneur r\u00e9gional d&rsquo;Odessa, Oleg Kiper, sur les r\u00e9seaux sociaux.<\/p>\n<p>07h00.Bienvenue dans notre direct<\/p>\n<p class=\"live-post__amorce\">Suivez l&rsquo;actualit\u00e9 de la guerre en Ukraine toute la journ\u00e9e sur ladepeche.fr.<\/p>\n","protected":false},"excerpt":{"rendered":"07h10.Vladimir Poutine affirme qu&rsquo;il va se pencher sur l&rsquo;affaire du Fran\u00e7ais Laurent Vinatier, emprisonn\u00e9 en Russie Vladimir Poutine&hellip;\n","protected":false},"author":2,"featured_media":611174,"comment_status":"","ping_status":"","sticky":false,"template":"","format":"standard","meta":{"footnotes":""},"categories":[1590],"tags":[11,1777,674,329,131,14,12,220],"class_list":{"0":"post-611173","1":"post","2":"type-post","3":"status-publish","4":"format-standard","5":"has-post-thumbnail","7":"category-ukraine","8":"tag-actualites","9":"tag-eu","10":"tag-europe","11":"tag-france-monde","12":"tag-guerre-en-ukraine","13":"tag-international","14":"tag-news","15":"tag-ukraine"},"share_on_mastodon":{"url":"https:\/\/pubeurope.com\/@fr\/115750530265817648","error":""},"_links":{"self":[{"href":"https:\/\/www.europesays.com\/fr\/wp-json\/wp\/v2\/posts\/611173","targetHints":{"allow":["GET"]}}],"collection":[{"href":"https:\/\/www.europesays.com\/fr\/wp-json\/wp\/v2\/posts"}],"about":[{"href":"https:\/\/www.europesays.com\/fr\/wp-json\/wp\/v2\/types\/post"}],"author":[{"embeddable":true,"href":"https:\/\/www.europesays.com\/fr\/wp-json\/wp\/v2\/users\/2"}],"replies":[{"embeddable":true,"href":"https:\/\/www.europesays.com\/fr\/wp-json\/wp\/v2\/comments?post=611173"}],"version-history":[{"count":0,"href":"https:\/\/www.europesays.com\/fr\/wp-json\/wp\/v2\/posts\/611173\/revisions"}],"wp:featuredmedia":[{"embeddable":true,"href":"https:\/\/www.europesays.com\/fr\/wp-json\/wp\/v2\/media\/611174"}],"wp:attachment":[{"href":"https:\/\/www.europesays.com\/fr\/wp-json\/wp\/v2\/media?parent=611173"}],"wp:term":[{"taxonomy":"category","embeddable":true,"href":"https:\/\/www.europesays.com\/fr\/wp-json\/wp\/v2\/categories?post=611173"},{"taxonomy":"post_tag","embeddable":true,"href":"https:\/\/www.europesays.com\/fr\/wp-json\/wp\/v2\/tags?post=611173"}],"curies":[{"name":"wp","href":"https:\/\/api.w.org\/{rel}","templated":true}]}}