{"id":611175,"date":"2025-12-20T06:41:26","date_gmt":"2025-12-20T06:41:26","guid":{"rendered":"https:\/\/www.europesays.com\/fr\/611175\/"},"modified":"2025-12-20T06:41:26","modified_gmt":"2025-12-20T06:41:26","slug":"deploiement-americain-en-amerique-latine-les-etats-unis-imposent-des-sanctions-sur-des-proches-de-nicolas-maduro","status":"publish","type":"post","link":"https:\/\/www.europesays.com\/fr\/611175\/","title":{"rendered":"D\u00e9ploiement am\u00e9ricain en Am\u00e9rique latine &#8211; Les \u00c9tats-Unis imposent des sanctions sur des proches de Nicolas Maduro"},"content":{"rendered":"<p><img decoding=\"async\" class=\"w-full object-contain\" style=\"aspect-ratio:150 \/ 100;opacity:1\" alt=\"D\u00e9ploiement am\u00e9ricain en Am\u00e9rique latine - Les \u00c9tats-Unis imposent des sanctions sur des proches de Nicolas Maduro\" width=\"512\" height=\"341\" fetchpriority=\"high\" src=\"https:\/\/www.europesays.com\/fr\/wp-content\/uploads\/2025\/12\/NFTKSXJJQZB5FKZIF4OT2MAUNM.jpg\"  \/><\/p>\n<p class=\"ap-StoryElement ap-StoryElement--mb ap-StoryText\">Les sanctions concernent sept personnes li\u00e9es au pr\u00e9sident Maduro et \u00e0 son \u00e9pouse. Parmi elles figurent notamment la belle-soeur du chef d&rsquo;\u00c9tat, Eloisa Flores de Malpica, ainsi que la fille et le mari de cette derni\u00e8re. Deux membres de la famille d&rsquo;un homme d&rsquo;affaires panam\u00e9en qui figurait d\u00e9j\u00e0 sur la liste des personnes sanctionn\u00e9es sont \u00e9galement vis\u00e9s par ces sanctions. Les avoirs de ces personnes plac\u00e9s aux \u00c9tats-Unis ont ainsi \u00e9t\u00e9 gel\u00e9s.<\/p>\n<p class=\"ap-StoryElement ap-StoryElement--mb ap-StoryText\">\u00ab\u00a0Maduro et ses complices criminels menacent la paix et la stabilit\u00e9 dans notre r\u00e9gion. L&rsquo;administration Trump continuera \u00e0 cibler les r\u00e9seaux qui soutiennent sa dictature ill\u00e9gitime\u00a0\u00bb, a soulign\u00e9 le secr\u00e9taire au Tr\u00e9sor am\u00e9ricain Scott Bessent dans un communiqu\u00e9.<\/p>\n","protected":false},"excerpt":{"rendered":"Les sanctions concernent sept personnes li\u00e9es au pr\u00e9sident Maduro et \u00e0 son \u00e9pouse. Parmi elles figurent notamment la&hellip;\n","protected":false},"author":2,"featured_media":2837,"comment_status":"","ping_status":"","sticky":false,"template":"","format":"standard","meta":{"footnotes":""},"categories":[1589],"tags":[11,2120,312,73,1866,9467,12,1864,1865,1863,308,337],"class_list":{"0":"post-611175","1":"post","2":"type-post","3":"status-publish","4":"format-standard","5":"has-post-thumbnail","7":"category-etats-unis","8":"tag-actualites","9":"tag-conflit","10":"tag-diplomatie","11":"tag-etats-unis","12":"tag-etats-unis-damerique","13":"tag-finances","14":"tag-news","15":"tag-united-states","16":"tag-united-states-of-america","17":"tag-us","18":"tag-usa","19":"tag-venezuela"},"share_on_mastodon":{"url":"https:\/\/pubeurope.com\/@fr\/115750534975683546","error":""},"_links":{"self":[{"href":"https:\/\/www.europesays.com\/fr\/wp-json\/wp\/v2\/posts\/611175","targetHints":{"allow":["GET"]}}],"collection":[{"href":"https:\/\/www.europesays.com\/fr\/wp-json\/wp\/v2\/posts"}],"about":[{"href":"https:\/\/www.europesays.com\/fr\/wp-json\/wp\/v2\/types\/post"}],"author":[{"embeddable":true,"href":"https:\/\/www.europesays.com\/fr\/wp-json\/wp\/v2\/users\/2"}],"replies":[{"embeddable":true,"href":"https:\/\/www.europesays.com\/fr\/wp-json\/wp\/v2\/comments?post=611175"}],"version-history":[{"count":0,"href":"https:\/\/www.europesays.com\/fr\/wp-json\/wp\/v2\/posts\/611175\/revisions"}],"wp:featuredmedia":[{"embeddable":true,"href":"https:\/\/www.europesays.com\/fr\/wp-json\/wp\/v2\/media\/2837"}],"wp:attachment":[{"href":"https:\/\/www.europesays.com\/fr\/wp-json\/wp\/v2\/media?parent=611175"}],"wp:term":[{"taxonomy":"category","embeddable":true,"href":"https:\/\/www.europesays.com\/fr\/wp-json\/wp\/v2\/categories?post=611175"},{"taxonomy":"post_tag","embeddable":true,"href":"https:\/\/www.europesays.com\/fr\/wp-json\/wp\/v2\/tags?post=611175"}],"curies":[{"name":"wp","href":"https:\/\/api.w.org\/{rel}","templated":true}]}}