{"id":611176,"date":"2025-12-20T06:42:14","date_gmt":"2025-12-20T06:42:14","guid":{"rendered":"https:\/\/www.europesays.com\/fr\/611176\/"},"modified":"2025-12-20T06:42:14","modified_gmt":"2025-12-20T06:42:14","slug":"royaume-uni-une-militante-pro-vie-de-nouveau-poursuivie-pour-avoir-prie-en-silence-pres-dune-clinique-davortement","status":"publish","type":"post","link":"https:\/\/www.europesays.com\/fr\/611176\/","title":{"rendered":"Royaume-Uni. Une militante pro-vie de nouveau poursuivie pour\u2026 avoir pri\u00e9 en silence pr\u00e8s d\u2019une clinique d\u2019avortement"},"content":{"rendered":"<p>Une affaire relance le d\u00e9bat sur les \u00ab buffer zones \u00bb au Royaume-Uni : <a href=\"https:\/\/www.breizh-info.com\/2024\/08\/29\/237067\/terreur-politique-au-royaume-uni-arretee-pour-avoir-prier-en-silence-devant-un-centre-davortement-elle-temoigne\/\" target=\"_blank\" rel=\"noopener\">Isabel Vaughan-Spruce<\/a>, militante pro-vie connue pour ses engagements aupr\u00e8s de femmes en situation de grossesse difficile, fait \u00e0 nouveau face \u00e0 des poursuites p\u00e9nales. Cette Britannique, d\u00e9j\u00e0 arr\u00eat\u00e9e \u00e0 deux reprises dans le pass\u00e9 pour avoir pri\u00e9 en silence \u00e0 proximit\u00e9 d\u2019un centre d\u2019avortement \u00e0 Birmingham \u2014 avant d\u2019\u00eatre innocent\u00e9e et m\u00eame indemnis\u00e9e par la police \u2014 est d\u00e9sormais convoqu\u00e9e devant la justice le 29 janvier prochain.<\/p>\n<p>Il s\u2019agit du\u00a0<strong>premier cas de poursuites engag\u00e9 au titre de la loi nationale cr\u00e9ant des zones dites de \u00ab s\u00e9curit\u00e9 \u00bb autour des \u00e9tablissements pratiquant l\u2019avortement<\/strong>, entr\u00e9e en vigueur fin octobre 2024. Cette loi interdit toute tentative d\u2019\u00ab influencer \u00bb un acc\u00e8s \u00e0 l\u2019avortement dans un p\u00e9rim\u00e8tre de 150 m\u00e8tres autour d\u2019une clinique. Aucun texte ne mentionne explicitement la pri\u00e8re silencieuse, mais dans ce dossier, elle est consid\u00e9r\u00e9e comme relevant de cette notion d\u2019\u00ab influence \u00bb.<\/p>\n<p>D\u00e9j\u00e0 indemnis\u00e9e pour deux arrestations injustifi\u00e9es<\/p>\n<p>La militante avait obtenu en 2024 une indemnit\u00e9 de 13 000 \u00a3 apr\u00e8s deux arrestations jug\u00e9es abusives. \u00c0 l\u2019\u00e9poque, les accusations se fondaient sur des mesures locales, et non sur la nouvelle loi. Ces proc\u00e9dures s\u2019\u00e9taient sold\u00e9es par un abandon des charges ou par une relaxe, les tribunaux consid\u00e9rant que sa simple pr\u00e9sence silencieuse ne suffisait pas \u00e0 caract\u00e9riser une infraction.<\/p>\n<p>Pour Isabel Vaughan-Spruce, cette nouvelle mise en cause reste incompr\u00e9hensible. Elle affirme avoir pri\u00e9 calmement dans une zone publique o\u00f9 elle est autoris\u00e9e \u00e0 se tenir, comme elle le fait depuis une vingtaine d\u2019ann\u00e9es. Elle estime que la libert\u00e9 de pens\u00e9e et de conscience est en jeu et conteste l\u2019\u00e9largissement de l\u2019incrimination \u00e0 de simples convictions personnelles.<\/p>\n<\/p>\n<p>Une affaire embl\u00e9matique du d\u00e9bat sur la libert\u00e9 d\u2019expression<\/p>\n<p>Pour ses soutiens, cette poursuite t\u00e9moigne d\u2019un glissement inqui\u00e9tant : la possibilit\u00e9 qu\u2019une conviction tenue en silence devienne mati\u00e8re \u00e0 sanction p\u00e9nale. Les d\u00e9fenseurs des zones de s\u00e9curit\u00e9 invoquent la protection des femmes et la lutte contre le harc\u00e8lement. Les opposants y voient une atteinte disproportionn\u00e9e aux libert\u00e9s publiques, qui menace d\u2019englober des attitudes non violentes ni intrusives.<\/p>\n<p>Le caract\u00e8re in\u00e9dit de cette mise en accusation \u2014 la premi\u00e8re sous la l\u00e9gislation nationale \u2014 est suivi de pr\u00e8s, car il pourrait cr\u00e9er un pr\u00e9c\u00e9dent. Si elle est condamn\u00e9e, la militante risque une amende illimit\u00e9e.<\/p>\n<p>Le cas met en lumi\u00e8re l\u2019extension progressive des \u00ab buffer zones \u00bb au Royaume-Uni, per\u00e7ues par certains comme un outil n\u00e9cessaire, par d\u2019autres comme les contours d\u2019un nouveau cadre de censure. En arri\u00e8re-plan, une question simple mais centrale : jusqu\u2019o\u00f9 un \u00c9tat peut-il r\u00e9guler l\u2019expression de convictions dans l\u2019espace public ?<\/p>\n<p>La r\u00e9ponse de la justice britannique, attendue d\u00e9but 2026, pourrait peser lourd dans ce d\u00e9bat.<\/p>\n<p>Cr\u00e9dit photo : DR<\/p>\n<p>[cc]\u00a0<a href=\"http:\/\/breizh-info.com\/\" target=\"_blank\" rel=\"noopener\" data-saferedirecturl=\"https:\/\/www.google.com\/url?q=http:\/\/breizh-info.com\/&amp;source=gmail&amp;ust=1669399506105000&amp;usg=AOvVaw0etmiWJT9QYt-RQiCAPeFF\">Breizh-info.com<\/a>, 2025, d\u00e9p\u00eaches libres de copie et de diffusion sous r\u00e9serve de mention et de lien vers la source d\u2019origine<\/p>\n","protected":false},"excerpt":{"rendered":"Une affaire relance le d\u00e9bat sur les \u00ab buffer zones \u00bb au Royaume-Uni : Isabel Vaughan-Spruce, militante pro-vie&hellip;\n","protected":false},"author":2,"featured_media":611177,"comment_status":"","ping_status":"","sticky":false,"template":"","format":"standard","meta":{"footnotes":""},"categories":[1588],"tags":[11,475,28448,72210,1777,674,72211,303,474,72212,12,72213,72214,473,1853,1851,1850,1852],"class_list":{"0":"post-611176","1":"post","2":"type-post","3":"status-publish","4":"format-standard","5":"has-post-thumbnail","7":"category-royaume-uni","8":"tag-actualites","9":"tag-avortement","10":"tag-birmingham","11":"tag-buffer-zones","12":"tag-eu","13":"tag-europe","14":"tag-isabel-vaughan-spruce","15":"tag-justice","16":"tag-liberte-dexpression","17":"tag-liberte-de-conscience","18":"tag-news","19":"tag-pro-vie","20":"tag-public-order-act","21":"tag-royaume-uni","22":"tag-royaume-uni-de-grande-bretagne-et-dirlande-du-nord","23":"tag-uk","24":"tag-united-kingdom","25":"tag-united-kingdom-of-great-britain-and-northern-ireland"},"share_on_mastodon":{"url":"https:\/\/pubeurope.com\/@fr\/115750538003207217","error":""},"_links":{"self":[{"href":"https:\/\/www.europesays.com\/fr\/wp-json\/wp\/v2\/posts\/611176","targetHints":{"allow":["GET"]}}],"collection":[{"href":"https:\/\/www.europesays.com\/fr\/wp-json\/wp\/v2\/posts"}],"about":[{"href":"https:\/\/www.europesays.com\/fr\/wp-json\/wp\/v2\/types\/post"}],"author":[{"embeddable":true,"href":"https:\/\/www.europesays.com\/fr\/wp-json\/wp\/v2\/users\/2"}],"replies":[{"embeddable":true,"href":"https:\/\/www.europesays.com\/fr\/wp-json\/wp\/v2\/comments?post=611176"}],"version-history":[{"count":0,"href":"https:\/\/www.europesays.com\/fr\/wp-json\/wp\/v2\/posts\/611176\/revisions"}],"wp:featuredmedia":[{"embeddable":true,"href":"https:\/\/www.europesays.com\/fr\/wp-json\/wp\/v2\/media\/611177"}],"wp:attachment":[{"href":"https:\/\/www.europesays.com\/fr\/wp-json\/wp\/v2\/media?parent=611176"}],"wp:term":[{"taxonomy":"category","embeddable":true,"href":"https:\/\/www.europesays.com\/fr\/wp-json\/wp\/v2\/categories?post=611176"},{"taxonomy":"post_tag","embeddable":true,"href":"https:\/\/www.europesays.com\/fr\/wp-json\/wp\/v2\/tags?post=611176"}],"curies":[{"name":"wp","href":"https:\/\/api.w.org\/{rel}","templated":true}]}}