{"id":611178,"date":"2025-12-20T06:43:23","date_gmt":"2025-12-20T06:43:23","guid":{"rendered":"https:\/\/www.europesays.com\/fr\/611178\/"},"modified":"2025-12-20T06:43:23","modified_gmt":"2025-12-20T06:43:23","slug":"la-justice-annule-linterdiction-dun-groupe-neonazi","status":"publish","type":"post","link":"https:\/\/www.europesays.com\/fr\/611178\/","title":{"rendered":"la justice annule l\u2019interdiction d\u2019un groupe n\u00e9onazi"},"content":{"rendered":"<p>\u00ab\u00a0Les \u00e9l\u00e9ments disponibles ne justifient pas de consid\u00e9rer qu\u2019il existe, entre les sections (r\u00e9gionales) et le mouvement europ\u00e9en ou mondial, une association nationale, Hammerskins Deutschland\u00a0\u00bb, explique le tribunal administratif f\u00e9d\u00e9ral dans un communiqu\u00e9.<\/p>\n<p>Or, le minist\u00e8re de l\u2019Int\u00e9rieur avait mis en avant leur \u00ab\u00a0int\u00e9gration au sein d\u2019une organisation globale\u00a0\u00bb pour justifier la dissolution du mouvement au niveau national, dit encore la juridiction bas\u00e9e \u00e0 Leipzig, dans l\u2019est du pays. L\u2019\u00c9tat f\u00e9d\u00e9ral et les L\u00e4nder peuvent toutefois toujours interdire des sections locales si des \u00ab\u00a0motifs\u00a0\u00bb le justifient, souligne le tribunal.<\/p>\n<p>\u00c9manation du mouvement \u00ab\u00a0Hammerskins Nation\u00a0\u00bb fond\u00e9 en 1988 aux \u00c9tats-Unis, les Hammerskins allemands avaient \u00e9t\u00e9 vis\u00e9s par un vaste coup de filet en septembre 2023, le jour o\u00f9 le gouvernement avait annonc\u00e9 leur interdiction.<\/p>\n<p>130 membres actifs<\/p>\n<p>Les perquisitions, men\u00e9es par 700 policiers dans dix r\u00e9gions, avaient permis de saisir, entre autres, des armes et des drapeaux avec la croix gamm\u00e9e. Le minist\u00e8re de l\u2019Int\u00e9rieur avait alors \u00e9valu\u00e9 ses effectifs \u00e0 130 membres, soulignant que le groupe jouait un r\u00f4le de \u00ab\u00a0premier plan sur la sc\u00e8ne de l\u2019extr\u00eame droite en Europe\u00a0\u00bb.<\/p>\n<p>Selon Berlin, la propagation d\u2019une th\u00e9orie raciale bas\u00e9e sur l\u2019id\u00e9ologie nazie est au c\u0153ur de l\u2019action du groupuscule, via des concerts ou diffusions d\u2019enregistrements sonores et la vente d\u2019objets antis\u00e9mites. Ses membres dans le monde se d\u00e9signent comme des \u00ab\u00a0fr\u00e8res\u00a0\u00bb et se consid\u00e8rent comme \u00ab\u00a0l\u2019\u00e9lite\u00a0\u00bb de la sc\u00e8ne skinhead d\u2019extr\u00eame droite, toujours selon le gouvernement.<\/p>\n<p>La l\u00e9gislation allemande autorise le minist\u00e8re de l\u2019Int\u00e9rieur \u00e0 bannir des associations, y compris des m\u00e9dias, si leur action est jug\u00e9e contraire aux principes fondamentaux de la Constitution. En juin, la justice allemande avait d\u00e9j\u00e0 lev\u00e9 l\u2019interdiction de publication du magazine Compact, <a href=\"https:\/\/www.sudouest.fr\/international\/europe\/allemagne\/un-depute-allemand-d-extreme-droite-poursuivi-pour-un-salut-nazi-presume-en-pleine-session-au-parlement-27111659.php\" target=\"_blank\" rel=\"follow nofollow noopener\">proche de l\u2019ultradroite et prorusse,<\/a> ordonn\u00e9e il y a un peu moins d\u2019un an plus t\u00f4t au motif d\u2019incitation \u00e0 la haine.<\/p>\n","protected":false},"excerpt":{"rendered":"\u00ab\u00a0Les \u00e9l\u00e9ments disponibles ne justifient pas de consid\u00e9rer qu\u2019il existe, entre les sections (r\u00e9gionales) et le mouvement europ\u00e9en&hellip;\n","protected":false},"author":2,"featured_media":607765,"comment_status":"","ping_status":"","sticky":false,"template":"","format":"standard","meta":{"footnotes":""},"categories":[1587],"tags":[11,672,1804,1805,1803,1777,674,1801,12,1802],"class_list":{"0":"post-611178","1":"post","2":"type-post","3":"status-publish","4":"format-standard","5":"has-post-thumbnail","7":"category-allemagne","8":"tag-actualites","9":"tag-allemagne","10":"tag-bundesrepublik-deutschland","11":"tag-de","12":"tag-deutschland","13":"tag-eu","14":"tag-europe","15":"tag-germany","16":"tag-news","17":"tag-republique-federale-dallemagne"},"share_on_mastodon":{"url":"https:\/\/pubeurope.com\/@fr\/115750541911866750","error":""},"_links":{"self":[{"href":"https:\/\/www.europesays.com\/fr\/wp-json\/wp\/v2\/posts\/611178","targetHints":{"allow":["GET"]}}],"collection":[{"href":"https:\/\/www.europesays.com\/fr\/wp-json\/wp\/v2\/posts"}],"about":[{"href":"https:\/\/www.europesays.com\/fr\/wp-json\/wp\/v2\/types\/post"}],"author":[{"embeddable":true,"href":"https:\/\/www.europesays.com\/fr\/wp-json\/wp\/v2\/users\/2"}],"replies":[{"embeddable":true,"href":"https:\/\/www.europesays.com\/fr\/wp-json\/wp\/v2\/comments?post=611178"}],"version-history":[{"count":0,"href":"https:\/\/www.europesays.com\/fr\/wp-json\/wp\/v2\/posts\/611178\/revisions"}],"wp:featuredmedia":[{"embeddable":true,"href":"https:\/\/www.europesays.com\/fr\/wp-json\/wp\/v2\/media\/607765"}],"wp:attachment":[{"href":"https:\/\/www.europesays.com\/fr\/wp-json\/wp\/v2\/media?parent=611178"}],"wp:term":[{"taxonomy":"category","embeddable":true,"href":"https:\/\/www.europesays.com\/fr\/wp-json\/wp\/v2\/categories?post=611178"},{"taxonomy":"post_tag","embeddable":true,"href":"https:\/\/www.europesays.com\/fr\/wp-json\/wp\/v2\/tags?post=611178"}],"curies":[{"name":"wp","href":"https:\/\/api.w.org\/{rel}","templated":true}]}}