{"id":61118,"date":"2025-04-29T06:22:16","date_gmt":"2025-04-29T06:22:16","guid":{"rendered":"https:\/\/www.europesays.com\/fr\/61118\/"},"modified":"2025-04-29T06:22:16","modified_gmt":"2025-04-29T06:22:16","slug":"au-sein-de-la-police-le-metier-denqueteur-nattire-plus","status":"publish","type":"post","link":"https:\/\/www.europesays.com\/fr\/61118\/","title":{"rendered":"au sein de la police, le m\u00e9tier d&rsquo;enqu\u00eateur n&rsquo;attire plus"},"content":{"rendered":"<p>\u00ab\u00a0\u00catre enqu\u00eateur de police ne fait plus r\u00eaver\u00a0\u00bb, observe laconiquement un officier de police judiciaire (OPJ) aguerri, pr\u00e9cisant toutefois que ce n\u2019est pas propre \u00e0 Strasbourg. Dans les bureaux de l\u2019h\u00f4tel de police, enqu\u00eatrices et enqu\u00eateurs attestent d\u2019un \u00ab\u00a0ras-le-bol g\u00e9n\u00e9ral\u00a0\u00bb, \u00ab\u00a0d\u2019un rythme de travail et d\u2019une charge mentale insupportables\u00a0\u00bb.<\/p>\n<p>\u00ab\u00a0On est d\u00e9bord\u00e9s, \u00e9puis\u00e9s, d\u00e9sabus\u00e9s\u00a0\u00bb, souffle un enqu\u00eateur. Pour autant, ce policier est entr\u00e9 dans \u00ab\u00a0la grande maison par vocation\u00a0\u00bb, avec l\u2019envie de \u00ab\u00a0faire de belles affaires, de d\u00e9nouer la pelote, de d\u00e9busquer la v\u00e9rit\u00e9, pour coincer les gros poissons, comme dans les fictions de [sa] jeunesse.\u00a0\u00bb<\/p>\n<p>\u00ab\u00a0Noy\u00e9 par la masse\u00a0\u00bb<\/p>\n<p><a href=\"https:\/\/www.dna.fr\/faits-divers-justice\/2025\/02\/18\/un-syndicat-alerte-sur-le-mal-etre-des-enqueteurs-de-la-police-nationale\" target=\"_blank\" rel=\"nofollow noopener\">Depuis quelques ann\u00e9es, ces fins limiers n\u2019ont plus le temps de mener \u00e0 bien leur mission<\/a>. Sur leur bureau \u00ab\u00a0des piles de dossiers s\u2019amoncellent\u00a0\u00bb irr\u00e9m\u00e9diablement, au point d\u2019avoir le sentiment de remplir un \u00ab\u00a0tonneau des Dana\u00efdes\u00a0\u00bb, perc\u00e9 de tous les c\u00f4t\u00e9s. \u00ab\u00a0Le gros du probl\u00e8me est l\u2019augmentation massive du stock de dossiers&#8230;<\/p>\n","protected":false},"excerpt":{"rendered":"\u00ab\u00a0\u00catre enqu\u00eateur de police ne fait plus r\u00eaver\u00a0\u00bb, observe laconiquement un officier de police judiciaire (OPJ) aguerri, pr\u00e9cisant&hellip;\n","protected":false},"author":2,"featured_media":61119,"comment_status":"","ping_status":"","sticky":false,"template":"","format":"standard","meta":{"footnotes":""},"categories":[2820],"tags":[1111,11,2389,2649,2880,1777,674,274,107,1011,27,775,3035,12,25,4604,640,2879],"class_list":{"0":"post-61118","1":"post","2":"type-post","3":"status-publish","4":"format-standard","5":"has-post-thumbnail","7":"category-strasbourg","8":"tag-actu","9":"tag-actualites","10":"tag-alsace","11":"tag-bas-rhin","12":"tag-edition-strasbourg","13":"tag-eu","14":"tag-europe","15":"tag-faits-divers-justice","16":"tag-fil-info","17":"tag-fr","18":"tag-france","19":"tag-grand-est","20":"tag-la-matinale-strasbourg","21":"tag-news","22":"tag-republique-francaise","23":"tag-selection-abonne","24":"tag-strasbourg","25":"tag-strasbourg-ville"},"share_on_mastodon":{"url":"https:\/\/pubeurope.com\/@fr\/114419816392875572","error":""},"_links":{"self":[{"href":"https:\/\/www.europesays.com\/fr\/wp-json\/wp\/v2\/posts\/61118","targetHints":{"allow":["GET"]}}],"collection":[{"href":"https:\/\/www.europesays.com\/fr\/wp-json\/wp\/v2\/posts"}],"about":[{"href":"https:\/\/www.europesays.com\/fr\/wp-json\/wp\/v2\/types\/post"}],"author":[{"embeddable":true,"href":"https:\/\/www.europesays.com\/fr\/wp-json\/wp\/v2\/users\/2"}],"replies":[{"embeddable":true,"href":"https:\/\/www.europesays.com\/fr\/wp-json\/wp\/v2\/comments?post=61118"}],"version-history":[{"count":0,"href":"https:\/\/www.europesays.com\/fr\/wp-json\/wp\/v2\/posts\/61118\/revisions"}],"wp:featuredmedia":[{"embeddable":true,"href":"https:\/\/www.europesays.com\/fr\/wp-json\/wp\/v2\/media\/61119"}],"wp:attachment":[{"href":"https:\/\/www.europesays.com\/fr\/wp-json\/wp\/v2\/media?parent=61118"}],"wp:term":[{"taxonomy":"category","embeddable":true,"href":"https:\/\/www.europesays.com\/fr\/wp-json\/wp\/v2\/categories?post=61118"},{"taxonomy":"post_tag","embeddable":true,"href":"https:\/\/www.europesays.com\/fr\/wp-json\/wp\/v2\/tags?post=61118"}],"curies":[{"name":"wp","href":"https:\/\/api.w.org\/{rel}","templated":true}]}}