{"id":611183,"date":"2025-12-20T06:46:18","date_gmt":"2025-12-20T06:46:18","guid":{"rendered":"https:\/\/www.europesays.com\/fr\/611183\/"},"modified":"2025-12-20T06:46:18","modified_gmt":"2025-12-20T06:46:18","slug":"paul-pogba-cest-confirme","status":"publish","type":"post","link":"https:\/\/www.europesays.com\/fr\/611183\/","title":{"rendered":"Paul Pogba, c&rsquo;est confirm\u00e9"},"content":{"rendered":"<p><strong>Le verdict est tomb\u00e9 concernant<br \/>\nPaul Pogba, bless\u00e9 depuis une semaine.<\/strong><\/p>\n<p>Touch\u00e9 \u00e0 un mollet en marge de la d\u00e9faite de l\u2019AS Monaco \u00e0<br \/>\nMarseille dimanche dernier en Ligue 1 (1-0), Paul Pogba n\u2019est pas<br \/>\nencore apte \u00e0 rejouer. Le champion du monde 2018 est forfait pour<br \/>\nle d\u00e9placement \u00e0 Auxerre, dimanche (14h45) dans le cadre des<br \/>\n32e de finale de la <strong><a href=\"https:\/\/www.sports.fr\/football\/coupe-de-france\" target=\"_blank\" rel=\"noopener\">Coupe de<br \/>\nFrance<\/a><\/strong>.<\/p>\n<p>\u00ab Paul sera absent, a indiqu\u00e9 S\u00e9bastien Pocognoli en<br \/>\nconf\u00e9rence de presse ce vendredi. Forc\u00e9ment, le joueur bless\u00e9<br \/>\nest atteint, un peu attrist\u00e9Le verdict est tomb\u00e9 concernant Paul<br \/>\nPogba, bless\u00e9 depuis une semaine. de ne pas pouvoir \u00eatre sur le<br \/>\nterrain. Parce que les joueurs ambitieux ont toujours envie d\u2019\u00eatre<br \/>\nsur le terrain, de s\u2019entra\u00eener et de donner \u00e0 l\u2019\u00e9quipe. Et Paul est<br \/>\ndans cette lign\u00e9e. Il est ambitieux, il a faim de donner \u00e0 l\u2019AS<br \/>\nMonaco. \u00bb<\/p>\n<p>\u00ab Mais il a une grosse force de caract\u00e8re, a poursuivi<br \/>\nle coach mon\u00e9gasque. D\u00e9j\u00e0, revenir d\u2019o\u00f9 il \u00e9tait est assez<br \/>\nspectaculaire. Maintenant, je ne peux pas me projeter pour<br \/>\nl\u2019avenir. En tout cas, il travaille. Nous, on est l\u00e0 pour le<br \/>\nsupporter, quelle que soit la situation. Et \u00e7a continuera tout au<br \/>\nlong de la saison. \u00bb<\/p>\n<p>Pocognoli: \u00ab\u00a0Paul fait partie de ce que j\u2019ai envie de<br \/>\nmettre en place\u00a0\u00bb<\/p>\n<p>Et Pocognoli de r\u00e9affirmer sa confiance et son soutien envers<br \/>\nson milieu de terrain fran\u00e7ais: \u00ab Je suis occup\u00e9 avec mon<br \/>\n\u00e9quipe, o\u00f9 il y a tous mes joueurs. Et Paul en fait partie. Mon<br \/>\nenvie, c\u2019est que tout le monde soit heureux en fin de saison,<br \/>\ncollectivement ou individuellement. Paul fait partie de ce que j\u2019ai<br \/>\nenvie de mettre en place. \u00bb<\/p>\n<p>Outre Pogba, le club de la Principaut\u00e9 se rendra en Bourgogne<br \/>\nsans Vanderson, victime d\u2019un \u00ab\u00a0probl\u00e8me musculaire, une<br \/>\ncomplication au niveau de son quadriceps apr\u00e8s Marseille. On doit<br \/>\nencore voir l\u2019\u00e9tendue de la blessure, mais il sera absent dimanche<br \/>\n\u00bb, a confirm\u00e9 le technicien belge. Enfin, Ansu Fati et Philipp<br \/>\nK\u00f6hn, bless\u00e9s, sont \u00e9galement forfaits.<\/p>\n","protected":false},"excerpt":{"rendered":"Le verdict est tomb\u00e9 concernant Paul Pogba, bless\u00e9 depuis une semaine. Touch\u00e9 \u00e0 un mollet en marge de&hellip;\n","protected":false},"author":2,"featured_media":611184,"comment_status":"","ping_status":"","sticky":false,"template":"","format":"standard","meta":{"footnotes":""},"categories":[2],"tags":[11,1011,27,12,25],"class_list":{"0":"post-611183","1":"post","2":"type-post","3":"status-publish","4":"format-standard","5":"has-post-thumbnail","7":"category-actualites","8":"tag-actualites","9":"tag-fr","10":"tag-france","11":"tag-news","12":"tag-republique-francaise"},"share_on_mastodon":{"url":"https:\/\/pubeurope.com\/@fr\/115750553866676112","error":""},"_links":{"self":[{"href":"https:\/\/www.europesays.com\/fr\/wp-json\/wp\/v2\/posts\/611183","targetHints":{"allow":["GET"]}}],"collection":[{"href":"https:\/\/www.europesays.com\/fr\/wp-json\/wp\/v2\/posts"}],"about":[{"href":"https:\/\/www.europesays.com\/fr\/wp-json\/wp\/v2\/types\/post"}],"author":[{"embeddable":true,"href":"https:\/\/www.europesays.com\/fr\/wp-json\/wp\/v2\/users\/2"}],"replies":[{"embeddable":true,"href":"https:\/\/www.europesays.com\/fr\/wp-json\/wp\/v2\/comments?post=611183"}],"version-history":[{"count":0,"href":"https:\/\/www.europesays.com\/fr\/wp-json\/wp\/v2\/posts\/611183\/revisions"}],"wp:featuredmedia":[{"embeddable":true,"href":"https:\/\/www.europesays.com\/fr\/wp-json\/wp\/v2\/media\/611184"}],"wp:attachment":[{"href":"https:\/\/www.europesays.com\/fr\/wp-json\/wp\/v2\/media?parent=611183"}],"wp:term":[{"taxonomy":"category","embeddable":true,"href":"https:\/\/www.europesays.com\/fr\/wp-json\/wp\/v2\/categories?post=611183"},{"taxonomy":"post_tag","embeddable":true,"href":"https:\/\/www.europesays.com\/fr\/wp-json\/wp\/v2\/tags?post=611183"}],"curies":[{"name":"wp","href":"https:\/\/api.w.org\/{rel}","templated":true}]}}