{"id":611185,"date":"2025-12-20T06:47:19","date_gmt":"2025-12-20T06:47:19","guid":{"rendered":"https:\/\/www.europesays.com\/fr\/611185\/"},"modified":"2025-12-20T06:47:19","modified_gmt":"2025-12-20T06:47:19","slug":"un-impact-de-la-phase-de-ligue-de-c1-sur-le-mercato-du-psg","status":"publish","type":"post","link":"https:\/\/www.europesays.com\/fr\/611185\/","title":{"rendered":"Un impact de la phase de ligue de C1 sur le mercato du PSG ?"},"content":{"rendered":"<p>Si le mercato hivernal pourrait \u00eatre calme du c\u00f4t\u00e9 du PSG,<br \/>\nla fin de la phase de ligue de la Ligue des champions pourrait<br \/>\nperturber ce dernier.<\/p>\n<p>Le mercato hivernal va ouvrir ses portes le 1er janvier<br \/>\nprochain. Sauf surprise, ce dernier devrait \u00eatre calme du c\u00f4t\u00e9 du<br \/>\n<strong>PSG<\/strong> selon <a href=\"https:\/\/rmcsport.bfmtv.com\/football\/clubs\/paris-saint-germain\/pourquoi-le-nouveau-format-de-la-ligue-des-champions-risque-de-perturber-le-mercato-du-psg-et-pas-que_AV-202512190707.html\" target=\"_blank\" rel=\"noopener\" title=\"\">RMC Sport<\/a>. D\u2019abord<br \/>\nparce que\u00a0<strong>Luis Enrique<\/strong>\u00a0a confiance en<br \/>\nson effectif actuel, compos\u00e9 \u00e0 la fois de cadres et de jeunes \u00e0<br \/>\nfort potentiel (<strong>Ibrahim Mbaye<\/strong>, <strong>Quentin<br \/>\nNdjantou<\/strong>\u2026), en qui le technicien espagnol croit beaucoup,<br \/>\navance le m\u00e9dia sportif. Il sait aussi qu\u2019il pourra compter en<br \/>\ndeuxi\u00e8me partie de saison sur des \u00e9l\u00e9ments frein\u00e9s ces derniers<br \/>\nmois par des blessures et qui ont peu jou\u00e9 jusqu\u2019\u00e0 pr\u00e9sent.<\/p>\n<p>Des besoins peu<br \/>\nnombreux pour le PSG<\/p>\n<p>RMC Sport indique qu\u2019au sein de ce groupe cinq \u00e9toiles,<br \/>\nles places sont ch\u00e8res et les besoins peu nombreux lorsque tout le<br \/>\nmonde est disponible et \u00e0 100%. \u00ab\u00a0Une autre donn\u00e9e majeure<br \/>\nest \u00e0 prendre en compte : pour les clubs engag\u00e9s en <strong>Ligue<br \/>\ndes champions<\/strong>, le format actuel de la comp\u00e9tition<br \/>\ncomplique bien des choses concernant ce mercato. En<br \/>\n<strong>France<\/strong>, le march\u00e9 des transferts, qui d\u00e9butera le<br \/>\njeudi 1er janvier, se cl\u00f4turera le lundi 2 f\u00e9vrier \u00e0 20h. Probl\u00e8me,<br \/>\nla derni\u00e8re journ\u00e9e de la <a href=\"https:\/\/canal-supporters.com\/la-suspension-de-lucas-hernandez-reduite-par-luefa\/\" title=\"\" target=\"_blank\" rel=\"noopener\">phase de ligue<\/a> de la <strong>Ligue des<br \/>\nchampions<\/strong> est programm\u00e9e\u2026 le 28 janvier. Autrement dit,<br \/>\nbeaucoup de clubs peinent aujourd\u2019hui \u00e0 se positionner concr\u00e8tement<br \/>\nsur des ventes ou des arriv\u00e9es. Pour beaucoup, il est difficile<br \/>\nd\u2019entamer des n\u00e9gociations pour recruter tel ou tel joueur car<br \/>\nsouvent les clubs des \u00e9l\u00e9ments cibl\u00e9s ne savent pas s\u2019ils seront<br \/>\nqualifi\u00e9s pour la suite de la\u00a0<strong>Ligue des<br \/>\nchampions<\/strong>\u00a0ou en <strong>Ligue<br \/>\nEuropa<\/strong>.\u00a0\u00bb<\/p>\n<p>A lire aussi : <a href=\"https:\/\/canal-supporters.com\/psg-ibrahim-mbaye-prolonge-dun-an-son-contrat\/\" title=\"\" target=\"_blank\" rel=\"noopener\">PSG \u2013 Ibrahim Mbaye prolonge d\u2019un an son contrat<\/a><\/p>\n<p><a href=\"https:\/\/x.com\/CanalSupporters\" target=\"_blank\" rel=\"noopener\" title=\"\">canalsupporters.com<\/a><\/p>\n<p>Pas de d\u00e9part<br \/>\ncet hiver ?<\/p>\n<p>Finalement, les n\u00e9gociations avec les formations qui jouent<br \/>\nl\u2019<strong>Europe<\/strong> ne peuvent d\u00e9buter qu\u2019apr\u00e8s la phase de<br \/>\nligue, donc dans les derniers instants du mercato hivernal. Les<br \/>\ndirigeants parisiens et le staff sont conscients de cette situation<br \/>\ntr\u00e8s particuli\u00e8re. Cette fois, il n\u2019est pas exclu que<br \/>\n<strong>Paris<\/strong> se renforce cet hiver, avec l\u2019id\u00e9e par<br \/>\nexemple de cibler un d\u00e9fenseur polyvalent, mais les supporters<br \/>\ndoivent plut\u00f4t s\u2019attendre \u00e0 un calme plat, assure RMC<br \/>\nSport. Y compris dans le sens des d\u00e9parts ? C\u2019est la tendance<br \/>\nm\u00eame si rien n\u2019est fig\u00e9. La situation de <strong>Lucas<br \/>\nBeraldo<\/strong> a\u00a0beaucoup <a href=\"https:\/\/canal-supporters.com\/lucas-beraldo-dement-vouloir-quitter-le-psg\/\" title=\"\" target=\"_blank\" rel=\"noopener\">fait parler<\/a> ces derni\u00e8res semaines. Pourtant, m\u00eame<br \/>\ns\u2019il ne joue pas beaucoup, il reste un \u00e9l\u00e9ment \u00e0 part enti\u00e8re du<br \/>\npuzzle du <strong>Paris Saint-Germain<\/strong>. Sa jeunesse (22<br \/>\nans) et son profil rare, celui d\u2019un d\u00e9fenseur gaucher \u00e0 l\u2019aise<br \/>\ntechniquement, en font un \u00e9l\u00e9ment difficile \u00e0 remplacer en cas de<br \/>\nd\u00e9part, conclut le m\u00e9dia sportif.\u00a0<\/p><\/p>\n","protected":false},"excerpt":{"rendered":"Si le mercato hivernal pourrait \u00eatre calme du c\u00f4t\u00e9 du PSG, la fin de la phase de ligue&hellip;\n","protected":false},"author":2,"featured_media":344220,"comment_status":"","ping_status":"","sticky":false,"template":"","format":"standard","meta":{"footnotes":""},"categories":[2],"tags":[11,785,786,81,448,787,72215,72216,4479,1011,27,789,447,790,921,1434,72217,72218,1435,12,626,91,92,72219,72220,93,25,795,796,96],"class_list":{"0":"post-611185","1":"post","2":"type-post","3":"status-publish","4":"format-standard","5":"has-post-thumbnail","7":"category-actualites","8":"tag-actualites","9":"tag-beraldo","10":"tag-c1","11":"tag-canal-supporters","12":"tag-champions-league","13":"tag-cs","14":"tag-derniere-journee-phase-de-ligue","15":"tag-derniere-journee-phase-de-ligue-ligue-des-champions","16":"tag-enrique","17":"tag-fr","18":"tag-france","19":"tag-ldc","20":"tag-ligue-des-champions","21":"tag-lucas-beraldo","22":"tag-luis-enrique","23":"tag-mercato","24":"tag-mercato-hivernal","25":"tag-mercato-hivernal-2026","26":"tag-mercato-psg","27":"tag-news","28":"tag-paris","29":"tag-paris-saint-germain","30":"tag-paris-sg","31":"tag-phase-de-ligue","32":"tag-phase-de-ligue-ligue-des-champions","33":"tag-psg","34":"tag-republique-francaise","35":"tag-ucl","36":"tag-uefa-champions-league","37":"tag-une"},"share_on_mastodon":{"url":"https:\/\/pubeurope.com\/@fr\/115750558087110910","error":""},"_links":{"self":[{"href":"https:\/\/www.europesays.com\/fr\/wp-json\/wp\/v2\/posts\/611185","targetHints":{"allow":["GET"]}}],"collection":[{"href":"https:\/\/www.europesays.com\/fr\/wp-json\/wp\/v2\/posts"}],"about":[{"href":"https:\/\/www.europesays.com\/fr\/wp-json\/wp\/v2\/types\/post"}],"author":[{"embeddable":true,"href":"https:\/\/www.europesays.com\/fr\/wp-json\/wp\/v2\/users\/2"}],"replies":[{"embeddable":true,"href":"https:\/\/www.europesays.com\/fr\/wp-json\/wp\/v2\/comments?post=611185"}],"version-history":[{"count":0,"href":"https:\/\/www.europesays.com\/fr\/wp-json\/wp\/v2\/posts\/611185\/revisions"}],"wp:featuredmedia":[{"embeddable":true,"href":"https:\/\/www.europesays.com\/fr\/wp-json\/wp\/v2\/media\/344220"}],"wp:attachment":[{"href":"https:\/\/www.europesays.com\/fr\/wp-json\/wp\/v2\/media?parent=611185"}],"wp:term":[{"taxonomy":"category","embeddable":true,"href":"https:\/\/www.europesays.com\/fr\/wp-json\/wp\/v2\/categories?post=611185"},{"taxonomy":"post_tag","embeddable":true,"href":"https:\/\/www.europesays.com\/fr\/wp-json\/wp\/v2\/tags?post=611185"}],"curies":[{"name":"wp","href":"https:\/\/api.w.org\/{rel}","templated":true}]}}