{"id":611190,"date":"2025-12-20T06:56:12","date_gmt":"2025-12-20T06:56:12","guid":{"rendered":"https:\/\/www.europesays.com\/fr\/611190\/"},"modified":"2025-12-20T06:56:12","modified_gmt":"2025-12-20T06:56:12","slug":"mon-ambition-est-que-lequipe-me-survive","status":"publish","type":"post","link":"https:\/\/www.europesays.com\/fr\/611190\/","title":{"rendered":"\u00ab\u00a0Mon ambition est que l&rsquo;\u00e9quipe me survive\u00a0\u00bb"},"content":{"rendered":"\n<p>\n            Cyclisme,\n        <\/p>\n<p>\n            Groupama-FDJ,\n        <\/p>\n<p>\n            Entretien\n        <\/p>\n<p> abonn\u00e9<\/p>\n<p>Marc Madiot c\u00e8de sa place de manager g\u00e9n\u00e9ral de Groupama-FDJ \u00e0 Thierry Cornec\u00a0: \u00ab\u00a0Mon ambition est que l&rsquo;\u00e9quipe me survive\u00a0\u00bb<\/p>\n<p>Marc Madiot c\u00e8de sa place de manager g\u00e9n\u00e9ral de Groupama-FDJ, structure qu&rsquo;il a cr\u00e9\u00e9e en 1997, pour un poste de pr\u00e9sident. Une petite r\u00e9volution qu&rsquo;il explique avec Thierry Cornec, son successeur, qui occupait un poste de directeur g\u00e9n\u00e9ral adjoint depuis dix-huit mois.<\/p>\n","protected":false},"excerpt":{"rendered":"Cyclisme, Groupama-FDJ, Entretien abonn\u00e9 Marc Madiot c\u00e8de sa place de manager g\u00e9n\u00e9ral de Groupama-FDJ \u00e0 Thierry Cornec\u00a0: \u00ab\u00a0Mon&hellip;\n","protected":false},"author":2,"featured_media":611191,"comment_status":"","ping_status":"","sticky":false,"template":"","format":"standard","meta":{"footnotes":""},"categories":[1411],"tags":[1154,207,1011,27,60],"class_list":{"0":"post-611190","1":"post","2":"type-post","3":"status-publish","4":"format-standard","5":"has-post-thumbnail","7":"category-cyclisme","8":"tag-cycling","9":"tag-cyclisme","10":"tag-fr","11":"tag-france","12":"tag-sports"},"share_on_mastodon":{"url":"https:\/\/pubeurope.com\/@fr\/115750593153885588","error":""},"_links":{"self":[{"href":"https:\/\/www.europesays.com\/fr\/wp-json\/wp\/v2\/posts\/611190","targetHints":{"allow":["GET"]}}],"collection":[{"href":"https:\/\/www.europesays.com\/fr\/wp-json\/wp\/v2\/posts"}],"about":[{"href":"https:\/\/www.europesays.com\/fr\/wp-json\/wp\/v2\/types\/post"}],"author":[{"embeddable":true,"href":"https:\/\/www.europesays.com\/fr\/wp-json\/wp\/v2\/users\/2"}],"replies":[{"embeddable":true,"href":"https:\/\/www.europesays.com\/fr\/wp-json\/wp\/v2\/comments?post=611190"}],"version-history":[{"count":0,"href":"https:\/\/www.europesays.com\/fr\/wp-json\/wp\/v2\/posts\/611190\/revisions"}],"wp:featuredmedia":[{"embeddable":true,"href":"https:\/\/www.europesays.com\/fr\/wp-json\/wp\/v2\/media\/611191"}],"wp:attachment":[{"href":"https:\/\/www.europesays.com\/fr\/wp-json\/wp\/v2\/media?parent=611190"}],"wp:term":[{"taxonomy":"category","embeddable":true,"href":"https:\/\/www.europesays.com\/fr\/wp-json\/wp\/v2\/categories?post=611190"},{"taxonomy":"post_tag","embeddable":true,"href":"https:\/\/www.europesays.com\/fr\/wp-json\/wp\/v2\/tags?post=611190"}],"curies":[{"name":"wp","href":"https:\/\/api.w.org\/{rel}","templated":true}]}}