{"id":611192,"date":"2025-12-20T06:57:11","date_gmt":"2025-12-20T06:57:11","guid":{"rendered":"https:\/\/www.europesays.com\/fr\/611192\/"},"modified":"2025-12-20T06:57:11","modified_gmt":"2025-12-20T06:57:11","slug":"un-paris-froid-et-en-manque-de-fraicheur-lanalyse-de-cet-ancien-joueur","status":"publish","type":"post","link":"https:\/\/www.europesays.com\/fr\/611192\/","title":{"rendered":"Un Paris froid et en manque de fra\u00eecheur, l&rsquo;analyse de cet ancien joueur"},"content":{"rendered":"<p><strong>Le Paris Saint-Germain s\u2019est impos\u00e9 aux tirs au but (1-1, puis 3-1 aux TAB) face<\/strong><strong> \u00e0 Flamengo (<b><a href=\"https:\/\/www.parisfans.fr\/videos-psg\/resume-video-psg-flamengo-1-1-puis-3-1-aux-tab-safonov-heroique-865249.html\" target=\"_blank\" rel=\"noopener\">r\u00e9sum\u00e9 vid\u00e9o PSG\/Flamengo<\/a><\/b><b>)<\/b> ce mercredi \u00e0 Doha dans le cadre de la finale de la Coupe Intercontinentale 2025. Apr\u00e8s ce match, l\u2019ancien joueur (1992-1998) et dirigeant (2006-2012)\u00a0 parisien Alain Roche a livr\u00e9 son sentiment aupr\u00e8s de L\u2019Equipe.<\/strong><\/p>\n<p>Roche \u00ab\u00a0Il faut savoir gagner sans \u00eatre parfait\u00a0\u00bb<\/p>\n<blockquote>\n<p><strong>\u00ab\u00a0Faut-il retenir ce 6e titre de la saison ou une prestation collective peu aboutie c\u00f4t\u00e9 parisien ?<\/strong><\/p>\n<p>Le 6e titre, rien d\u2019autre, et la grande performance de Safonov. C\u2019\u00e9tait par moments ennuyeux, le PSG nous avait habitu\u00e9s \u00e0 autre chose. Mais ils ont \u00e9t\u00e9 extr\u00eamement froids \u00e9motionnellement. Je pense qu\u2019ils ont pris de l\u2019exp\u00e9rience de leurs tirs au but \u00e0 Liverpool, lors de la Supercoupe d\u2019Europe (2-2, 4-3 aux t.a.b. contre Tottenham). Il faut savoir gagner sans \u00eatre parfait et ils l\u2019ont fait. Le Real Madrid l\u2019a fait souvent aussi. <\/p>\n<\/blockquote>\n<blockquote>\n<p>En premi\u00e8re p\u00e9riode, j\u2019ai retrouv\u00e9 ce pressing et contre-pressing qui faisaient leur force la saison derni\u00e8re, donc c\u2019est un point positif. Apr\u00e8s, on s\u2019attendait \u00e0 davantage d\u2019occasions, il y a eu ces impr\u00e9cisions techniques, peu de danger devant le but adverse, mais je retiens le r\u00e9sultat. On ne retiendra que \u00e7a dans quelques ann\u00e9es de toute fa\u00e7on.<\/p>\n<\/blockquote>\n<p>Roche \u00ab\u00a0 Ils n\u2019ont pas retrouv\u00e9 le jeu collectif de l\u2019ann\u00e9e derni\u00e8re.\u00a0\u00bb<\/p>\n<blockquote>\n<p><b>Pourquoi Paris a-t-il manqu\u00e9 d\u2019intensit\u00e9 ?<\/b><\/p>\n<\/blockquote>\n<blockquote>\n<p>La fatigue, peut-\u00eatre. J\u2019ai vu Neves mettre les mains sur les genoux en fin de match, une \u00e9quipe moins compacte aussi. Ils n\u2019ont pas retrouv\u00e9 le jeu collectif de l\u2019ann\u00e9e derni\u00e8re. Je ne sais pas si on peut gagner toutes les saisons comme \u00e7a. Luis Enrique a chang\u00e9 les trois attaquants aussi, \u00e7a veut dire quelque chose. <\/p>\n<\/blockquote>\n<blockquote>\n<p>On n\u2019a pas encore vu le bon Demb\u00e9l\u00e9, mais celui qui revient \u00e0 la comp\u00e9tition. Il n\u2019a pas cadr\u00e9 ses frappes, dont le penalty. Il n\u2019a fait que 12 matches cette saison\u00a0(13 en r\u00e9alit\u00e9), il a besoin d\u2019encha\u00eener, de retrouver des sensations. J\u2019esp\u00e8re qu\u2019on va retrouver le Demb\u00e9l\u00e9 des six derniers mois et pas celui des six premiers. Mais il faut assumer tout ce qui lui est arriv\u00e9 et se remettre dans le game.\u00a0\u00bb<\/p>\n<\/blockquote>\n<p>En effet, on ne peut pas dire que le PSG ait \u00e9t\u00e9 particuli\u00e8rement fort dans le jeu sur cette finale. M\u00eame s\u2019il y a eu de bonnes phases qu\u2019il ne faudrait pas oublier non plus. Paris n\u2019est pas pass\u00e9 \u00e0 c\u00f4t\u00e9. Il y a eu une domination, mais seulement par moments. Et, encore une fois, avec un manque d\u2019efficacit\u00e9.<\/p>\n<p>Il faut alors trouver d\u2019autres ressources afin de s\u2019imposer dans une finale et les Parisiens ont su le faire avec une force mentale notable. Les 4 derni\u00e8res s\u00e9ances de tirs au but, dans 4 comp\u00e9titions diff\u00e9rentes, ont \u00e9t\u00e9 remport\u00e9es. Ce n\u2019est pas un hasard. Cela permet aussi de faire la diff\u00e9rence afin d\u2019aller chercher 6 titres sur l\u2019ann\u00e9e 2025.<\/p>\n<p>Maintenant, le PSG a besoin de retrouver sa grande force collective s\u2019il veut pouvoir esp\u00e9rer aller au bout encore sur la saison 2025-2026. Il n\u2019y a pas encore \u00e0 s\u2019inqui\u00e9ter, les difficult\u00e9s rencontr\u00e9es sont logiques. Il n\u2019y a pas eu de pr\u00e9paration physique et une ann\u00e9e particuli\u00e8rement charg\u00e9e.<\/p>\n<p>Alors, il manque un peu de force physique et il y a eu des blessures. A l\u2019image d\u2019Ousmane Demb\u00e9l\u00e9 (attaquant de 28 ans), encore loin d\u2019\u00eatre au top. Les Parisiens devraient monter en puissance au fil de la saison et ont plut\u00f4t bien avanc\u00e9 dans la premi\u00e8re partie de saison. La philosophie de jeu est toujours l\u00e0, reste \u00e0 l\u2019installer de nouveau sur 90 minutes.<\/p>\n<p>\t\t\t\t\t\t\t\t\t\t\t\t\t\t\t\t\t\t\t\t\t\t\t<img decoding=\"async\" src=\"https:\/\/www.europesays.com\/fr\/wp-content\/uploads\/2025\/04\/ParisFans_Logo.png\"\/><\/p>\n","protected":false},"excerpt":{"rendered":"Le Paris Saint-Germain s\u2019est impos\u00e9 aux tirs au but (1-1, puis 3-1 aux TAB) face \u00e0 Flamengo (r\u00e9sum\u00e9&hellip;\n","protected":false},"author":2,"featured_media":611193,"comment_status":"","ping_status":"","sticky":false,"template":"","format":"standard","meta":{"footnotes":""},"categories":[1410],"tags":[72221,63,1011,27,72004,60],"class_list":{"0":"post-611192","1":"post","2":"type-post","3":"status-publish","4":"format-standard","5":"has-post-thumbnail","7":"category-football","8":"tag-alain-roche","9":"tag-football","10":"tag-fr","11":"tag-france","12":"tag-psg-flamengo","13":"tag-sports"},"share_on_mastodon":{"url":"https:\/\/pubeurope.com\/@fr\/115750597847669629","error":""},"_links":{"self":[{"href":"https:\/\/www.europesays.com\/fr\/wp-json\/wp\/v2\/posts\/611192","targetHints":{"allow":["GET"]}}],"collection":[{"href":"https:\/\/www.europesays.com\/fr\/wp-json\/wp\/v2\/posts"}],"about":[{"href":"https:\/\/www.europesays.com\/fr\/wp-json\/wp\/v2\/types\/post"}],"author":[{"embeddable":true,"href":"https:\/\/www.europesays.com\/fr\/wp-json\/wp\/v2\/users\/2"}],"replies":[{"embeddable":true,"href":"https:\/\/www.europesays.com\/fr\/wp-json\/wp\/v2\/comments?post=611192"}],"version-history":[{"count":0,"href":"https:\/\/www.europesays.com\/fr\/wp-json\/wp\/v2\/posts\/611192\/revisions"}],"wp:featuredmedia":[{"embeddable":true,"href":"https:\/\/www.europesays.com\/fr\/wp-json\/wp\/v2\/media\/611193"}],"wp:attachment":[{"href":"https:\/\/www.europesays.com\/fr\/wp-json\/wp\/v2\/media?parent=611192"}],"wp:term":[{"taxonomy":"category","embeddable":true,"href":"https:\/\/www.europesays.com\/fr\/wp-json\/wp\/v2\/categories?post=611192"},{"taxonomy":"post_tag","embeddable":true,"href":"https:\/\/www.europesays.com\/fr\/wp-json\/wp\/v2\/tags?post=611192"}],"curies":[{"name":"wp","href":"https:\/\/api.w.org\/{rel}","templated":true}]}}