{"id":611194,"date":"2025-12-20T06:58:16","date_gmt":"2025-12-20T06:58:16","guid":{"rendered":"https:\/\/www.europesays.com\/fr\/611194\/"},"modified":"2025-12-20T06:58:16","modified_gmt":"2025-12-20T06:58:16","slug":"appartement-de-nougaro-a-vendre-il-avait-demande-a-faire-couper-les-arbres-se-souvient-un-voisin","status":"publish","type":"post","link":"https:\/\/www.europesays.com\/fr\/611194\/","title":{"rendered":"Appartement de Nougaro \u00e0 vendre\u00a0: \u00ab\u00a0il avait demand\u00e9 \u00e0 faire couper les arbres\u00a0\u00bb, se souvient un voisin"},"content":{"rendered":"<p>\n                                                                    l&rsquo;essentiel<br \/>\n                                                                L\u2019appartement de l\u2019ic\u00f4ne toulousaine, Claude Nougaro, quai de Tounis, est \u00e0 vendre. Dans le quartier, certains se souviennent de cet artiste hors norme. T\u00e9moignages.\n                            <\/p>\n<p>Vingt ans apr\u00e8s la disparition du \u00ab\u00a0petit taureau\u00a0\u00bb, l\u2019appartement de Claude Nougaro, situ\u00e9 quai de Tounis, a \u00e9t\u00e9 mis en vente. Pour les riverains, c\u2019est une page qui se tourne.<\/p>\n<p>Raymond, 80 ans, habite le quai depuis 1972. S\u2019il n\u2019a que peu crois\u00e9 le dernier propri\u00e9taire, ses souvenirs avec le chanteur sont intacts. \u00ab\u00a0On allait \u00e0 la boulangerie ensemble. Claude \u00e9tait bienveillant, toujours un bon mot, pas p\u00e9dant pour deux sous\u00a0\u00bb, se rem\u00e9more-t-il. Dans le quartier, tout le monde conna\u00eet ce prestigieux h\u00f4tel particulier de 108 m\u00b2, c\u00e9l\u00e8bre pour son balcon en bois dominant la Garonne. Un balcon marqu\u00e9 par l\u2019histoire\u00a0: \u00ab\u00a0En 2001, l\u2019explosion d\u2019AZF l\u2019avait touch\u00e9. Claude \u00e9tait tr\u00e8s affect\u00e9, mais les travaux n\u2019avaient pas tra\u00een\u00e9\u00a0\u00bb, raconte Raymond.<\/p>\n<p>\u00ab\u00a0Il avait demand\u00e9 \u00e0 faire couper les arbres\u00a0\u00bb<\/p>\n<p>Un autre voisin confirme l\u2019attachement de l\u2019artiste \u00e0 ce lieu. Bien que propri\u00e9taire d\u2019un pied-\u00e0-terre dans les quartiers hupp\u00e9s de Paris, Nougaro avait choisi de revenir aux sources. Il se souvient d\u2019une exigence de l\u2019artiste\u00a0: \u00ab\u00a0Il avait demand\u00e9 \u00e0 faire couper les arbres qui obstruaient sa vue sur le fleuve\u00a0\u00bb. Sur cette mise en vente\u00a0: \u00ab\u00a0Rien n\u2019a filtr\u00e9\u00a0\u00bb, pense Raymond, toujours attentif \u00e0 la vie du quai. Sauf qu\u2019une vid\u00e9o a circul\u00e9 sur le r\u00e9seau social Instagram\u2026<\/p>\n<p class=\"std-elt__inline\">\n        <strong>\u00c0 lire aussi :<\/strong><br \/>\n        <a href=\"https:\/\/www.ladepeche.fr\/2025\/12\/18\/avis-aux-fans-lancien-appartement-de-claude-nougaro-avec-vue-sur-la-garonne-est-a-vendre-13118454.php\" target=\"_blank\" rel=\"noopener\">L\u2019ancien appartement de Claude Nougaro avec vue sur la Garonne est \u00e0 vendre, on vous dit tout<\/a>\n    <\/p>\n<p>Les notes de \u00ab\u00a0\u00d4 Toulouse\u00a0\u00bb grav\u00e9es<\/p>\n<p>Ce bien d\u2019exception est un v\u00e9ritable sanctuaire. Les premi\u00e8res notes de \u00ab\u00a0\u00d4 Toulouse\u00a0\u00bb sont grav\u00e9es \u00e0 m\u00eame le sol et la cuisine abrite une fresque en c\u00e9ramique repr\u00e9sentant le Pont-Neuf, r\u00e9alis\u00e9e sp\u00e9cialement pour lui. \u00ab\u00a0Le futur acqu\u00e9reur aura beaucoup de chance\u00a0\u00bb, glisse Raymond. Pour les anciens du quartier, l\u2019adresse reste li\u00e9e aux visites de prestige, comme celle de Nicole Croisille. Un pass\u00e9 glorieux qui continue de flotter sur les bords de Garonne.\u00a0Pour cet appartement tr\u00e8s cot\u00e9 des bords de Garonne, haut lieu du patrimoine immat\u00e9riel toulousain, le prix n\u2019a pour le moment pas filtr\u00e9\u2026<\/p>\n","protected":false},"excerpt":{"rendered":"l&rsquo;essentiel L\u2019appartement de l\u2019ic\u00f4ne toulousaine, Claude Nougaro, quai de Tounis, est \u00e0 vendre. Dans le quartier, certains se&hellip;\n","protected":false},"author":2,"featured_media":611195,"comment_status":"","ping_status":"","sticky":false,"template":"","format":"standard","meta":{"footnotes":""},"categories":[1359],"tags":[58,59,1011,27,329,2722,973,1857,2312],"class_list":{"0":"post-611194","1":"post","2":"type-post","3":"status-publish","4":"format-standard","5":"has-post-thumbnail","7":"category-people","8":"tag-divertissement","9":"tag-entertainment","10":"tag-fr","11":"tag-france","12":"tag-france-monde","13":"tag-haute-garonne","14":"tag-people","15":"tag-sociu00e9tu00e9","16":"tag-toulouse"},"share_on_mastodon":{"url":"https:\/\/pubeurope.com\/@fr\/115750601063434394","error":""},"_links":{"self":[{"href":"https:\/\/www.europesays.com\/fr\/wp-json\/wp\/v2\/posts\/611194","targetHints":{"allow":["GET"]}}],"collection":[{"href":"https:\/\/www.europesays.com\/fr\/wp-json\/wp\/v2\/posts"}],"about":[{"href":"https:\/\/www.europesays.com\/fr\/wp-json\/wp\/v2\/types\/post"}],"author":[{"embeddable":true,"href":"https:\/\/www.europesays.com\/fr\/wp-json\/wp\/v2\/users\/2"}],"replies":[{"embeddable":true,"href":"https:\/\/www.europesays.com\/fr\/wp-json\/wp\/v2\/comments?post=611194"}],"version-history":[{"count":0,"href":"https:\/\/www.europesays.com\/fr\/wp-json\/wp\/v2\/posts\/611194\/revisions"}],"wp:featuredmedia":[{"embeddable":true,"href":"https:\/\/www.europesays.com\/fr\/wp-json\/wp\/v2\/media\/611195"}],"wp:attachment":[{"href":"https:\/\/www.europesays.com\/fr\/wp-json\/wp\/v2\/media?parent=611194"}],"wp:term":[{"taxonomy":"category","embeddable":true,"href":"https:\/\/www.europesays.com\/fr\/wp-json\/wp\/v2\/categories?post=611194"},{"taxonomy":"post_tag","embeddable":true,"href":"https:\/\/www.europesays.com\/fr\/wp-json\/wp\/v2\/tags?post=611194"}],"curies":[{"name":"wp","href":"https:\/\/api.w.org\/{rel}","templated":true}]}}