{"id":61120,"date":"2025-04-29T06:23:08","date_gmt":"2025-04-29T06:23:08","guid":{"rendered":"https:\/\/www.europesays.com\/fr\/61120\/"},"modified":"2025-04-29T06:23:08","modified_gmt":"2025-04-29T06:23:08","slug":"cest-lun-des-plus-grands-centres-nautiques-de-la-cote-dazur-le-club-var-mer-ferme-pour-cause-de-securite","status":"publish","type":"post","link":"https:\/\/www.europesays.com\/fr\/61120\/","title":{"rendered":"C&rsquo;est l&rsquo;un des plus grands centres nautiques de la C\u00f4te d&rsquo;Azur, le Club Var Mer ferm\u00e9 pour cause de s\u00e9curit\u00e9"},"content":{"rendered":"<p>L\u2019information est tomb\u00e9e tel un couperet. Le Club Var Mer, un des plus grands centres nautiques de la C\u00f4te d\u2019Azur, a \u00e9t\u00e9 ferm\u00e9 par la Ville de Saint-Laurent-du-Var sur demande de la pr\u00e9fecture. L\u2019arr\u00eat\u00e9 a \u00e9t\u00e9 pris le 23 avril. Il lui est reproch\u00e9 \u00ab\u00a018 observations dress\u00e9es dans un proc\u00e8s-verbal apr\u00e8s la visite de la sous-commission d\u00e9partementale de s\u00e9curit\u00e9, selon l\u2019arr\u00eat\u00e9. L\u2019\u00e9tat des locaux, constat\u00e9 par les membres du groupe de visite le 17 mars, sur demande du maire, compromet gravement la s\u00e9curit\u00e9 du public et fait obstacle au maintien de l\u2019exploitation de cet \u00e9tablissement.\u00a0\u00bb<\/p>\n<p>Des membres du Club Var Mer d\u00e9noncent une \u00ab\u00a0d\u00e9cision brutale. L\u2019\u00e9quipe dirigeante \u00e9tait en train de travailler \u00e0 la r\u00e9solution des probl\u00e8mes\u00a0\u00bb.<\/p>\n<p>Des parents t\u00e9moins de l\u2019intervention de la police municipale, le 23 avril, d\u00e9plorent \u00ab\u00a0les m\u00e9thodes employ\u00e9es\u00a0\u00bb: \u00ab\u00a0Trois voitures de la police municipale ont d\u00e9barqu\u00e9 avec un ma\u00eetre-chien. On avait l\u2019impression d\u2019\u00eatre des malfrats. Une dizaine d\u2019enfants de l\u2019\u00e9quipe de comp\u00e9tition qui \u00e9taient partis du port \u00e9taient encore sur l\u2019eau, au-del\u00e0 des 300m\u00e8tres, quand la police a demand\u00e9 \u00e0 tout le monde de rentrer pr\u00e9cipitamment. Nos enfants ont \u00e9t\u00e9 tr\u00e8s choqu\u00e9s.\u00a0\u00bb<\/p>\n<p>\u00ab\u00a0La mairie a essay\u00e9 de trouver des solutions alternatives\u00a0\u00bb<\/p>\n<p>Une fois le personnel et les adh\u00e9rents \u00e9vacu\u00e9s, la police municipale a ferm\u00e9 les lieux avec des rubans de balisage.<\/p>\n<p>\u00ab\u00a0D\u00e8s d\u00e9cembre 2024, la mairie a essay\u00e9 de trouver des solutions alternatives. Elles ont toutes \u00e9t\u00e9 refus\u00e9es par le club\u00a0\u00bb, insiste Florence Espanol, conseill\u00e8re municipale de la majorit\u00e9.<\/p>\n<p>Pour Patrick Villardry, \u00e9lu d\u2019opposition: \u00ab\u00a0Il est incoh\u00e9rent, voire choquant, de fermer un \u00e9tablissement tout en sollicitant simultan\u00e9ment une subvention exceptionnelle pour celui-ci.\u00a0\u00bb<\/p>\n<p>Car le Club Var Mer s\u2019est vu attribuer, ce lundi 28 avril en conseil municipal, 41.880 euros afin de compenser \u00ab\u00a0la perte de recettes subie \u00e0 la suite de l\u2019arr\u00eat\u00e9 d\u2019interdiction de navigation sur la p\u00e9riode du 1er f\u00e9vrier au 30 avril\u00a0\u00bb. En effet, la c\u00f4te de Saint-Laurent-du-Var est, depuis des mois, sous le coup d\u2019interdictions de baignade et de navigation qui ont mis en p\u00e9ril les activit\u00e9s nautiques. La station d\u2019\u00e9puration appartenant \u00e0 la M\u00e9tropole et exploit\u00e9e jusqu\u2019au 15 avril par la soci\u00e9t\u00e9 Serex a rejet\u00e9 des eaux us\u00e9es en partie non trait\u00e9es dans la M\u00e9diterran\u00e9e.<\/p>\n<p>Cette subvention accord\u00e9e au club n\u2019assure en rien sa r\u00e9ouverture. \u00ab\u00a0Ils ne pourront rouvrir que si le Club Var Mer fait tous les travaux\u00a0\u00bb, affirme Florence Espanol qui \u00ab\u00a0essaye de trouver des solutions. Mais vont-ils les accepter? On \u00e9tudie notamment le fait qu\u2019ils puissent travailler sans exploiter les constructions modulaires. On est bien conscients que c\u2019est un club performant et qu\u2019on doit le soutenir.\u00a0\u00bb<\/p>\n","protected":false},"excerpt":{"rendered":"L\u2019information est tomb\u00e9e tel un couperet. Le Club Var Mer, un des plus grands centres nautiques de la&hellip;\n","protected":false},"author":2,"featured_media":61121,"comment_status":"","ping_status":"","sticky":false,"template":"","format":"standard","meta":{"footnotes":""},"categories":[2819],"tags":[1111,11,1777,674,1011,27,12,2401,882,25,656],"class_list":{"0":"post-61120","1":"post","2":"type-post","3":"status-publish","4":"format-standard","5":"has-post-thumbnail","7":"category-nice","8":"tag-actu","9":"tag-actualites","10":"tag-eu","11":"tag-europe","12":"tag-fr","13":"tag-france","14":"tag-news","15":"tag-nice","16":"tag-provence-alpes-cote-dazur","17":"tag-republique-francaise","18":"tag-securite"},"share_on_mastodon":{"url":"https:\/\/pubeurope.com\/@fr\/114419820362828568","error":""},"_links":{"self":[{"href":"https:\/\/www.europesays.com\/fr\/wp-json\/wp\/v2\/posts\/61120","targetHints":{"allow":["GET"]}}],"collection":[{"href":"https:\/\/www.europesays.com\/fr\/wp-json\/wp\/v2\/posts"}],"about":[{"href":"https:\/\/www.europesays.com\/fr\/wp-json\/wp\/v2\/types\/post"}],"author":[{"embeddable":true,"href":"https:\/\/www.europesays.com\/fr\/wp-json\/wp\/v2\/users\/2"}],"replies":[{"embeddable":true,"href":"https:\/\/www.europesays.com\/fr\/wp-json\/wp\/v2\/comments?post=61120"}],"version-history":[{"count":0,"href":"https:\/\/www.europesays.com\/fr\/wp-json\/wp\/v2\/posts\/61120\/revisions"}],"wp:featuredmedia":[{"embeddable":true,"href":"https:\/\/www.europesays.com\/fr\/wp-json\/wp\/v2\/media\/61121"}],"wp:attachment":[{"href":"https:\/\/www.europesays.com\/fr\/wp-json\/wp\/v2\/media?parent=61120"}],"wp:term":[{"taxonomy":"category","embeddable":true,"href":"https:\/\/www.europesays.com\/fr\/wp-json\/wp\/v2\/categories?post=61120"},{"taxonomy":"post_tag","embeddable":true,"href":"https:\/\/www.europesays.com\/fr\/wp-json\/wp\/v2\/tags?post=61120"}],"curies":[{"name":"wp","href":"https:\/\/api.w.org\/{rel}","templated":true}]}}