{"id":611200,"date":"2025-12-20T07:02:19","date_gmt":"2025-12-20T07:02:19","guid":{"rendered":"https:\/\/www.europesays.com\/fr\/611200\/"},"modified":"2025-12-20T07:02:19","modified_gmt":"2025-12-20T07:02:19","slug":"doums-traite-la-fouine-de-balance-et-dit-quil-lui-a-ecrit-ses-textes","status":"publish","type":"post","link":"https:\/\/www.europesays.com\/fr\/611200\/","title":{"rendered":"Doums traite La Fouine de balance et dit qu&rsquo;il lui a \u00e9crit ses textes"},"content":{"rendered":"<p itemprop=\"description\"><strong>Doums continue son pressing sur La Fouine, qu&rsquo;il surnomme \u00ab\u00a0la belette\u00a0\u00bb, en disant qu&rsquo;il lui a \u00e9crit plusieurs de ses derniers textes, dont le feat de Laouni avec Mister You.<\/strong><\/p>\n<p><strong>Le \u00ab\u00a0ghostwriting\u00a0\u00bb est une pratique qui n&rsquo;est toujours pas tr\u00e8s bien vue<\/strong> dans le milieu du rap, en particulier dans le rap fran\u00e7ais, c&rsquo;est d&rsquo;ailleurs un des sujets centraux de la derni\u00e8re saison de \u00ab\u00a0Valid\u00e9\u00a0\u00bb. Comme <strong>l&rsquo;authenticit\u00e9 a souvent \u00e9t\u00e9 mise en avant<\/strong> dans le rap, le fait de f<strong>aire \u00e9crire ses textes par quelqu&rsquo;un d&rsquo;autre, forc\u00e9ment, \u00e7a d\u00e9range<\/strong>. Et r\u00e9cemment, c&rsquo;est <a href=\"https:\/\/generations.fr\/news\/coulisse\/80435\/doums-devoile-les-coulisses-de-son-clash-avec-gims-il-m-a-fait-un-boulot\" target=\"_blank\" rel=\"noopener\"><strong>Doums<\/strong><\/a> <strong>qui a remis le sujet sur le tapis<\/strong>, en disant qu&rsquo;il a <strong>\u00e9crit plusieurs couplets pour La Fouine. Cette semaine, il va m\u00eame encore plus loin en le traitant directement de balance.<\/strong><\/p>\n<p>C&rsquo;est <strong>sur Twitter que Doums a mis le feu aux poudres <\/strong>en lan\u00e7ant \u00e0 nouveau des accusations concernant La Fouine, comme il y a quelques semaines <a href=\"https:\/\/generations.fr\/news\/musique\/80281\/la-fouine-et-l2b-devoilent-leur-feat-flying-blue-ils-se-font-clasher-par-doums\" target=\"_blank\" rel=\"noopener\">lors de la sortie du morceau \u00ab\u00a0Flying Blue\u00a0\u00bb<\/a>. Cette fois, il revient \u00e0 la charge un peu plus violemment : d<strong>ans son tweet, il accuse La Fouine d&rsquo;\u00eatre une balance, le surnomme \u00ab\u00a0la belette\u00a0\u00bb<\/strong>, et vise directement <strong>son couplet dans le morceau \u00ab\u00a0+2SANG12\u00a0\u00bb en featuring avec Mister You.<\/strong><\/p>\n<blockquote class=\"twitter-tweet\"><p>&#13;<\/p>\n<p dir=\"ltr\" lang=\"fr\">L\u2019un des dernier texte que j\u2019ai \u00e9crie pour la balance aka la belette <a href=\"https:\/\/t.co\/ciur91WztS\">https:\/\/t.co\/ciur91WztS<\/a><\/p>\n<p>&#13;<br \/>\n\u2014 MortgunFr\u00e9mont \u4ed9\u8c46 (@Doumslentourage) <a href=\"https:\/\/twitter.com\/Doumslentourage\/status\/2001439009839440026?ref_src=twsrc%5Etfw\" target=\"_blank\" rel=\"noopener\">December 17, 2025<\/a><\/p><\/blockquote>\n<p><strong>Jusqu&rsquo;ici, La Fouine n&rsquo;a pas r\u00e9pondu. <\/strong>Peut-\u00eatre qu&rsquo;il s&rsquo;en fout, en estimant que ce n&rsquo;est pas grave, ou peut-\u00eatre qu&rsquo;il pense que les gens ne prendront pas <a href=\"https:\/\/generations.fr\/news\/coulisse\/80182\/booba-accuse-gims-d-avoir-fait-10-fois-le-meme-son-en-un-an-il-appelle-doums-en-renforts\" target=\"_blank\" rel=\"noopener\">Doums<\/a> au s\u00e9rieux. Mais il y a un moment o\u00f9 il faudrait en effet faire la lumi\u00e8re sur cette histoire de ghostwriting, qui risque d&rsquo;entacher sa r\u00e9putation si elle se propage. Et si en plus de \u00e7a, il se fait traiter de poucave, il y a un moment o\u00f9 il va falloir mettre les choses au clair&#8230;<\/p>\n<\/p>\n<p>\t\t\t\t\t\t\t\t\t\t\t\t\t\t\t\t\t\t\t<script async src=\"https:\/\/platform.twitter.com\/widgets.js\" charset=\"utf-8\"><\/script><\/p>\n","protected":false},"excerpt":{"rendered":"Doums continue son pressing sur La Fouine, qu&rsquo;il surnomme \u00ab\u00a0la belette\u00a0\u00bb, en disant qu&rsquo;il lui a \u00e9crit plusieurs&hellip;\n","protected":false},"author":2,"featured_media":611201,"comment_status":"","ping_status":"","sticky":false,"template":"","format":"standard","meta":{"footnotes":""},"categories":[1355],"tags":[1111,67642,11,2163,58,59,1011,27,3612,3620,3606,3607,3605,3608,3617,3615,3609,1922,1361,873,12,2189,3658,1825,67643,3616,3656,67641,3619,3621,3611,3610,2955,3655],"class_list":{"0":"post-611200","1":"post","2":"type-post","3":"status-publish","4":"format-standard","5":"has-post-thumbnail","7":"category-musique","8":"tag-actu","9":"tag-actu-rap","10":"tag-actualites","11":"tag-chroniques","12":"tag-divertissement","13":"tag-entertainment","14":"tag-fr","15":"tag-france","16":"tag-freestyles","17":"tag-funk","18":"tag-generation","19":"tag-generation88-2","20":"tag-generations","21":"tag-generations88-2","22":"tag-hip-hop","23":"tag-hiphop","24":"tag-hiphopsoul","25":"tag-info","26":"tag-music","27":"tag-musique","28":"tag-news","29":"tag-photos","30":"tag-playlist","31":"tag-radio","32":"tag-radio-rap","33":"tag-rap","34":"tag-rapfr","35":"tag-rapus","36":"tag-reggae","37":"tag-rnb","38":"tag-sons","39":"tag-soul","40":"tag-videos","41":"tag-webradio"},"share_on_mastodon":{"url":"https:\/\/pubeurope.com\/@fr\/115750617509571215","error":""},"_links":{"self":[{"href":"https:\/\/www.europesays.com\/fr\/wp-json\/wp\/v2\/posts\/611200","targetHints":{"allow":["GET"]}}],"collection":[{"href":"https:\/\/www.europesays.com\/fr\/wp-json\/wp\/v2\/posts"}],"about":[{"href":"https:\/\/www.europesays.com\/fr\/wp-json\/wp\/v2\/types\/post"}],"author":[{"embeddable":true,"href":"https:\/\/www.europesays.com\/fr\/wp-json\/wp\/v2\/users\/2"}],"replies":[{"embeddable":true,"href":"https:\/\/www.europesays.com\/fr\/wp-json\/wp\/v2\/comments?post=611200"}],"version-history":[{"count":0,"href":"https:\/\/www.europesays.com\/fr\/wp-json\/wp\/v2\/posts\/611200\/revisions"}],"wp:featuredmedia":[{"embeddable":true,"href":"https:\/\/www.europesays.com\/fr\/wp-json\/wp\/v2\/media\/611201"}],"wp:attachment":[{"href":"https:\/\/www.europesays.com\/fr\/wp-json\/wp\/v2\/media?parent=611200"}],"wp:term":[{"taxonomy":"category","embeddable":true,"href":"https:\/\/www.europesays.com\/fr\/wp-json\/wp\/v2\/categories?post=611200"},{"taxonomy":"post_tag","embeddable":true,"href":"https:\/\/www.europesays.com\/fr\/wp-json\/wp\/v2\/tags?post=611200"}],"curies":[{"name":"wp","href":"https:\/\/api.w.org\/{rel}","templated":true}]}}