{"id":611209,"date":"2025-12-20T07:07:11","date_gmt":"2025-12-20T07:07:11","guid":{"rendered":"https:\/\/www.europesays.com\/fr\/611209\/"},"modified":"2025-12-20T07:07:11","modified_gmt":"2025-12-20T07:07:11","slug":"la-technique-scandinave-pour-une-maison-rangee","status":"publish","type":"post","link":"https:\/\/www.europesays.com\/fr\/611209\/","title":{"rendered":"La technique scandinave pour une maison rang\u00e9e"},"content":{"rendered":"<p>Studio encombr\u00e9, salon qui semble r\u00e9tr\u00e9cir, \u00e9tag\u00e8res qui<br \/>\nd\u00e9bordent\u2026 Dans bien des appartements, chaque objet en plus donne<br \/>\nl\u2019impression de faire perdre de l\u00a0\u00bbespace. Pourtant, dans les pays<br \/>\nnordiques, o\u00f9 les surfaces ne sont pas toujours plus g\u00e9n\u00e9reuses,<br \/>\nles int\u00e9rieurs restent \u00e9tonnamment apais\u00e9s et lumineux, m\u00eame quand<br \/>\nla vie quotidienne est bien remplie. Cette impression de clart\u00e9 ne<br \/>\ndoit rien au hasard. Les Scandinaves ont adopt\u00e9 depuis longtemps<br \/>\nune <strong>technique de rangement scandinave<\/strong> qui marie<br \/>\nbon sens, confort et esth\u00e9tique. Popularis\u00e9e sous un mot su\u00e9dois<br \/>\ndevenu tendance d\u00e9co, elle promet des pi\u00e8ces plus fluides sans<br \/>\nobliger \u00e0 vivre dans une maison vide. Le secret tient en trois mots<br \/>\n: juste ce qu\u2019il faut.<\/p>\n<p>Lagom : la d\u00e9co scandinave qui mise sur juste ce qu\u2019il<br \/>\nfaut<\/p>\n<p>En Su\u00e8de, le mot lagom r\u00e9sume une philosophie : ni<br \/>\ntrop, ni trop peu, mais \u00ab\u00a0juste ce qu\u2019il faut\u00a0\u00bb. Appliqu\u00e9 \u00e0 la<br \/>\nmaison, ce principe donne une <strong>d\u00e9co <a href=\"https:\/\/www.lejournaldelamaison.fr\/le-journal-de-la-maison\/nouveautes\/tendances\/lagom-tendance-rend-heureux-responsable-minimalisme-156448.html\" target=\"_blank\" rel=\"noopener\"><br \/>\nlagom<\/a><\/strong> qui cherche l\u2019\u00e9quilibre plut\u00f4t que la<br \/>\nd\u00e9monstration. On s\u2019\u00e9loigne du cocon tr\u00e8s charg\u00e9 du hygge danois,<br \/>\ncomme du minimalisme radical o\u00f9 chaque objet devient suspect. Le<br \/>\nlagom invite simplement \u00e0 garder ce qui sert et ce qui fait du<br \/>\nbien.<\/p>\n<p>Vivre dans peu de m\u00e8tres carr\u00e9s n\u2019a donc pas \u00e0 \u00eatre synonyme de<br \/>\n<strong>chaos visuel ni d\u2019angoisse.<\/strong> La <a href=\"https:\/\/www.lejournaldelamaison.fr\/le-journal-de-la-maison\/conseils-pratiques-le-journal-de-la-maison\/cette-methode-suedoise-pour-faire-cartonne-moment-vous-allez-vite-comprendre-pourquoi-515831.html\" target=\"_blank\" rel=\"noopener\"><br \/>\nm\u00e9thode su\u00e9doise<\/a> ne demande pas de tout vider en un week-end :<br \/>\nle changement se fait peu \u00e0 peu, en fonction du rythme de chacun.<br \/>\nL\u2019objectif est de <strong>r\u00e9duire le bruit visuel,<\/strong> en<br \/>\nayant moins d\u2019objets \u00e0 la vue, pour cr\u00e9er une sensation<br \/>\nd\u2019amplitude. Meubles polyvalents, rangements intelligents et<br \/>\npalette de couleurs douces apportent lumi\u00e8re et continuit\u00e9 d\u2019une<br \/>\npi\u00e8ce \u00e0 l\u2019autre.<\/p>\n<p>Comment la m\u00e9thode de rangement scandinave clarifie les petits<br \/>\nespaces<\/p>\n<p>Concr\u00e8tement, la <strong>m\u00e9thode de <a href=\"https:\/\/www.lejournaldelamaison.fr\/actualite\/lidl-met-en-rayon-demain-ces-boites-de-rangement-compactes-et-deco-a-799-e-vous-ne-voudrez-plus-les-cacher-530874.html\" target=\"_blank\" rel=\"noopener\"><br \/>\nrangement<\/a> lagom<\/strong> commence par un tour de chaque pi\u00e8ce.<br \/>\nOn se demande pour chaque objet s\u2019il apporte une vraie utilit\u00e9 ou<br \/>\nun vrai bien-\u00eatre. Ce qui n\u2019est ni utilis\u00e9, ni appr\u00e9ci\u00e9, devient<br \/>\nune charge de plus, m\u00eame s\u2019il est joli. Dans un petit appartement,<br \/>\nmultiplier les doublons de vaisselle, de paniers ou de petits<br \/>\nmeubles cr\u00e9e l\u2019effet inverse de l\u2019ordre esp\u00e9r\u00e9. Moins d\u2019affaires<br \/>\nsignifie aussi moins de d\u00e9cisions \u00e0 prendre au quotidien, donc<br \/>\nmoins de stress et une meilleure sensation de contr\u00f4le.<\/p>\n<p>Pour amorcer un tournant <strong>lagom<\/strong> \u00e0 la maison, on<br \/>\npeut :<\/p>\n<ul>\n<li>d\u00e9sencombrer les surfaces (table basse, plan de travail, dessus<br \/>\nde commode) pour laisser respirer le regard ;<\/li>\n<li>regrouper ou donner les objets en double qui remplissent les<br \/>\nplacards ;<\/li>\n<li>investir dans un meuble multifonction : banc-coffre, lit avec<br \/>\ntiroirs, table avec rangement int\u00e9gr\u00e9 ;<\/li>\n<li>apaiser la palette de couleurs avec des tons sable, beige<br \/>\nchaud, gris doux, vert sauge ou bleu ardoise ;<\/li>\n<li>lib\u00e9rer les fen\u00eatres, choisir des voilages l\u00e9gers et ajouter un<br \/>\nmiroir pour diffuser la lumi\u00e8re.<\/li>\n<\/ul>\n<p>Adopter un int\u00e9rieur lagom chez soi,<br \/>\npas \u00e0 pas<\/p>\n<p>Le <strong>lagom<\/strong> se pr\u00eate bien \u00e0 une mise en place<br \/>\nprogressive, pi\u00e8ce par pi\u00e8ce. Dans l\u2019entr\u00e9e, un porte-manteau<br \/>\nlimit\u00e9, un meuble \u00e0 chaussures ferm\u00e9 et un vide-poches suffisent \u00e0<br \/>\n\u00e9viter l\u2019amoncellement. Au salon, un canap\u00e9 confortable, quelques<br \/>\nassises mobiles et un meuble TV avec rangements cach\u00e9s permettent<br \/>\nde lib\u00e9rer le sol. La chambre devient plus sereine avec un lit dot\u00e9<br \/>\nde tiroirs ou de coffres, une armoire bien organis\u00e9e et des<br \/>\n<a href=\"https:\/\/www.lejournaldelamaison.fr\/le-journal-de-la-maison\/piece-par-piece\/chambre\/deco-chambre\/adieu-table-chevet-ikea-devoile-solution-gain-place-faut-dans-chambre-pour-rentree-492111.html\" target=\"_blank\" rel=\"noopener\"><br \/>\ntables de chevet<\/a> d\u00e9gag\u00e9es : l\u2019essentiel reste \u00e0 port\u00e9e de main,<br \/>\nle superflu dispara\u00eet de la vue.<\/p>\n<p>Dans la <strong>cuisine<\/strong> ou la <strong>salle de<br \/>\nbains<\/strong>, la logique reste la m\u00eame : rangements en hauteur,<br \/>\nplans de travail d\u00e9gag\u00e9s, contenants identiques qui calment<br \/>\nvisuellement les \u00e9tag\u00e8res. Peu \u00e0 peu, l\u2019<strong>int\u00e9rieur<br \/>\nlagom<\/strong> gagne en clart\u00e9, le m\u00e9nage devient plus rapide et la<br \/>\ncirculation plus fluide. Sans r\u00e9volution spectaculaire, cette<br \/>\nm\u00e9thode venue du Nord transforme les petits logements en espaces<br \/>\nplus lumineux, plus respirants, align\u00e9s sur l\u2019art de vivre<br \/>\nscandinave qui privil\u00e9gie la mesure au quotidien.<\/p>\n","protected":false},"excerpt":{"rendered":"Studio encombr\u00e9, salon qui semble r\u00e9tr\u00e9cir, \u00e9tag\u00e8res qui d\u00e9bordent\u2026 Dans bien des appartements, chaque objet en plus donne&hellip;\n","protected":false},"author":2,"featured_media":611210,"comment_status":"","ping_status":"","sticky":false,"template":"","format":"standard","meta":{"footnotes":""},"categories":[7],"tags":[6594,3477,72225,1446,1805,12219,72226,1011,27,68340,151,72224,2043,5457,378,49561,1445,32567,43,40,41,39,6233,42,44],"class_list":{"0":"post-611209","1":"post","2":"type-post","3":"status-publish","4":"format-standard","5":"has-post-thumbnail","7":"category-sciences-et-technologies","8":"tag-adoptee","9":"tag-cette","10":"tag-clairs","11":"tag-dans","12":"tag-de","13":"tag-et","14":"tag-fluides","15":"tag-fr","16":"tag-france","17":"tag-interieurs","18":"tag-les","19":"tag-nordiques","20":"tag-nouvelle","21":"tag-pays","22":"tag-plus","23":"tag-rangement","24":"tag-rend","25":"tag-scandinave","26":"tag-science","27":"tag-science-and-technology","28":"tag-sciences","29":"tag-sciences-et-technologies","30":"tag-technique","31":"tag-technologies","32":"tag-technology"},"share_on_mastodon":{"url":"https:\/\/pubeurope.com\/@fr\/115750636373994338","error":""},"_links":{"self":[{"href":"https:\/\/www.europesays.com\/fr\/wp-json\/wp\/v2\/posts\/611209","targetHints":{"allow":["GET"]}}],"collection":[{"href":"https:\/\/www.europesays.com\/fr\/wp-json\/wp\/v2\/posts"}],"about":[{"href":"https:\/\/www.europesays.com\/fr\/wp-json\/wp\/v2\/types\/post"}],"author":[{"embeddable":true,"href":"https:\/\/www.europesays.com\/fr\/wp-json\/wp\/v2\/users\/2"}],"replies":[{"embeddable":true,"href":"https:\/\/www.europesays.com\/fr\/wp-json\/wp\/v2\/comments?post=611209"}],"version-history":[{"count":0,"href":"https:\/\/www.europesays.com\/fr\/wp-json\/wp\/v2\/posts\/611209\/revisions"}],"wp:featuredmedia":[{"embeddable":true,"href":"https:\/\/www.europesays.com\/fr\/wp-json\/wp\/v2\/media\/611210"}],"wp:attachment":[{"href":"https:\/\/www.europesays.com\/fr\/wp-json\/wp\/v2\/media?parent=611209"}],"wp:term":[{"taxonomy":"category","embeddable":true,"href":"https:\/\/www.europesays.com\/fr\/wp-json\/wp\/v2\/categories?post=611209"},{"taxonomy":"post_tag","embeddable":true,"href":"https:\/\/www.europesays.com\/fr\/wp-json\/wp\/v2\/tags?post=611209"}],"curies":[{"name":"wp","href":"https:\/\/api.w.org\/{rel}","templated":true}]}}