{"id":611211,"date":"2025-12-20T07:08:23","date_gmt":"2025-12-20T07:08:23","guid":{"rendered":"https:\/\/www.europesays.com\/fr\/611211\/"},"modified":"2025-12-20T07:08:23","modified_gmt":"2025-12-20T07:08:23","slug":"le-magasin-retablit-la-verite","status":"publish","type":"post","link":"https:\/\/www.europesays.com\/fr\/611211\/","title":{"rendered":"le magasin r\u00e9tablit la v\u00e9rit\u00e9"},"content":{"rendered":"<p>Avec plus d\u2019un milliard et demi de t\u00e9l\u00e9chargements,<br \/>\n<strong>TikTok<\/strong> continue de transformer la mani\u00e8re dont les<br \/>\njeunes interagissent avec les r\u00e9seaux sociaux. L\u2019application s\u00e9duit<br \/>\nparticuli\u00e8rement les moins de 25 ans et offre \u00e0 chacun la chance de<br \/>\nbriller. \u00c0 condition de captiver son audience, un simple<br \/>\nutilisateur peut devenir c\u00e9l\u00e8bre en un instant. Cette promesse<br \/>\nattire tous ceux qui r\u00eavent de passer de l\u2019anonymat \u00e0 la notori\u00e9t\u00e9<br \/>\nsans passer par la voie classique des m\u00e9dias.<br \/>\n<strong>L\u00e9onie<\/strong> en est l\u2019exemple parfait. Caissi\u00e8re dans un<br \/>\nCarrefour de Laval en Mayenne, elle a rapidement conquis les<br \/>\ninternautes gr\u00e2ce \u00e0 une vid\u00e9o pleine de vie. Entre mises en sc\u00e8ne<br \/>\net chor\u00e9graphie hilarante, elle met en avant l\u2019ambiance de travail<br \/>\ndans l\u2019hypermarch\u00e9. En peu de temps, l\u00a0\u00bb\u00e9tudiante est devenue<br \/>\n\u00ab\u00a0la coqueluche des r\u00e9seaux sociaux\u00a0\u00bb.<\/p>\n<p>L\u00e9onie face \u00e0 la ran\u00e7on d&rsquo;une soudaine c\u00e9l\u00e9brit\u00e9<\/p>\n<p>La popularit\u00e9 soudaine de L\u00e9onie a attir\u00e9 un flot inattendu de<br \/>\nvisiteurs \u00e0 l\u2019hypermarch\u00e9. <a href=\"https:\/\/www.melty.fr\/divers\/apres-le-carton-du-loup-intermarche-prepare-un-cadeau-sous-le-sapin-on-travaille-dessus-promet-son-patron-2282826.html\" target=\"_blank\" rel=\"noopener\"><br \/>\nDes vid\u00e9os visionn\u00e9es des millions de fois<\/a> depuis d\u00e9but<br \/>\nd\u00e9cembre ont suscit\u00e9 l\u2019engouement des jeunes, certains venant<br \/>\ndirectement apr\u00e8s les cours pour tenter d\u2019apercevoir la caissi\u00e8re<br \/>\nstar. Face \u00e0 cette situation, la direction a pris <strong>des<br \/>\nmesures pour encadrer cet afflux<\/strong>.<\/p>\n<p>Pour assurer la s\u00e9curit\u00e9 de L\u00e9onie, un agent a \u00e9t\u00e9 post\u00e9 \u00e0 ses<br \/>\nc\u00f4t\u00e9s. \u00ab Il s\u2019agit d\u2019un public jeune, qui \u00e0 la sortie de<br \/>\nl&rsquo;\u00e9cole, est all\u00e9 \u00e0 l\u2019hypermarch\u00e9. Nous ne sommes pas pr\u00eats. Nous<br \/>\navons d\u00e9cid\u00e9 de poster un agent de s\u00e9curit\u00e9, pour prot\u00e9ger la jeune<br \/>\nfemme \u00bb, a pr\u00e9cis\u00e9 <strong>Ang\u00e9lique Durchon<\/strong>,<br \/>\ndirectrice du Carrefour de Laval, \u00e0 nos confr\u00e8res d&rsquo;Ici Mayenne. La<br \/>\npr\u00e9sence de groupes criant le pr\u00e9nom de l&rsquo;\u00e9tudiante, rapport\u00e9e par<br \/>\nune commer\u00e7ante de la galerie, confirme l\u2019ampleur de ce ph\u00e9nom\u00e8ne<br \/>\ndevenu un vrai spectacle vivant.<\/p>\n<p>Une situation devenue incontr\u00f4lable<\/p>\n<p>L\u00e9onie d\u00e9couvre que la notori\u00e9t\u00e9 peut \u00eatre un v\u00e9ritable d\u00e9fi.<br \/>\nSubmerg\u00e9e par l\u2019attention soudaine, elle doit \u00e9galement faire face<br \/>\n\u00e0 plusieurs tentatives d\u2019<a href=\"https:\/\/www.melty.fr\/divers\/usurpation-didentite-les-six-reflexes-a-avoir-pour-dejouer-les-arnaques-2260110.html\" target=\"_blank\" rel=\"noopener\">usurpation<br \/>\nde son identit\u00e9<\/a> sur les r\u00e9seaux sociaux. Le compte TikTok du<br \/>\nmagasin a m\u00eame \u00e9t\u00e9 temporairement suspendu \u00e0 cause de <strong>la<br \/>\nprolif\u00e9ration de faux profils.<\/strong> Les jeunes, parfois tr\u00e8s<br \/>\njeunes, se rendent d\u00e9sormais dans les rayons de Carrefour Laval<br \/>\npour tenter d\u2019apercevoir L\u00e9onie ou les membres de \u00ab son<br \/>\ncrew \u00bb.<\/p>\n<p>Une salari\u00e9e confie avoir \u00ab \u00e9t\u00e9 prise en photo \u00e0 son<br \/>\ninsu \u00bb par des clients du magasin. Pour faire face \u00e0 cette<br \/>\nsituation, la direction a renforc\u00e9 la s\u00e9curit\u00e9 autour de la<br \/>\ncaissi\u00e8re. Par ailleurs, les rumeurs vont bon train, allant jusqu\u2019\u00e0<br \/>\npr\u00e9tendre que L\u00e9onie aurait \u00e9t\u00e9 renvoy\u00e9e et \u00ab condamn\u00e9e \u00bb<br \/>\npour s\u2019\u00eatre film\u00e9e dans le magasin.<\/p>\n<p>L\u00e9onie vir\u00e9e : info ou intox ?<\/p>\n<p>Une vid\u00e9o largement partag\u00e9e, avec plus de 2,6 millions de vues,<br \/>\npr\u00e9tend que le cas de L\u00e9onie aurait pouss\u00e9 le minist\u00e8re du Travail<br \/>\n\u00e0 envisager <strong>une loi interdisant l\u2019usage du t\u00e9l\u00e9phone<br \/>\npersonnel au travail<\/strong>. Cette information a sem\u00e9 le doute et<br \/>\ninqui\u00e9t\u00e9 certains internautes. Cependant, Carrefour a rapidement<br \/>\nd\u00e9menti aupr\u00e8s du Parisien, confirmant que ces affirmations sont<br \/>\ntotalement fausses.<\/p>\n<p>L\u2019enseigne met en avant <strong>une approche bien plus<br \/>\npositive<\/strong>. Elle se dit \u00ab tr\u00e8s fi\u00e8re \u00bb des \u00ab<br \/>\ninitiatives locales des magasins Carrefour sur TikTok \u00bb,<br \/>\ndont celles de la caissi\u00e8re et de ses coll\u00e8gues. Selon la marque,<br \/>\nces contenus permettent \u00ab de parler de mani\u00e8re positive \u00e0 nos<br \/>\nclients, notamment les plus jeunes \u00bb, tout en soulignant que<br \/>\nles employ\u00e9s \u00ab sont libres de d\u00e9cider le type de contenus<br \/>\nqu\u2019ils souhaitent cr\u00e9er \u00bb. Ainsi, la pol\u00e9mique se dissipe pour<br \/>\nlaisser place \u00e0 une exp\u00e9rience cr\u00e9ative et encadr\u00e9e.<\/p>\n","protected":false},"excerpt":{"rendered":"Avec plus d\u2019un milliard et demi de t\u00e9l\u00e9chargements, TikTok continue de transformer la mani\u00e8re dont les jeunes interagissent&hellip;\n","protected":false},"author":2,"featured_media":611212,"comment_status":"","ping_status":"","sticky":false,"template":"","format":"standard","meta":{"footnotes":""},"categories":[6],"tags":[35,33,34,1011,27,65861],"class_list":{"0":"post-611211","1":"post","2":"type-post","3":"status-publish","4":"format-standard","5":"has-post-thumbnail","7":"category-economie","8":"tag-business","9":"tag-economie","10":"tag-economy","11":"tag-fr","12":"tag-france","13":"tag-trend"},"share_on_mastodon":{"url":"https:\/\/pubeurope.com\/@fr\/115750640314422891","error":""},"_links":{"self":[{"href":"https:\/\/www.europesays.com\/fr\/wp-json\/wp\/v2\/posts\/611211","targetHints":{"allow":["GET"]}}],"collection":[{"href":"https:\/\/www.europesays.com\/fr\/wp-json\/wp\/v2\/posts"}],"about":[{"href":"https:\/\/www.europesays.com\/fr\/wp-json\/wp\/v2\/types\/post"}],"author":[{"embeddable":true,"href":"https:\/\/www.europesays.com\/fr\/wp-json\/wp\/v2\/users\/2"}],"replies":[{"embeddable":true,"href":"https:\/\/www.europesays.com\/fr\/wp-json\/wp\/v2\/comments?post=611211"}],"version-history":[{"count":0,"href":"https:\/\/www.europesays.com\/fr\/wp-json\/wp\/v2\/posts\/611211\/revisions"}],"wp:featuredmedia":[{"embeddable":true,"href":"https:\/\/www.europesays.com\/fr\/wp-json\/wp\/v2\/media\/611212"}],"wp:attachment":[{"href":"https:\/\/www.europesays.com\/fr\/wp-json\/wp\/v2\/media?parent=611211"}],"wp:term":[{"taxonomy":"category","embeddable":true,"href":"https:\/\/www.europesays.com\/fr\/wp-json\/wp\/v2\/categories?post=611211"},{"taxonomy":"post_tag","embeddable":true,"href":"https:\/\/www.europesays.com\/fr\/wp-json\/wp\/v2\/tags?post=611211"}],"curies":[{"name":"wp","href":"https:\/\/api.w.org\/{rel}","templated":true}]}}