{"id":611213,"date":"2025-12-20T07:09:12","date_gmt":"2025-12-20T07:09:12","guid":{"rendered":"https:\/\/www.europesays.com\/fr\/611213\/"},"modified":"2025-12-20T07:09:12","modified_gmt":"2025-12-20T07:09:12","slug":"anciens-militaires-francais-et-suisse-pro-poutine-anti-occident-xavier-moreau-et-jacques-baud-ces-relais-de-la-propagande-du-kremlin-sanctionnes-par-lue","status":"publish","type":"post","link":"https:\/\/www.europesays.com\/fr\/611213\/","title":{"rendered":"Anciens militaires fran\u00e7ais et suisse, pro-Poutine, anti-Occident&#8230; Xavier Moreau et Jacques Baud, ces \u00abrelais de la propagande du Kremlin\u00bb sanctionn\u00e9s par l\u2019UE"},"content":{"rendered":"<p>\n    <strong>PORTRAITS &#8211; <\/strong>Les deux Europ\u00e9ens, influents sur les r\u00e9seaux sociaux, font partie des douze \u00abagents de d\u00e9stabilisation russe en Europe\u00bb plac\u00e9s sur liste noire par le Conseil de l\u2019Union europ\u00e9enne, lundi 15 d\u00e9cembre.<\/p>\n<p class=\"fig-paragraph\">La seule fois que Nicolas H\u00e9nin, journaliste sp\u00e9cialiste des r\u00e9seaux d\u2019influence russes, a rencontr\u00e9\u00a0<a href=\"http:\/\/www.lefigaro.fr\/international\/relais-de-la-propagande-du-kremlin-l-ex-militaire-francais-xavier-moreau-vise-par-des-sanctions-de-l-ue-20251215\" data-fig-type=\"Article\" data-gtm-custom-categorie=\"navigation\" data-gtm-custom-action=\"crossclick\" data-gtm-custom-label=\"Contextuel\" data-gtm-event=\"customEventSPE\" data-fig-domain=\"LEFIGARO\" target=\"_blank\" rel=\"noopener\">Xavier Moreau<\/a>, c\u2019\u00e9tait en 2015. Quelques mois apr\u00e8s que Vladimir Poutine a annex\u00e9 la Crim\u00e9e, l\u2019ancien militaire fran\u00e7ais participe \u00e0 l\u2019inauguration du Cercle Pouchkine, qui \u0153uvre pour \u00able rapprochement culturel, \u00e9conomique et politique entre la France et la Russie\u00bb. Ce jour-l\u00e0, aux c\u00f4t\u00e9s de figures russophiles comme le d\u00e9put\u00e9 Thierry Mariani et l\u2019avocat Pierre Gentillet, aujourd\u2019hui tous deux au Rassemblement national, \u00abil explique combien les sanctions contre la Russie, d\u00e9cid\u00e9es courant 2014, sont inefficaces. Il affirme qu\u2019elles vont se retourner contre le pays qui les a \u00e9mises, alors que celui cibl\u00e9 va se renforcer et d\u00e9velopper ses ressources\u00bb, se souvient l\u2019auteur de La France russe, enqu\u00eate sur les r\u00e9seaux de Poutine (\u00c9ditions Fayard, 2016).<\/p>\n<p class=\"fig-paragraph\">Dix ans plus tard, ce sont des sanctions qui le visent personnellement que Xavier Moreau fustige sur son compte Twitter \u00abStratpol\u00bb, o\u00f9 il diffuse\u2026<\/p>\n<p class=\"fig-premium-paywall__infos\">\n        Cet article est r\u00e9serv\u00e9 aux abonn\u00e9s.        Il vous reste 90% \u00e0 d\u00e9couvrir.\n    <\/p>\n<p>                <img  data- alt=\"Le Figaro\" class=\"fig-img--complete fig-img\"\/><\/p>\n<p class=\"fig-premium-paywall__title\">Vous avez envie de lire la suite ?<\/p>\n<p class=\"fig-premium-paywall__subtitle\">D\u00e9bloquez tous les articles imm\u00e9diatement.<\/p>\n<p class=\"fig-premium-paywall__connect\">\n                D\u00e9j\u00e0 abonn\u00e9\u00a0?                <a class=\"fig-premium-paywall__connect-link\" href=\"https:\/\/connect.lefigaro.fr\/login?client=horizon_web&amp;type=main&amp;redirect_uri=https%3A%2F%2Fwww.lefigaro.fr%2Finternational%2Fanciens-militaires-francais-et-suisse-pro-poutine-anti-occident-xavier-moreau-et-jacques-baud-ces-relais-de-la-propagande-du-kremlin-sanctionnes-par-l-ue-20251220\" data-js-gtm=\"{&quot;customCategorie&quot;: &quot;conversion&quot;, &quot;customAction&quot;: &quot;before_Landing_Connexion_paywall_auto&quot;, &quot;customLabel&quot;: &quot;bGVmaWdhcm8uZnJfXzFmMGQ5YzIwLTgxMDctNjEwNi04NjQ2LTM3ZjgxOGExNDRiOV9fQXJ0aWNsZQ==_Anciens militaires fran\u00e7ais et suisse, pro-Poutine, anti-Occident... Xavier Moreau et Jacques Baud, ces \u00abrelais de la propagande du Kremlin\u00bb sanctionn\u00e9s par l\u2019UE_142&quot;, &quot;customIDSPE&quot;: &quot;bGVmaWdhcm8uZnJfXzFmMGQ5YzIwLTgxMDctNjEwNi04NjQ2LTM3ZjgxOGExNDRiOV9fQXJ0aWNsZQ==&quot;, &quot;event&quot;: &quot;customEventSPE&quot;}\" target=\"_blank\" rel=\"noopener\"><br \/>\n                    Connectez-vous<br \/>\n                <\/a>\n            <\/p>\n","protected":false},"excerpt":{"rendered":"PORTRAITS &#8211; Les deux Europ\u00e9ens, influents sur les r\u00e9seaux sociaux, font partie des douze \u00abagents de d\u00e9stabilisation russe&hellip;\n","protected":false},"author":2,"featured_media":611214,"comment_status":"","ping_status":"","sticky":false,"template":"","format":"standard","meta":{"footnotes":""},"categories":[5],"tags":[11,1011,27,14,12,132,364,28],"class_list":{"0":"post-611213","1":"post","2":"type-post","3":"status-publish","4":"format-standard","5":"has-post-thumbnail","7":"category-international","8":"tag-actualites","9":"tag-fr","10":"tag-france","11":"tag-international","12":"tag-news","13":"tag-russie","14":"tag-union-europeenne","15":"tag-world"},"share_on_mastodon":{"url":"https:\/\/pubeurope.com\/@fr\/115750644251396992","error":""},"_links":{"self":[{"href":"https:\/\/www.europesays.com\/fr\/wp-json\/wp\/v2\/posts\/611213","targetHints":{"allow":["GET"]}}],"collection":[{"href":"https:\/\/www.europesays.com\/fr\/wp-json\/wp\/v2\/posts"}],"about":[{"href":"https:\/\/www.europesays.com\/fr\/wp-json\/wp\/v2\/types\/post"}],"author":[{"embeddable":true,"href":"https:\/\/www.europesays.com\/fr\/wp-json\/wp\/v2\/users\/2"}],"replies":[{"embeddable":true,"href":"https:\/\/www.europesays.com\/fr\/wp-json\/wp\/v2\/comments?post=611213"}],"version-history":[{"count":0,"href":"https:\/\/www.europesays.com\/fr\/wp-json\/wp\/v2\/posts\/611213\/revisions"}],"wp:featuredmedia":[{"embeddable":true,"href":"https:\/\/www.europesays.com\/fr\/wp-json\/wp\/v2\/media\/611214"}],"wp:attachment":[{"href":"https:\/\/www.europesays.com\/fr\/wp-json\/wp\/v2\/media?parent=611213"}],"wp:term":[{"taxonomy":"category","embeddable":true,"href":"https:\/\/www.europesays.com\/fr\/wp-json\/wp\/v2\/categories?post=611213"},{"taxonomy":"post_tag","embeddable":true,"href":"https:\/\/www.europesays.com\/fr\/wp-json\/wp\/v2\/tags?post=611213"}],"curies":[{"name":"wp","href":"https:\/\/api.w.org\/{rel}","templated":true}]}}