{"id":611219,"date":"2025-12-20T07:13:16","date_gmt":"2025-12-20T07:13:16","guid":{"rendered":"https:\/\/www.europesays.com\/fr\/611219\/"},"modified":"2025-12-20T07:13:16","modified_gmt":"2025-12-20T07:13:16","slug":"un-premier-conseil-municipal-sans-huees-pour-jean-pierre-berger","status":"publish","type":"post","link":"https:\/\/www.europesays.com\/fr\/611219\/","title":{"rendered":"un premier conseil municipal sans hu\u00e9es pour Jean-Pierre Berger"},"content":{"rendered":"<p>Il est arriv\u00e9 bien avant tout le monde. Avec \u00ab\u00a0un peu de pression\u00a0\u00bb sur les \u00e9paules. Il est 14 heures, ce vendredi 19\u00a0d\u00e9cembre, et Jean-Pierre Berger arrange sa pile de dossiers. Dans quelques minutes, <a href=\"https:\/\/www.leprogres.fr\/elections\/2025\/12\/13\/jean-pierre-berger-nouveau-maire-je-ne-suis-pas-un-homme-de-conflit-la-page-est-tournee\" target=\"_blank\" rel=\"noopener\">le premier adjoint devenu maire<\/a> va pr\u00e9sider son premier conseil municipal.<\/p>\n<p>\u00ab\u00a0Bonjour et bienvenue \u00e0 tous.\u00a0\u00bb Avec cinq minutes de retard, Jean-Pierre Berger se lance. A-t-il, \u00e0 cet instant, une pens\u00e9e pour Ga\u00ebl Perdriau, l\u2019ancien maire condamn\u00e9 \u00e0 cinq ans de prison, qui orchestrait les d\u00e9bats depuis presque douze ans\u00a0? \u00ab\u00a0Il avait 30 ans d\u2019exp\u00e9rience derri\u00e8re lui\u00a0\u00bb, nous confiait Jean-Pierre Berger quelques minutes avant la s\u00e9ance. \u00ab\u00a0S\u2019ils veulent aller dans la pol\u00e9mique, je n\u2019irai pas, ce n\u2019est pas moi\u00a0\u00bb, redoutait-il.<\/p>\n<p>  \u00ab\u00a0Je n\u2019ai pas entendu \u2018\u2018idiote\u2019\u2019, et heureusement\u2026\u00a0\u00bb<\/p>\n<p>Jean-Pierre Berger ne fait pas dans le style Perdriau. Debout, cramponn\u00e9 \u00e0 son micro, il \u00e9coute, note, r\u00e9pond et calme le jeu quand il le faut. \u00c0 l\u2019\u00e9lue communiste Christel Pfister, qui accuse Marc Chassaub\u00e9n\u00e9 de la traiter d\u2019idiote, le maire coupe court. \u00ab\u00a0Je n\u2019ai pas entendu \u2018\u2018idiote\u2019\u2019, et heureusement\u2026\u00a0\u00bb<\/p>\n<p>Mais l\u2019opposition n\u2019est pas dispos\u00e9e \u00e0 faire de cadeaux \u00e0 Jean-Pierre Berger. Les prises de parole s\u2019encha\u00eenent, les d\u00e9bats sont vifs mais restent \u00e0 peu pr\u00e8s courtois. \u00ab\u00a0L\u2019important c\u2019est qu\u2019on puisse tous s\u2019exprimer\u00a0\u00bb, assure-t-il. Pas d\u2019\u00e9clats de voix, pas de hu\u00e9es\u2026 La salle Albert-Lebrun n\u2019y \u00e9tait plus habitu\u00e9e.<\/p>\n<p>Cette s\u00e9r\u00e9nit\u00e9 a d&rsquo;ailleurs \u00e9t\u00e9 salu\u00e9e par les \u00e9lus d&rsquo;opposition en fin de s\u00e9ance.\u00a0\u00ab On a retrouv\u00e9 de l&rsquo;humanit\u00e9 dans cette assembl\u00e9e et on en avait besoin\u00a0\u00bb, a approuv\u00e9 Paul Corrieras, du groupe Saint-Etienne avant tout. \u00ab\u00a0On a eu un vrai conseil municipal et je voulais vous en remercier \u00bb, a de son c\u00f4t\u00e9 estim\u00e9 Isabelle Dumestre, du groupe Saint-Etienne demain.<\/p>\n<p>Se m\u00e9langeant parfois un peu les pinceaux dans le d\u00e9roul\u00e9 de l\u2019ordre du jour, rebaptisant certains \u00e9lus de l\u2019opposition (Isabelle Dumestre est ainsi devenue Mme\u00a0Sylvestre), Jean-Pierre Berger prouve toutefois qu\u2019il conna\u00eet les dossiers, et notamment ceux d\u2019urbanisme.<\/p>\n<p>Le costume de maire n\u2019est pas trop grand pour lui, mais il n\u2019aura pas le temps de s\u2019y habituer\u00a0: le prochain et dernier conseil\u00a0de la mandature est pr\u00e9vu le 26\u00a0janvier.<\/p>\n","protected":false},"excerpt":{"rendered":"Il est arriv\u00e9 bien avant tout le monde. Avec \u00ab\u00a0un peu de pression\u00a0\u00bb sur les \u00e9paules. Il est&hellip;\n","protected":false},"author":2,"featured_media":611220,"comment_status":"","ping_status":"","sticky":false,"template":"","format":"standard","meta":{"footnotes":""},"categories":[9653],"tags":[1111,11,2430,1984,7539,1777,674,1011,27,12,316,25,4001,7538],"class_list":{"0":"post-611219","1":"post","2":"type-post","3":"status-publish","4":"format-standard","5":"has-post-thumbnail","7":"category-saint-etienne","8":"tag-actu","9":"tag-actualites","10":"tag-auvergne-rhone-alpes","11":"tag-conseil-municipal","12":"tag-edition-loire-sud","13":"tag-eu","14":"tag-europe","15":"tag-fr","16":"tag-france","17":"tag-news","18":"tag-politique","19":"tag-republique-francaise","20":"tag-saint-etienne","21":"tag-saint-etienne-ville"},"share_on_mastodon":{"url":"https:\/\/pubeurope.com\/@fr\/115750660033346087","error":""},"_links":{"self":[{"href":"https:\/\/www.europesays.com\/fr\/wp-json\/wp\/v2\/posts\/611219","targetHints":{"allow":["GET"]}}],"collection":[{"href":"https:\/\/www.europesays.com\/fr\/wp-json\/wp\/v2\/posts"}],"about":[{"href":"https:\/\/www.europesays.com\/fr\/wp-json\/wp\/v2\/types\/post"}],"author":[{"embeddable":true,"href":"https:\/\/www.europesays.com\/fr\/wp-json\/wp\/v2\/users\/2"}],"replies":[{"embeddable":true,"href":"https:\/\/www.europesays.com\/fr\/wp-json\/wp\/v2\/comments?post=611219"}],"version-history":[{"count":0,"href":"https:\/\/www.europesays.com\/fr\/wp-json\/wp\/v2\/posts\/611219\/revisions"}],"wp:featuredmedia":[{"embeddable":true,"href":"https:\/\/www.europesays.com\/fr\/wp-json\/wp\/v2\/media\/611220"}],"wp:attachment":[{"href":"https:\/\/www.europesays.com\/fr\/wp-json\/wp\/v2\/media?parent=611219"}],"wp:term":[{"taxonomy":"category","embeddable":true,"href":"https:\/\/www.europesays.com\/fr\/wp-json\/wp\/v2\/categories?post=611219"},{"taxonomy":"post_tag","embeddable":true,"href":"https:\/\/www.europesays.com\/fr\/wp-json\/wp\/v2\/tags?post=611219"}],"curies":[{"name":"wp","href":"https:\/\/api.w.org\/{rel}","templated":true}]}}