{"id":611228,"date":"2025-12-20T07:20:16","date_gmt":"2025-12-20T07:20:16","guid":{"rendered":"https:\/\/www.europesays.com\/fr\/611228\/"},"modified":"2025-12-20T07:20:16","modified_gmt":"2025-12-20T07:20:16","slug":"violente-rixe-en-marge-de-la-manfestation-du-18-septembre-a-montpellier-sept-personnes-seront-jugees-en-fevrier-dont-la-principale-victime","status":"publish","type":"post","link":"https:\/\/www.europesays.com\/fr\/611228\/","title":{"rendered":"Violente rixe en marge de la manfestation du 18 septembre \u00e0 Montpellier : sept personnes seront jug\u00e9es en f\u00e9vrier dont la principale victime"},"content":{"rendered":"<p>\n                                                                Le 18 septembre dernier, dans le quartier des Beaux-Arts \u00e0 Montpellier, trois hommes avaient \u00e9t\u00e9 violemment pris \u00e0 partie par un groupe d\u2019individus v\u00eatus de noir, d\u00e9sign\u00e9s comme \u00e9tant de l\u2019ultra droite. Apr\u00e8s trois mois d&rsquo;enqu\u00eate, six d&rsquo;entre eux ont \u00e9t\u00e9 plac\u00e9s en garde \u00e0 vue. Ils seront jug\u00e9s le 19 f\u00e9vrier prochain. Selon nos informations, la principale victime de cette violente rixe fera \u00e9galement partie des pr\u00e9venus.\n                            <\/p>\n<p>Six des sept personnes interpell\u00e9es cette semaine \u00e0 Montpellier dans le cadre de l\u2019enqu\u00eate sur la <a href=\"https:\/\/www.midilibre.fr\/2025\/09\/25\/des-individus-manifestement-issus-de-lultra-droite-enquete-apres-un-passage-a-tabac-en-marge-de-la-manifestation-du-18-septembre-12950483.php\" target=\"_self\" rel=\"noopener\">violente rixe survenue le 18 septembre<\/a> dernier, place des Beaux-Arts, en marge de la manifestation syndicale, ont \u00e9t\u00e9 remises en libert\u00e9 ce jeudi 18 d\u00e9cembre dans la soir\u00e9e. Elles sont reparties avec une convocation en poche (COPJ) devant le tribunal judiciaire de Montpellier pour une audience fix\u00e9e le 19 f\u00e9vrier prochain. La septi\u00e8me personne, entendue librement, a \u00e9t\u00e9 mise hors de cause \u00e0 l\u2019issue de l\u2019exploitation des images de vid\u00e9osurveillance. <\/p>\n<p>L\u2019important travail d\u2019enqu\u00eate effectu\u00e9 par la police nationale dans le cadre de ces faits qualifi\u00e9s d\u2019\u00a0\u00bbextr\u00eame gravit\u00e9\u00a0\u00bb\u00a0par le maire de Montpellier, Micha\u00ebl Delafosse, a permis d\u2019\u00e9tablir les responsabilit\u00e9s de chacun des mis en cause mais aussi celles des trois victimes.<\/p>\n<p>Victime et auteur<\/p>\n<p>Selon nos informations, la plus s\u00e9rieusement bless\u00e9e, frapp\u00e9e \u00e0 coups de poing, de pied et de chaise, qui s\u2019en est sortie avec quinze jours d\u2019ITT, ferait elle aussi l\u2019objet d\u2019une convocation devant la justice \u00e0 la m\u00eame date. Et pour cause, d\u2019apr\u00e8s les conclusions de l\u2019enqu\u00eate, lorsque le groupe qualifi\u00e9 d\u2019ultra-droite est arriv\u00e9 sur la place des Beaux-Arts ce jour-l\u00e0, des clients \u00e9taient d\u00e9j\u00e0 install\u00e9s en terrasse.<\/p>\n<p>Des propos auraient alors \u00e9t\u00e9 \u00e9chang\u00e9s, certains leur lan\u00e7ant : \u00ab\u00a0On ne veut pas de fachos ici\u00a0\u00bb. Le ton serait mont\u00e9 et l\u2019une des personnes attabl\u00e9es, qui serait donc la principale victime, se serait lev\u00e9e et s\u2019en serait prise \u00e0 l\u2019un des individus du groupe, avant de porter le premier coup. C\u2019est ce qui aurait d\u00e9clench\u00e9 la rixe g\u00e9n\u00e9rale. Il serait ainsi \u00ab\u00a0victime et auteur\u00a0\u00bb\u00a0selon une source proche de l\u2019enqu\u00eate.<\/p>\n","protected":false},"excerpt":{"rendered":"Le 18 septembre dernier, dans le quartier des Beaux-Arts \u00e0 Montpellier, trois hommes avaient \u00e9t\u00e9 violemment pris \u00e0&hellip;\n","protected":false},"author":2,"featured_media":611229,"comment_status":"","ping_status":"","sticky":false,"template":"","format":"standard","meta":{"footnotes":""},"categories":[9599],"tags":[1111,11,1777,674,118,1011,27,7089,2208,12,2680,25],"class_list":{"0":"post-611228","1":"post","2":"type-post","3":"status-publish","4":"format-standard","5":"has-post-thumbnail","7":"category-montpellier","8":"tag-actu","9":"tag-actualites","10":"tag-eu","11":"tag-europe","12":"tag-faits-divers","13":"tag-fr","14":"tag-france","15":"tag-herault","16":"tag-montpellier","17":"tag-news","18":"tag-occitanie","19":"tag-republique-francaise"},"share_on_mastodon":{"url":"https:\/\/pubeurope.com\/@fr\/115750687562269821","error":""},"_links":{"self":[{"href":"https:\/\/www.europesays.com\/fr\/wp-json\/wp\/v2\/posts\/611228","targetHints":{"allow":["GET"]}}],"collection":[{"href":"https:\/\/www.europesays.com\/fr\/wp-json\/wp\/v2\/posts"}],"about":[{"href":"https:\/\/www.europesays.com\/fr\/wp-json\/wp\/v2\/types\/post"}],"author":[{"embeddable":true,"href":"https:\/\/www.europesays.com\/fr\/wp-json\/wp\/v2\/users\/2"}],"replies":[{"embeddable":true,"href":"https:\/\/www.europesays.com\/fr\/wp-json\/wp\/v2\/comments?post=611228"}],"version-history":[{"count":0,"href":"https:\/\/www.europesays.com\/fr\/wp-json\/wp\/v2\/posts\/611228\/revisions"}],"wp:featuredmedia":[{"embeddable":true,"href":"https:\/\/www.europesays.com\/fr\/wp-json\/wp\/v2\/media\/611229"}],"wp:attachment":[{"href":"https:\/\/www.europesays.com\/fr\/wp-json\/wp\/v2\/media?parent=611228"}],"wp:term":[{"taxonomy":"category","embeddable":true,"href":"https:\/\/www.europesays.com\/fr\/wp-json\/wp\/v2\/categories?post=611228"},{"taxonomy":"post_tag","embeddable":true,"href":"https:\/\/www.europesays.com\/fr\/wp-json\/wp\/v2\/tags?post=611228"}],"curies":[{"name":"wp","href":"https:\/\/api.w.org\/{rel}","templated":true}]}}