{"id":611232,"date":"2025-12-20T07:22:12","date_gmt":"2025-12-20T07:22:12","guid":{"rendered":"https:\/\/www.europesays.com\/fr\/611232\/"},"modified":"2025-12-20T07:22:12","modified_gmt":"2025-12-20T07:22:12","slug":"pourquoi-une-infirmiere-reclame-plus-de-220-000-euros-au-departement-de-la-seine-maritime","status":"publish","type":"post","link":"https:\/\/www.europesays.com\/fr\/611232\/","title":{"rendered":"Pourquoi une infirmi\u00e8re r\u00e9clame plus de 220 000 euros au D\u00e9partement de la Seine-Maritime"},"content":{"rendered":"<p>                    Par<br \/>\n        <strong><br \/>\n            <a href=\"https:\/\/actu.fr\/auteur\/adrien-filoche\" title=\"Consulter tous les articles de Adrien Filoche\" target=\"_blank\" rel=\"noopener\">Adrien Filoche<\/a><br \/>\n                    <\/strong><\/p>\n<p>        Publi\u00e9 le<\/p>\n<p>            20 d\u00e9c. 2025 \u00e0 7h42        <\/p>\n<p>Infirmi\u00e8re pu\u00e9ricultrice, Laurence* a \u00e9t\u00e9 recrut\u00e9e en d\u00e9tachement par le D\u00e9partement de la <a href=\"https:\/\/actu.fr\/76actu\/\" target=\"_blank\" rel=\"noopener\">Seine-Maritime<\/a> au 1er\u00a0d\u00e9cembre 2009. En 2013, elle est alors infirmi\u00e8re pu\u00e9riculture territoriale. En 2014, soit un an apr\u00e8s son int\u00e9gration, un nouveau statut des infirmiers territoriaux est adopt\u00e9 et offre la possibilit\u00e9 aux personnels de choisir entre un<strong>\u00a0nouveau cadre d\u2019emploi<\/strong> \u2014 cadre qui permet un reclassement, de b\u00e9n\u00e9ficier d\u2019une meilleure r\u00e9mun\u00e9ration et d\u2019une pension de retraite plus importante \u2014 ou bien de rester dans l\u2019ancien cadre qui permet quant \u00e0 lui un d\u00e9part anticip\u00e9 \u00e0 la retraite. Le probl\u00e8me\u2009: <strong>Laurence assure qu\u2019elle n\u2019a pas \u00e9t\u00e9 inform\u00e9e<\/strong> par le D\u00e9partement et indique avoir seulement d\u00e9couvert cette option en 2021. Elle r\u00e9clame ainsi un peu plus <strong>de 226\u2009000\u00a0euros<\/strong> de pr\u00e9judice.<\/p>\n<p>Mal inform\u00e9e, l\u2019infirmi\u00e8re s\u2019estime l\u00e9s\u00e9e<\/p>\n<p class=\" wall-content\">Dans le cadre de cette affaire, une audience s\u2019est tenue le 19\u00a0d\u00e9cembre 2025 au<a href=\"https:\/\/actu.fr\/tag\/tribunal-de-rouen\" target=\"_blank\" rel=\"noopener\"> tribunal administratif de Rouen<\/a>. Dans sa pr\u00e9sentation, la rapporteure publique soutient que <strong>le D\u00e9partement a commis une faute<\/strong> en ne pr\u00e9sentant pas l\u2019option \u00e0 l\u2019infirmi\u00e8re territoriale et estime ainsi qu\u2019elle aurait eu \u00ab\u2009une chance r\u00e9elle\u2009\u00bb d\u2019int\u00e9grer le nouveau cadre d\u2019emploi si elle avait \u00e9t\u00e9 d\u00fbment inform\u00e9e.<\/p>\n<p class=\" wall-content\">Sur sa perte de chance, \u00ab\u2009le calcul doit \u00eatre fait sur la r\u00e9mun\u00e9ration qu\u2019elle aurait per\u00e7u si elle avait b\u00e9n\u00e9fici\u00e9 de ce nouveau cadre d\u2019emploi\u2009\u00bb, poursuit la rapporteure publique.<\/p>\n<p class=\" wall-content\">Consid\u00e9rant la faute de la collectivit\u00e9, elle chiffre \u00e0 25\u2009% la \u00ab\u2009perte de chance\u2009\u00bb de l\u2019infirmi\u00e8re et demande au tribunal de condamner le D\u00e9partement de la Seine-Maritime \u00e0 verser la somme de <strong>47\u2009000\u00a0euros de r\u00e9parations \u00e0 l\u2019infirmi\u00e8re.<\/strong><\/p>\n<p>La d\u00e9cision du tribunal rendue le 16\u00a0janvier<\/p>\n<p class=\" wall-content\">En d\u00e9fense, l\u2019avocate du D\u00e9partement estime que la requ\u00e9rante n\u2019a pas b\u00e9n\u00e9fici\u00e9 de ce droit d\u2019option car l\u2019infirmi\u00e8re avait d\u00e9j\u00e0 eu l\u2019occasion d\u2019en faire usage en 2012, alors qu\u2019elle n\u2019exer\u00e7ait pas la m\u00eame fonction. <strong>Un droit dont elle n\u2019a pas fait usage \u00e0 cette \u00e9poque.<\/strong><\/p>\n<p class=\" wall-content\">Mais l\u2019argument ne convainc pas la rapporteure, qui estime que son droit d\u2019option peut \u00eatre invoqu\u00e9 \u00e0 deux reprises, d\u00e8s lors que l\u2019on consid\u00e8re des cadres d\u2019emploi distincts.<\/p>\n<p class=\" wall-content\">De son c\u00f4t\u00e9, l\u2019avocate de la requ\u00e9rante note simplement que sa cliente, toujours en poste, pr\u00e9voit de partir \u00e0 la retraite en 2028 et <strong>n\u2019a pas pris de retraite anticip\u00e9e<\/strong>, \u00ab\u2009elle aurait ainsi choisi la deuxi\u00e8me option\u2009\u00bb.<\/p>\n<p>Votre r\u00e9gion, votre actu !<\/p>\n<p>Recevez chaque jour les infos qui comptent pour vous.<\/p>\n<p>\t<a href=\"https:\/\/actu.fr\/newsletter\" class=\"ac-btn ac-btn--corner ac-btn--medium ac-btn--blue800\" target=\"_blank\" rel=\"noopener\">S&rsquo;incrire<\/a><\/p>\n<p class=\" wall-content\">L\u2019affaire a \u00e9t\u00e9 mise en d\u00e9lib\u00e9r\u00e9 et le jugement sera rendu le 16\u00a0janvier 2026 par le tribunal administratif de Rouen.<\/p>\n<p>Suivez l\u2019actualit\u00e9 de Rouen sur <a href=\"https:\/\/www.whatsapp.com\/channel\/0029VaKfnf99hXF2ddApFB1D\" target=\"_blank\" rel=\"noopener\">notre cha\u00eene WhatsApp<\/a> et sur <a href=\"https:\/\/www.tiktok.com\/@76actu.fr?lang=fr\" target=\"_blank\" rel=\"noopener\">notre compte TikTok<\/a>Suivez l\u2019actualit\u00e9 du Havre sur <a href=\"https:\/\/www.whatsapp.com\/channel\/0029VaFqJYE8aKvLBwVrEe0o\" target=\"_blank\" rel=\"noopener\">notre cha\u00eene WhatsApp<\/a> et sur <a href=\"https:\/\/www.tiktok.com\/@76actu.fr?lang=fr\" target=\"_blank\" rel=\"noopener\">notre compte TikTok<\/a><\/p>\n<p class=\" wall-content\">*pr\u00e9nom modifi\u00e9<\/p>\n<p class=\" wall-content\">Personnalisez votre actualit\u00e9 en ajoutant vos villes et m\u00e9dias en favori avec <a href=\"https:\/\/moncompte.actu.fr\" title=\"D\u00e9couvez Mon Actu\" rel=\"nofollow noopener\" data-trk=\"{&quot;cta&quot;:{&quot;action&quot;:&quot;https:\\\/\\\/moncompte.actu.fr&quot;,&quot;category&quot;:&quot;mon compte&quot;,&quot;from&quot;:&quot;article footer&quot;,&quot;name&quot;:&quot;Mon actu&quot;,&quot;type&quot;:&quot;cta&quot;}}\" target=\"_blank\">Mon Actu<\/a>.<\/p>\n<p>                    <script async src=\"\/\/www.tiktok.com\/embed.js\"><\/script><\/p>\n","protected":false},"excerpt":{"rendered":"Par Adrien Filoche Publi\u00e9 le 20 d\u00e9c. 2025 \u00e0 7h42 Infirmi\u00e8re pu\u00e9ricultrice, Laurence* a \u00e9t\u00e9 recrut\u00e9e en d\u00e9tachement&hellip;\n","protected":false},"author":2,"featured_media":611233,"comment_status":"","ping_status":"","sticky":false,"template":"","format":"standard","meta":{"footnotes":""},"categories":[9587],"tags":[1111,11,1777,674,118,1011,27,303,12,5161,25,9590,71,13682],"class_list":{"0":"post-611232","1":"post","2":"type-post","3":"status-publish","4":"format-standard","5":"has-post-thumbnail","7":"category-rouen","8":"tag-actu","9":"tag-actualites","10":"tag-eu","11":"tag-europe","12":"tag-faits-divers","13":"tag-fr","14":"tag-france","15":"tag-justice","16":"tag-news","17":"tag-normandie","18":"tag-republique-francaise","19":"tag-rouen","20":"tag-sante","21":"tag-tribunal-de-rouen"},"share_on_mastodon":{"url":"https:\/\/pubeurope.com\/@fr\/115750695360109913","error":""},"_links":{"self":[{"href":"https:\/\/www.europesays.com\/fr\/wp-json\/wp\/v2\/posts\/611232","targetHints":{"allow":["GET"]}}],"collection":[{"href":"https:\/\/www.europesays.com\/fr\/wp-json\/wp\/v2\/posts"}],"about":[{"href":"https:\/\/www.europesays.com\/fr\/wp-json\/wp\/v2\/types\/post"}],"author":[{"embeddable":true,"href":"https:\/\/www.europesays.com\/fr\/wp-json\/wp\/v2\/users\/2"}],"replies":[{"embeddable":true,"href":"https:\/\/www.europesays.com\/fr\/wp-json\/wp\/v2\/comments?post=611232"}],"version-history":[{"count":0,"href":"https:\/\/www.europesays.com\/fr\/wp-json\/wp\/v2\/posts\/611232\/revisions"}],"wp:featuredmedia":[{"embeddable":true,"href":"https:\/\/www.europesays.com\/fr\/wp-json\/wp\/v2\/media\/611233"}],"wp:attachment":[{"href":"https:\/\/www.europesays.com\/fr\/wp-json\/wp\/v2\/media?parent=611232"}],"wp:term":[{"taxonomy":"category","embeddable":true,"href":"https:\/\/www.europesays.com\/fr\/wp-json\/wp\/v2\/categories?post=611232"},{"taxonomy":"post_tag","embeddable":true,"href":"https:\/\/www.europesays.com\/fr\/wp-json\/wp\/v2\/tags?post=611232"}],"curies":[{"name":"wp","href":"https:\/\/api.w.org\/{rel}","templated":true}]}}