{"id":611234,"date":"2025-12-20T07:23:24","date_gmt":"2025-12-20T07:23:24","guid":{"rendered":"https:\/\/www.europesays.com\/fr\/611234\/"},"modified":"2025-12-20T07:23:24","modified_gmt":"2025-12-20T07:23:24","slug":"un-court-circuit-endommage-un-transformateur-une-note-a-plusieurs-millions-deuros-pour-le-smedar","status":"publish","type":"post","link":"https:\/\/www.europesays.com\/fr\/611234\/","title":{"rendered":"Un court-circuit endommage un transformateur&#8230; Une note \u00e0 plusieurs millions d&rsquo;euros pour le Sm\u00e9dar"},"content":{"rendered":"<p class=\"article__intro\">Le 22 novembre, un incident s&rsquo;est produit sur l\u2019usine de Valorisation Energ\u00e9tique du Sm\u00e9dar, pr\u00e8s de Rouen, endommageant un transformateur. La direction annonce que le site continue de fonctionner, et, qu&rsquo;un retour \u00e0 la normale est pr\u00e9vu \u00e0 la fin du premier trimestre. La perte financi\u00e8re s&rsquo;\u00e9l\u00e8ve \u00e0 plusieurs millions d&rsquo;euros.<\/p>\n<p>\n      L\u2019actu des r\u00e9gions\n    <\/p>\n<p>\n      Chaque jour, un tour d\u2019horizon des principales infos de toutes les r\u00e9gions.\n    <\/p>\n<p>    France T\u00e9l\u00e9visions utilise votre adresse e-mail afin de vous envoyer la newsletter \u00ab\u00a0L\u2019actu des r\u00e9gions\u00a0\u00bb. Vous pouvez vous d\u00e9sinscrire \u00e0 tout moment via le lien en bas de cette newsletter. <a target=\"_blank\" href=\"https:\/\/www.francetelevisions.fr\/groupe\/confidentialite\/politique-de-confidentialite\/politique-de-confidentialite-de-france-televisions-6503\" rel=\"noopener\">Notre politique de confidentialit\u00e9<\/a><\/p>\n<p>\u00ab\u00a0C\u2019est parce que la s\u00e9curit\u00e9 a fonctionn\u00e9 qu\u2019il n\u2019y a pas eu d\u2019explosion\u00a0\u00bb explique Christophe Lannier, le Directeur g\u00e9n\u00e9ral du Sm\u00e9dar. Depuis presque un mois, le probl\u00e8me demeure : le site qui est en charge de valoriser les d\u00e9chets de plus de 600 000 habitants n&rsquo;est plus ind\u00e9pendant \u00e9nerg\u00e9tiquement.<\/p>\n<\/p>\n<p>\u00c0 l&rsquo;heure actuelle, l\u2019Usine de Valorisation Energ\u00e9tique du Sm\u00e9dar permet de produire 180 GWh d\u2019\u00e9lectricit\u00e9 par an, soit l\u2019\u00e9quivalent de la consommation \u00e9lectrique de la ville de Rouen.<\/p>\n<blockquote class=\"ftvi_content_quote\">\n<p class=\"ftvi_citation_quote\">Il n\u2019y a eu aucun bless\u00e9 \u00e0 lors de ce court-circuit.\u00a0<\/p>\n<p>Christophe Lannier, le Directeur g\u00e9n\u00e9ral du SMEDAR<\/p><\/blockquote>\n<p>Pour rappel, l\u2019\u00c9cop\u00f4le Vesta du Sm\u00e9dar est un site Seveso seuil bas install\u00e9 sur la commune de Grand-Quevilly. L\u2019Usine de Valorisation Energ\u00e9tique traite et valorise chaque ann\u00e9e pr\u00e8s de 325 000 tonnes de d\u00e9chets m\u00e9nagers en provenance de 160 communes de la Seine-Maritime.<\/p>\n<p>Que s&rsquo;est-il pass\u00e9 ? Selon la direction contact\u00e9e ce vendredi 19 d\u00e9cembre, des travaux compl\u00e9mentaires ont \u00e9t\u00e9 entrepris sur l\u2019interconnexion \u00e9lectrique entre le centre de tri, et, l\u2019unit\u00e9 de valorisation \u00e9nerg\u00e9tique.<\/p>\n<p>Lors de ces ajustements, un court-circuit \u00ab\u00a0d\u2019une tr\u00e8s grande ampleur et d\u2019une rapidit\u00e9 extr\u00eame\u00a0\u00bb est survenu. Cette situation a eu pour cons\u00e9quence un arr\u00eat pur et simple de la production d&rsquo;\u00e9lectricit\u00e9, qui est normalement utilis\u00e9 dans le cadre du tri des d\u00e9chets sur le territoire.<\/p>\n<blockquote class=\"ftvi_content_quote\">\n<p class=\"ftvi_citation_quote\">Oui, il y a urgence, mais on veut faire les choses correctement. On parle de milli\u00e8me de seconde.<\/p>\n<p> Christophe Lannier, le Directeur g\u00e9n\u00e9ral du Sm\u00e9dar<\/p><\/blockquote>\n<p>L&rsquo;activit\u00e9 \u00e9lectrique est donc \u00e0 l&rsquo;arr\u00eat, mais le traitement des d\u00e9chets et la production de chaleur sont maintenus, \u00e0 la seule diff\u00e9rence qu&rsquo;au lieu d&rsquo;\u00eatre autoproduite, l&rsquo;\u00e9lectricit\u00e9 est achet\u00e9e, \u00ab\u00a0il n&rsquo;y a aucune cons\u00e9quence sur les usagers\u00a0\u00bb rajoute le directeur g\u00e9n\u00e9ral.\u00a0\u00ab\u00a0Les cons\u00e9quences sont uniquement techniques et financi\u00e8res\u00a0\u00bb conclut-il.<\/p>\n<blockquote class=\"ftvi_content_quote\">\n<p class=\"ftvi_citation_quote\">Le Sm\u00e9dar rappelle qu\u2019en tant que site industriel, ses installations peuvent, comme toute infrastructure de cette nature, \u00eatre confront\u00e9es \u00e0 des al\u00e9as techniques. Les salari\u00e9s de la soci\u00e9t\u00e9 SNVE, ainsi que les agents et \u00e9lus du Sm\u00e9dar mettent tout en \u0153uvre pour r\u00e9tablir la situation dans les meilleurs d\u00e9lais, en garantissant la s\u00e9curit\u00e9 des installations et la continuit\u00e9 du service public.<\/p>\n<p>Extrait du communiqu\u00e9 de presse, diffus\u00e9 ce vendredi 19 d\u00e9cembre<\/p><\/blockquote>\n<p>Depuis la mise en route de ce site, c&rsquo;est la premi\u00e8re fois que le SM\u00c9DAR fait face \u00e0 ce probl\u00e8me de si grande ampleur.<\/p>\n<p>La direction l&rsquo;assure \u00ab\u00a0toutes les \u00e9quipes sont mobilis\u00e9es pour r\u00e9soudre cette situation\u00a0\u00bb. L&rsquo;expertise est toujours en cours et ils recherchent un transformateur \u00e0 louer qui pourrait \u00eatre en ad\u00e9quation avec le syst\u00e8me en place.<\/p>\n<p>La remise en route est estim\u00e9e aux alentours de la fin du premier trimestre 2026, soit fin mars.<\/p><\/p>\n","protected":false},"excerpt":{"rendered":"Le 22 novembre, un incident s&rsquo;est produit sur l\u2019usine de Valorisation Energ\u00e9tique du Sm\u00e9dar, pr\u00e8s de Rouen, endommageant&hellip;\n","protected":false},"author":2,"featured_media":611235,"comment_status":"","ping_status":"","sticky":false,"template":"","format":"standard","meta":{"footnotes":""},"categories":[9587],"tags":[1111,11,1777,674,1011,27,12,5161,25,9590],"class_list":{"0":"post-611234","1":"post","2":"type-post","3":"status-publish","4":"format-standard","5":"has-post-thumbnail","7":"category-rouen","8":"tag-actu","9":"tag-actualites","10":"tag-eu","11":"tag-europe","12":"tag-fr","13":"tag-france","14":"tag-news","15":"tag-normandie","16":"tag-republique-francaise","17":"tag-rouen"},"share_on_mastodon":{"url":"https:\/\/pubeurope.com\/@fr\/115750699299116457","error":""},"_links":{"self":[{"href":"https:\/\/www.europesays.com\/fr\/wp-json\/wp\/v2\/posts\/611234","targetHints":{"allow":["GET"]}}],"collection":[{"href":"https:\/\/www.europesays.com\/fr\/wp-json\/wp\/v2\/posts"}],"about":[{"href":"https:\/\/www.europesays.com\/fr\/wp-json\/wp\/v2\/types\/post"}],"author":[{"embeddable":true,"href":"https:\/\/www.europesays.com\/fr\/wp-json\/wp\/v2\/users\/2"}],"replies":[{"embeddable":true,"href":"https:\/\/www.europesays.com\/fr\/wp-json\/wp\/v2\/comments?post=611234"}],"version-history":[{"count":0,"href":"https:\/\/www.europesays.com\/fr\/wp-json\/wp\/v2\/posts\/611234\/revisions"}],"wp:featuredmedia":[{"embeddable":true,"href":"https:\/\/www.europesays.com\/fr\/wp-json\/wp\/v2\/media\/611235"}],"wp:attachment":[{"href":"https:\/\/www.europesays.com\/fr\/wp-json\/wp\/v2\/media?parent=611234"}],"wp:term":[{"taxonomy":"category","embeddable":true,"href":"https:\/\/www.europesays.com\/fr\/wp-json\/wp\/v2\/categories?post=611234"},{"taxonomy":"post_tag","embeddable":true,"href":"https:\/\/www.europesays.com\/fr\/wp-json\/wp\/v2\/tags?post=611234"}],"curies":[{"name":"wp","href":"https:\/\/api.w.org\/{rel}","templated":true}]}}