{"id":611238,"date":"2025-12-20T07:25:19","date_gmt":"2025-12-20T07:25:19","guid":{"rendered":"https:\/\/www.europesays.com\/fr\/611238\/"},"modified":"2025-12-20T07:25:19","modified_gmt":"2025-12-20T07:25:19","slug":"les-rapaces-de-gap-etrilles-par-grenoble-dans-le-derby-des-alpes-8-2","status":"publish","type":"post","link":"https:\/\/www.europesays.com\/fr\/611238\/","title":{"rendered":"Les Rapaces de Gap \u00e9trill\u00e9s par Grenoble dans le derby des Alpes (8-2)"},"content":{"rendered":"<p itemprop=\"description\"><strong>Le chemin de croix se poursuit pour les Rapaces de Gap. Ce vendredi soir, ils se sont lourdement inclin\u00e9s dans le derby des Alpes face aux Br\u00fbleurs de Loups (8-2).<\/strong><\/p>\n<p>Sur la glace de Polesud, les Gapen\u00e7ais sont tomb\u00e9s face \u00e0 un immense Jakub Stepanek, auteur de 45 arr\u00eats. Car la rencontre avait bien d\u00e9but\u00e9, avec un 3-2 \u00e0 la fin du premier tiers qui laissait pr\u00e9sager du meilleur.<\/p>\n<p>Mais Grenoble a pris son envol, laissant Gap scotch\u00e9 \u00e0 ses deux buts, menant 4-2 dans le deuxi\u00e8me tiers puis 8-2 \u00e0 l&rsquo;issue du match.<\/p>\n<p>Un score fleuve qui ne refl\u00e8te pas vraiment la prestation des Haut-Alpins, qui ont pu dominer par moment et qui auraient m\u00e9rit\u00e9 mieux si le gardien is\u00e9rois n&rsquo;avait pas \u00e9t\u00e9 aussi \u00e9tincelant.<\/p>\n<p>Cette victoire permet aux Br\u00fbleurs de Loups de prendre la t\u00eate du championnat. Gap s&rsquo;enfonce toujours plus dans la crise.<\/p>\n<p>Bons derniers de Ligue Magnus, les co\u00e9quipiers de \u00a0Dakota Raabe encha\u00eeneront ce dimanche apr\u00e8s-midi \u00e0 domicile face \u00e0 Amiens, pour le fameux match du lancer de peluches.<\/p>\n","protected":false},"excerpt":{"rendered":"Le chemin de croix se poursuit pour les Rapaces de Gap. Ce vendredi soir, ils se sont lourdement&hellip;\n","protected":false},"author":2,"featured_media":611239,"comment_status":"","ping_status":"","sticky":false,"template":"","format":"standard","meta":{"footnotes":""},"categories":[9566],"tags":[1111,68669,11,7733,68664,68663,8279,2430,650,7734,68673,1777,674,68676,1011,27,68675,1085,2731,8280,68672,68670,1114,4662,68678,68671,12,1825,68667,68674,68666,68665,68668,25,68677,7053],"class_list":{"0":"post-611238","1":"post","2":"type-post","3":"status-publish","4":"format-standard","5":"has-post-thumbnail","7":"category-grenoble","8":"tag-actu","9":"tag-actualite-hautes-alpes","10":"tag-actualites","11":"tag-alpes","12":"tag-alpes-1-gap","13":"tag-alpes-1-hautes-alpes","14":"tag-alpes1","15":"tag-auvergne-rhone-alpes","16":"tag-cinema","17":"tag-ecoute","18":"tag-ecouter-alpes-1","19":"tag-eu","20":"tag-europe","21":"tag-evenements-hautes-alpes","22":"tag-fr","23":"tag-france","24":"tag-frequence-alpes-1","25":"tag-gap","26":"tag-grenoble","27":"tag-haute","28":"tag-hits-hautes-alpes","29":"tag-info-hautes-alpes","30":"tag-infos","31":"tag-journal","32":"tag-meteo-hautes-alpes","33":"tag-musique-hautes-alpes","34":"tag-news","35":"tag-radio","36":"tag-radio-briancon","37":"tag-radio-en-ligne-hautes-alpes","38":"tag-radio-gap","39":"tag-radio-hautes-alpes","40":"tag-radio-locale-hautes-alpes","41":"tag-republique-francaise","42":"tag-sorties-hautes-alpes","43":"tag-sud"},"share_on_mastodon":{"url":"","error":"Validation failed: Text character limit of 500 exceeded"},"_links":{"self":[{"href":"https:\/\/www.europesays.com\/fr\/wp-json\/wp\/v2\/posts\/611238","targetHints":{"allow":["GET"]}}],"collection":[{"href":"https:\/\/www.europesays.com\/fr\/wp-json\/wp\/v2\/posts"}],"about":[{"href":"https:\/\/www.europesays.com\/fr\/wp-json\/wp\/v2\/types\/post"}],"author":[{"embeddable":true,"href":"https:\/\/www.europesays.com\/fr\/wp-json\/wp\/v2\/users\/2"}],"replies":[{"embeddable":true,"href":"https:\/\/www.europesays.com\/fr\/wp-json\/wp\/v2\/comments?post=611238"}],"version-history":[{"count":0,"href":"https:\/\/www.europesays.com\/fr\/wp-json\/wp\/v2\/posts\/611238\/revisions"}],"wp:featuredmedia":[{"embeddable":true,"href":"https:\/\/www.europesays.com\/fr\/wp-json\/wp\/v2\/media\/611239"}],"wp:attachment":[{"href":"https:\/\/www.europesays.com\/fr\/wp-json\/wp\/v2\/media?parent=611238"}],"wp:term":[{"taxonomy":"category","embeddable":true,"href":"https:\/\/www.europesays.com\/fr\/wp-json\/wp\/v2\/categories?post=611238"},{"taxonomy":"post_tag","embeddable":true,"href":"https:\/\/www.europesays.com\/fr\/wp-json\/wp\/v2\/tags?post=611238"}],"curies":[{"name":"wp","href":"https:\/\/api.w.org\/{rel}","templated":true}]}}