{"id":611240,"date":"2025-12-20T07:26:13","date_gmt":"2025-12-20T07:26:13","guid":{"rendered":"https:\/\/www.europesays.com\/fr\/611240\/"},"modified":"2025-12-20T07:26:13","modified_gmt":"2025-12-20T07:26:13","slug":"un-motard-de-23-ans-tue-dans-un-accident-pres-de-rennes","status":"publish","type":"post","link":"https:\/\/www.europesays.com\/fr\/611240\/","title":{"rendered":"Un motard de 23 ans tu\u00e9 dans un accident pr\u00e8s de Rennes"},"content":{"rendered":"<p>Ce samedi 20 d\u00e9cembre, \u00e0 3\u00a0h\u00a040, les pompiers d\u2019Ille-et-Vilaine ont \u00e9t\u00e9 appel\u00e9s, un accident de la route s\u2019\u00e9tant produit au niveau de la commune du Rheu, une collision entre une voiture et une moto sur la RN24 dans le sens Lorient &#8211; Rennes. Le motard, \u00e2g\u00e9 de 23 ans, est d\u00e9c\u00e9d\u00e9.<\/p>\n<p>Quelques heures plus t\u00f4t, \u00e0 19\u00a0h\u00a030, un autre accident a eu lieu sur la RN24, toujours \u00e0 hauteur du Rheu, mais cette fois dans le sens Rennes &#8211; Lorient. Un pi\u00e9ton, \u00e2g\u00e9 de 29 ans, a \u00e9t\u00e9 percut\u00e9 par une voiture. Il a \u00e9t\u00e9 transport\u00e9 en \u00ab\u00a0urgence absolue\u00a0\u00bb \u00e0 l\u2019h\u00f4pital de Pontchaillou.<\/p>\n","protected":false},"excerpt":{"rendered":"Ce samedi 20 d\u00e9cembre, \u00e0 3\u00a0h\u00a040, les pompiers d\u2019Ille-et-Vilaine ont \u00e9t\u00e9 appel\u00e9s, un accident de la route s\u2019\u00e9tant&hellip;\n","protected":false},"author":2,"featured_media":611241,"comment_status":"","ping_status":"","sticky":false,"template":"","format":"standard","meta":{"footnotes":""},"categories":[2821],"tags":[3085,1111,11,829,765,1777,674,118,1011,27,848,12,584,25],"class_list":{"0":"post-611240","1":"post","2":"type-post","3":"status-publish","4":"format-standard","5":"has-post-thumbnail","7":"category-rennes","8":"tag-accidents","9":"tag-actu","10":"tag-actualites","11":"tag-bretagne","12":"tag-en-continu","13":"tag-eu","14":"tag-europe","15":"tag-faits-divers","16":"tag-fr","17":"tag-france","18":"tag-ille-et-vilaine","19":"tag-news","20":"tag-rennes","21":"tag-republique-francaise"},"share_on_mastodon":{"url":"https:\/\/pubeurope.com\/@fr\/115750711136006394","error":""},"_links":{"self":[{"href":"https:\/\/www.europesays.com\/fr\/wp-json\/wp\/v2\/posts\/611240","targetHints":{"allow":["GET"]}}],"collection":[{"href":"https:\/\/www.europesays.com\/fr\/wp-json\/wp\/v2\/posts"}],"about":[{"href":"https:\/\/www.europesays.com\/fr\/wp-json\/wp\/v2\/types\/post"}],"author":[{"embeddable":true,"href":"https:\/\/www.europesays.com\/fr\/wp-json\/wp\/v2\/users\/2"}],"replies":[{"embeddable":true,"href":"https:\/\/www.europesays.com\/fr\/wp-json\/wp\/v2\/comments?post=611240"}],"version-history":[{"count":0,"href":"https:\/\/www.europesays.com\/fr\/wp-json\/wp\/v2\/posts\/611240\/revisions"}],"wp:featuredmedia":[{"embeddable":true,"href":"https:\/\/www.europesays.com\/fr\/wp-json\/wp\/v2\/media\/611241"}],"wp:attachment":[{"href":"https:\/\/www.europesays.com\/fr\/wp-json\/wp\/v2\/media?parent=611240"}],"wp:term":[{"taxonomy":"category","embeddable":true,"href":"https:\/\/www.europesays.com\/fr\/wp-json\/wp\/v2\/categories?post=611240"},{"taxonomy":"post_tag","embeddable":true,"href":"https:\/\/www.europesays.com\/fr\/wp-json\/wp\/v2\/tags?post=611240"}],"curies":[{"name":"wp","href":"https:\/\/api.w.org\/{rel}","templated":true}]}}