{"id":611244,"date":"2025-12-20T07:28:17","date_gmt":"2025-12-20T07:28:17","guid":{"rendered":"https:\/\/www.europesays.com\/fr\/611244\/"},"modified":"2025-12-20T07:28:17","modified_gmt":"2025-12-20T07:28:17","slug":"le-rer-alsacien-accelere-et-va-plus-loin","status":"publish","type":"post","link":"https:\/\/www.europesays.com\/fr\/611244\/","title":{"rendered":"le \u00ab\u00a0RER alsacien\u00a0\u00bb acc\u00e9l\u00e8re et va plus loin"},"content":{"rendered":"<p>Ne l\u2019appelez plus \u201cReme\u201d, mais \u201cSerm\u201d\u00a0! Le \u201cR\u00e9seau express m\u00e9tropolitain europ\u00e9en\u201d est devenu \u201cService express r\u00e9gional m\u00e9tropolitain\u201d. Derri\u00e8re ce changement de nom d\u00e9coulant d\u2019<a href=\"https:\/\/www.dna.fr\/encadres\/2025\/10\/18\/a-strasbourg-un-serm-apres-le-reme\" target=\"_blank\" rel=\"noopener\">une labellisation minist\u00e9rielle de juin\u00a02024<\/a> (*), le \u201cRER\u201d de l\u2019aire urbaine strasbourgeoise poursuit son d\u00e9veloppement. Il passe m\u00eame \u00e0 la vitesse sup\u00e9rieure.<\/p>\n<p>P\u00e9rim\u00e8tre plus large\u00a0: six nouvelles lignes ferroviaires, des cars express interurbains<\/p>\n<p>Le p\u00e9rim\u00e8tre desservi sera plus large, et ce par deux moyens. Six nouvelles lignes ferroviaires seront d\u2019ici 2028 int\u00e9gr\u00e9es au service, en direction de Haguenau-Wissembourg\/Niederbronn-les-Bains, Saverne et S\u00e9lestat, Sarreguemines, Saint-Di\u00e9-des-Vosges et Metz-Nancy. Des cars express interurbains rallieront les zones hors d\u2019acc\u00e8s SNCF, dans un cadencement similaire pour certains trajets.<\/p>\n<p>Pour m\u00e9moire, <a href=\"https:\/\/www.dna.fr\/economie\/2025\/05\/07\/reseau-express-grace-a-la-fiabilite-les-usagers-au-rendez-vous\" target=\"_blank\" rel=\"noopener\">apr\u00e8s des d\u00e9buts chaotiques, le Reme propose d\u00e9sormais<\/a> un train toutes les demi-heures entre 5\u00a0h et 22\u00a0h pour quatre villes \u2013 Haguenau, Molsheim, S\u00e9lestat et Mommenheim&#8230;.<\/p>\n","protected":false},"excerpt":{"rendered":"Ne l\u2019appelez plus \u201cReme\u201d, mais \u201cSerm\u201d\u00a0! Le \u201cR\u00e9seau express m\u00e9tropolitain europ\u00e9en\u201d est devenu \u201cService express r\u00e9gional m\u00e9tropolitain\u201d. Derri\u00e8re&hellip;\n","protected":false},"author":2,"featured_media":611245,"comment_status":"","ping_status":"","sticky":false,"template":"","format":"standard","meta":{"footnotes":""},"categories":[2820],"tags":[1111,11,33,2880,1777,674,107,1011,27,775,3539,12,316,25,640,2879,2803],"class_list":{"0":"post-611244","1":"post","2":"type-post","3":"status-publish","4":"format-standard","5":"has-post-thumbnail","7":"category-strasbourg","8":"tag-actu","9":"tag-actualites","10":"tag-economie","11":"tag-edition-strasbourg","12":"tag-eu","13":"tag-europe","14":"tag-fil-info","15":"tag-fr","16":"tag-france","17":"tag-grand-est","18":"tag-les-ecologistes","19":"tag-news","20":"tag-politique","21":"tag-republique-francaise","22":"tag-strasbourg","23":"tag-strasbourg-ville","24":"tag-transport"},"share_on_mastodon":{"url":"https:\/\/pubeurope.com\/@fr\/115750719032963230","error":""},"_links":{"self":[{"href":"https:\/\/www.europesays.com\/fr\/wp-json\/wp\/v2\/posts\/611244","targetHints":{"allow":["GET"]}}],"collection":[{"href":"https:\/\/www.europesays.com\/fr\/wp-json\/wp\/v2\/posts"}],"about":[{"href":"https:\/\/www.europesays.com\/fr\/wp-json\/wp\/v2\/types\/post"}],"author":[{"embeddable":true,"href":"https:\/\/www.europesays.com\/fr\/wp-json\/wp\/v2\/users\/2"}],"replies":[{"embeddable":true,"href":"https:\/\/www.europesays.com\/fr\/wp-json\/wp\/v2\/comments?post=611244"}],"version-history":[{"count":0,"href":"https:\/\/www.europesays.com\/fr\/wp-json\/wp\/v2\/posts\/611244\/revisions"}],"wp:featuredmedia":[{"embeddable":true,"href":"https:\/\/www.europesays.com\/fr\/wp-json\/wp\/v2\/media\/611245"}],"wp:attachment":[{"href":"https:\/\/www.europesays.com\/fr\/wp-json\/wp\/v2\/media?parent=611244"}],"wp:term":[{"taxonomy":"category","embeddable":true,"href":"https:\/\/www.europesays.com\/fr\/wp-json\/wp\/v2\/categories?post=611244"},{"taxonomy":"post_tag","embeddable":true,"href":"https:\/\/www.europesays.com\/fr\/wp-json\/wp\/v2\/tags?post=611244"}],"curies":[{"name":"wp","href":"https:\/\/api.w.org\/{rel}","templated":true}]}}