{"id":611246,"date":"2025-12-20T07:29:16","date_gmt":"2025-12-20T07:29:16","guid":{"rendered":"https:\/\/www.europesays.com\/fr\/611246\/"},"modified":"2025-12-20T07:29:16","modified_gmt":"2025-12-20T07:29:16","slug":"coupe-de-france-de-football-usld","status":"publish","type":"post","link":"https:\/\/www.europesays.com\/fr\/611246\/","title":{"rendered":"Coupe de France de football : USLD"},"content":{"rendered":"<p><img decoding=\"async\" class=\"\" style=\"width:100%;max-width:100%\" src=\"https:\/\/www.europesays.com\/fr\/wp-content\/uploads\/2025\/12\/Photo_anciens_USLD1738160015836_format1by11766159717458-format16by9.jpg\" alt=\"Delta FM\"\/><\/p>\n<p>L&rsquo;an dernier, Dunkerque \u00e9liminait Auxerre en 32e. Cette ann\u00e9e, ce sera Strasbourg, sans Pape Diong.<\/p>\n<p>Cr\u00e9dit : Delta FM<\/p>\n<p><strong>C&rsquo;est une mauvaise nouvelle pour Albert Sanchez et les Dunkerquois&#8230;<\/strong><\/p>\n<p><strong>Pape Diong<\/strong>, milieu de terrain d\u00e9fensif de l&rsquo;USL Dunkerque, <strong>sera absent<\/strong> pour les 32\u1d49\u02e2 de finale de la Coupe de France.<\/p>\n<p>La raison ? <strong>Il est un joueur strasbourgeois en pr\u00eat \u00e0 Dunkerque.<\/strong><\/p>\n<p>En effet, au sein du contrat du joueur s\u00e9n\u00e9galais, il lui est interdit de jouer contre le club auquel il appartient.<\/p>\n<blockquote>\n<p>Albert Sanchez, entra\u00eeneur de l&rsquo;USLD, est conscient de cette perte, mais reste confiant.<\/p>\n<\/blockquote>\n<p>Les Dunkerquois, auteurs d&rsquo;un <strong>parcours h\u00e9ro\u00efque la saison derni\u00e8re<\/strong> en \u00e9liminant trois clubs de Ligue 1 (Auxerre, Lille et Brest), devront r\u00e9it\u00e9rer l&rsquo;exploit ce dimanche \u00e0 partir de 14h45 pour permettre \u00e0 Pape Diong, et aux autres, de pouvoir jouer au prochain tour.<\/p>\n","protected":false},"excerpt":{"rendered":"L&rsquo;an dernier, Dunkerque \u00e9liminait Auxerre en 32e. Cette ann\u00e9e, ce sera Strasbourg, sans Pape Diong. Cr\u00e9dit : Delta&hellip;\n","protected":false},"author":2,"featured_media":611247,"comment_status":"","ping_status":"","sticky":false,"template":"","format":"standard","meta":{"footnotes":""},"categories":[2820],"tags":[32227,1111,11,72228,3108,83,920,2263,1777,674,33180,63,1011,27,775,72231,72230,66,955,72229,12,72227,72232,468,25,640,72233,68681],"class_list":{"0":"post-611246","1":"post","2":"type-post","3":"status-publish","4":"format-standard","5":"has-post-thumbnail","7":"category-strasbourg","8":"tag-absence","9":"tag-actu","10":"tag-actualites","11":"tag-albert-sanchez","12":"tag-contrat","13":"tag-coupe-de-france","14":"tag-dunkerque","15":"tag-equipe","16":"tag-eu","17":"tag-europe","18":"tag-exploit","19":"tag-football","20":"tag-fr","21":"tag-france","22":"tag-grand-est","23":"tag-interdiction-de-jouer","24":"tag-joueur-senegalais","25":"tag-ligue-1","26":"tag-match","27":"tag-milieu-de-terrain-defensif","28":"tag-news","29":"tag-pape-diong","30":"tag-parcours-heroique","31":"tag-pret","32":"tag-republique-francaise","33":"tag-strasbourg","34":"tag-tour-suivant","35":"tag-usld"},"share_on_mastodon":{"url":"https:\/\/pubeurope.com\/@fr\/115750723681602757","error":""},"_links":{"self":[{"href":"https:\/\/www.europesays.com\/fr\/wp-json\/wp\/v2\/posts\/611246","targetHints":{"allow":["GET"]}}],"collection":[{"href":"https:\/\/www.europesays.com\/fr\/wp-json\/wp\/v2\/posts"}],"about":[{"href":"https:\/\/www.europesays.com\/fr\/wp-json\/wp\/v2\/types\/post"}],"author":[{"embeddable":true,"href":"https:\/\/www.europesays.com\/fr\/wp-json\/wp\/v2\/users\/2"}],"replies":[{"embeddable":true,"href":"https:\/\/www.europesays.com\/fr\/wp-json\/wp\/v2\/comments?post=611246"}],"version-history":[{"count":0,"href":"https:\/\/www.europesays.com\/fr\/wp-json\/wp\/v2\/posts\/611246\/revisions"}],"wp:featuredmedia":[{"embeddable":true,"href":"https:\/\/www.europesays.com\/fr\/wp-json\/wp\/v2\/media\/611247"}],"wp:attachment":[{"href":"https:\/\/www.europesays.com\/fr\/wp-json\/wp\/v2\/media?parent=611246"}],"wp:term":[{"taxonomy":"category","embeddable":true,"href":"https:\/\/www.europesays.com\/fr\/wp-json\/wp\/v2\/categories?post=611246"},{"taxonomy":"post_tag","embeddable":true,"href":"https:\/\/www.europesays.com\/fr\/wp-json\/wp\/v2\/tags?post=611246"}],"curies":[{"name":"wp","href":"https:\/\/api.w.org\/{rel}","templated":true}]}}