{"id":611248,"date":"2025-12-20T07:30:20","date_gmt":"2025-12-20T07:30:20","guid":{"rendered":"https:\/\/www.europesays.com\/fr\/611248\/"},"modified":"2025-12-20T07:30:20","modified_gmt":"2025-12-20T07:30:20","slug":"nice-immersion-avec-les-gendarmes-qui-controlent-dans-les-trains-et-les-gares","status":"publish","type":"post","link":"https:\/\/www.europesays.com\/fr\/611248\/","title":{"rendered":"Nice. Immersion avec les gendarmes qui contr\u00f4lent dans les trains et les gares"},"content":{"rendered":"<p>                    Par<br \/>\n        <strong><br \/>\n            <a href=\"https:\/\/actu.fr\/auteur\/ugo-maillard\" title=\"Consulter tous les articles de Ugo Maillard\" target=\"_blank\" rel=\"noopener\">Ugo Maillard<\/a><br \/>\n                    <\/strong><\/p>\n<p>        Publi\u00e9 le<\/p>\n<p>            20 d\u00e9c. 2025 \u00e0 7h16        <\/p>\n<p>Le rendez-vous est donn\u00e9 en gare de Villeneuve-Loubet (<a href=\"https:\/\/actu.fr\/provence-alpes-cote-d-azur\/alpes-maritimes_06\" target=\"_blank\" rel=\"noopener\">Alpes-Maritimes<\/a>). Ce vendredi 12\u00a0d\u00e9cembre 2025, une dizaine de gendarmes de l\u2019escadron d\u00e9partemental de contr\u00f4le des flux s\u2019appr\u00eate \u00e0 mener une <strong>op\u00e9ration sur la ligne SNCF<\/strong> en direction de Nice. Durant pr\u00e8s de deux heures, les militaires vont multiplier les contr\u00f4les en gare, \u00e0 quai et \u00e0 bord de trains avec comme mission principale, la lutte contre le narcotrafic et en particulier les consommateurs.<\/p>\n<p class=\" wall-content\"><a href=\"https:\/\/actu.fr\/provence-alpes-cote-d-azur\/nice_06088\/nice-une-nouvelle-unite-de-la-gendarmerie-debarque-dans-les-transports-et-frappe-fort_63265236.html\" target=\"_blank\" rel=\"noopener\">Depuis le 1\u1d49\u02b3 octobre\u00a02025<\/a>, cette <strong>nouvelle unit\u00e9<\/strong> se d\u00e9ploie sur des points n\u00e9vralgiques du d\u00e9partement. Sa mission\u2009: contr\u00f4les intensifi\u00e9s sur les principaux axes routiers\u2009; surveillance des transports en commun (trains, bus, tramways) avec le renfort d\u2019\u00e9quipes cynophiles sp\u00e9cialis\u00e9es\u2009; pr\u00e9sence accrue en mer et dans les ports\u2009; lutte judiciaire renforc\u00e9e contre les groupes de d\u00e9linquants en mouvement.<\/p>\n<p class=\" wall-content\">La r\u00e9daction d\u2019<a href=\"https:\/\/actu.fr\/nice\/\" target=\"_blank\" rel=\"noopener\">actu Nice<\/a> a pu suivre l\u2019une de ses op\u00e9rations.<\/p>\n<p>Trois contr\u00f4les par semaine<\/p>\n<p class=\" wall-content\">Compos\u00e9 de 105 gendarmes, l\u2019escadron d\u00e9partemental de contr\u00f4le des flux op\u00e8re depuis deux mois sur le r\u00e9seau SNCF, \u00e0 raison de <strong>deux \u00e0 trois fois par semaine<\/strong>.<\/p>\n<p class=\" wall-content\">Il est 16h30 ce vendredi 12\u00a0d\u00e9cembre lorsque dix militaires, appuy\u00e9s d\u2019un membre de la brigade cynophile et de son chien, proc\u00e8dent \u00e0 leur premier contr\u00f4le. La pr\u00e9sence de Twix, un berger belge malinois de quatre ans, est capitale puisqu\u2019il peut sentir et \u00ab\u2009marquer\u2009\u00bb les personnes en possession de drogue ou d\u2019argent.<\/p>\n<p>    <a href=\"https:\/\/www.google.com\/maps\/embed?pb=!1m18!1m12!1m3!1d11551.4413563235!2d7.132977671082605!3d43.63026567764495!2m3!1f0!2f0!3f0!3m2!1i1024!2i768!4f13.1!3m3!1m2!1s0x12cdd48a23407749%3A0x717812c06ea6003b!2sVilleneuve-Loubet!5e0!3m2!1sfr!2sfr!4v1765971307744!5m2!1sfr!2sfr\" title=\"Ouvrie le lien\" target=\"_blank\" rel=\"noopener\">Cliquez ici pour visualiser le contenu<\/a><\/p>\n<p class=\" wall-content\">Sur le parvis de la gare de Villeneuve-Loubet, Twix marque un homme d\u2019une trentaine d\u2019ann\u00e9es. Apr\u00e8s une fouille de l\u2019individu, les effectifs d\u00e9couvrent plusieurs centaines d\u2019euros en liquide. L\u2019homme finira au poste pour justifier la provenance de l\u2019argent.<\/p>\n<p>Votre r\u00e9gion, votre actu !<\/p>\n<p>Recevez chaque jour les infos qui comptent pour vous.<\/p>\n<p>\t<a href=\"https:\/\/actu.fr\/newsletter\" class=\"ac-btn ac-btn--corner ac-btn--medium ac-btn--blue800\" target=\"_blank\" rel=\"noopener\">S&rsquo;incrire<\/a><\/p>\n<p>    <img   decoding=\"async\" loading=\"lazy\" src=\"https:\/\/www.europesays.com\/fr\/wp-content\/uploads\/2025\/12\/gendarmes-gare-villeneuve-loubet-960x640.png\" alt=\"Les gendarmes proc\u00e8dent \u00e0 des contr\u00f4les en gare.\" width=\"960\" height=\"640\"\/><br \/>\n    Les gendarmes proc\u00e8dent \u00e0 des contr\u00f4les en gare. (\u00a9Ugo Maillard \/ actu Nice)Des contr\u00f4les dans le train<\/p>\n<p class=\" wall-content\">Les gendarmes des Alpes-Maritimes ont d\u00fb s\u2019adapter \u00e0 leur nouvelle mission de patrouilles dans les trains. Une pr\u00e9sence qui surprend \u00e9galement les passagers. Entre \u00e9tonnement, sourires et crainte, l\u2019inspection de Twix et des \u00e9quipes de la gendarmerie nationale ne laissent pas indiff\u00e9rent.<\/p>\n<p class=\" wall-content\">Une escouade imposante avec de nombreux gendarmes qui m\u00e8nent parfois \u00e0 des tensions. \u00ab\u2009\u00c7a peut arriver d\u2019avoir des \u00e9nervements lors des contr\u00f4les. Mais la pr\u00e9sence du chien et l\u2019activation de la cam\u00e9ra pi\u00e9ton calment souvent les ardeurs\u2009\u00bb, pr\u00e9cise le capitaine Pouilloux, \u00e0 la t\u00eate de l\u2019escadron.<\/p>\n<p class=\" wall-content\">Le berger belge renifle chaque passager du wagon en direction de Nice. Ce jour-l\u00e0, du cannabis est d\u00e9couvert sur des passagers, ainsi que de la coca\u00efne sous un si\u00e8ge.<\/p>\n<p>Des contr\u00f4les cibl\u00e9s<\/p>\n<p class=\" wall-content\">L\u2019op\u00e9ration de ce vendredi se termine sur le quai de la gare de Nice Saint-Augustin, un site de tr\u00e8s fort passage \u00e0 ce cr\u00e9neau horaire. Le d\u00e9ploiement de l\u2019escadron n\u2019est pas d\u00fb au hasard.<\/p>\n<p class=\" wall-content\">\u00ab\u2009Nous sommes en lien avec les mairies des Alpes-Maritimes et les services de la SNCF pour intervenir sur des secteurs cibl\u00e9s, dans l\u2019optique de la lutte contre le trafic de stup\u00e9fiants\u2009\u00bb, pr\u00e9cise le capitaine Pouilloux.<\/p>\n<p class=\" wall-content\">Lors de cette op\u00e9ration de vendredi qui aura dur\u00e9 pr\u00e8s de <strong>deux heures<\/strong>, les militaires auront contr\u00f4l\u00e9 des centaines de passagers, dont plusieurs dizaines d\u2019amendes dress\u00e9es.<\/p>\n<p class=\" wall-content\">Personnalisez votre actualit\u00e9 en ajoutant vos villes et m\u00e9dias en favori avec <a href=\"https:\/\/moncompte.actu.fr\" title=\"D\u00e9couvez Mon Actu\" rel=\"nofollow noopener\" data-trk=\"{&quot;cta&quot;:{&quot;action&quot;:&quot;https:\\\/\\\/moncompte.actu.fr&quot;,&quot;category&quot;:&quot;mon compte&quot;,&quot;from&quot;:&quot;article footer&quot;,&quot;name&quot;:&quot;Mon actu&quot;,&quot;type&quot;:&quot;cta&quot;}}\" target=\"_blank\">Mon Actu<\/a>.<\/p>\n","protected":false},"excerpt":{"rendered":"Par Ugo Maillard Publi\u00e9 le 20 d\u00e9c. 2025 \u00e0 7h16 Le rendez-vous est donn\u00e9 en gare de Villeneuve-Loubet&hellip;\n","protected":false},"author":2,"featured_media":611249,"comment_status":"","ping_status":"","sticky":false,"template":"","format":"standard","meta":{"footnotes":""},"categories":[2819],"tags":[1111,11,1777,674,118,1011,27,3381,12,2401,882,25,2215],"class_list":{"0":"post-611248","1":"post","2":"type-post","3":"status-publish","4":"format-standard","5":"has-post-thumbnail","7":"category-nice","8":"tag-actu","9":"tag-actualites","10":"tag-eu","11":"tag-europe","12":"tag-faits-divers","13":"tag-fr","14":"tag-france","15":"tag-gendarmerie","16":"tag-news","17":"tag-nice","18":"tag-provence-alpes-cote-dazur","19":"tag-republique-francaise","20":"tag-sncf"},"share_on_mastodon":{"url":"https:\/\/pubeurope.com\/@fr\/115750727452131412","error":""},"_links":{"self":[{"href":"https:\/\/www.europesays.com\/fr\/wp-json\/wp\/v2\/posts\/611248","targetHints":{"allow":["GET"]}}],"collection":[{"href":"https:\/\/www.europesays.com\/fr\/wp-json\/wp\/v2\/posts"}],"about":[{"href":"https:\/\/www.europesays.com\/fr\/wp-json\/wp\/v2\/types\/post"}],"author":[{"embeddable":true,"href":"https:\/\/www.europesays.com\/fr\/wp-json\/wp\/v2\/users\/2"}],"replies":[{"embeddable":true,"href":"https:\/\/www.europesays.com\/fr\/wp-json\/wp\/v2\/comments?post=611248"}],"version-history":[{"count":0,"href":"https:\/\/www.europesays.com\/fr\/wp-json\/wp\/v2\/posts\/611248\/revisions"}],"wp:featuredmedia":[{"embeddable":true,"href":"https:\/\/www.europesays.com\/fr\/wp-json\/wp\/v2\/media\/611249"}],"wp:attachment":[{"href":"https:\/\/www.europesays.com\/fr\/wp-json\/wp\/v2\/media?parent=611248"}],"wp:term":[{"taxonomy":"category","embeddable":true,"href":"https:\/\/www.europesays.com\/fr\/wp-json\/wp\/v2\/categories?post=611248"},{"taxonomy":"post_tag","embeddable":true,"href":"https:\/\/www.europesays.com\/fr\/wp-json\/wp\/v2\/tags?post=611248"}],"curies":[{"name":"wp","href":"https:\/\/api.w.org\/{rel}","templated":true}]}}