{"id":611250,"date":"2025-12-20T07:31:11","date_gmt":"2025-12-20T07:31:11","guid":{"rendered":"https:\/\/www.europesays.com\/fr\/611250\/"},"modified":"2025-12-20T07:31:11","modified_gmt":"2025-12-20T07:31:11","slug":"immobilier-a-nice-cette-etude-est-alarmante-sur-la-flambee-des-prix-des-appartements","status":"publish","type":"post","link":"https:\/\/www.europesays.com\/fr\/611250\/","title":{"rendered":"Immobilier \u00e0 Nice. Cette \u00e9tude est alarmante sur la flamb\u00e9e des prix des appartements"},"content":{"rendered":"<p>                    Par<br \/>\n        <strong><br \/>\n            <a href=\"https:\/\/actu.fr\/auteur\/ugo-maillard\" title=\"Consulter tous les articles de Ugo Maillard\" target=\"_blank\" rel=\"noopener\">Ugo Maillard<\/a><br \/>\n                    <\/strong><\/p>\n<p>        Publi\u00e9 le<\/p>\n<p>            20 d\u00e9c. 2025 \u00e0 8h22        <\/p>\n<p>Une nouvelle \u00e9tude qui d\u00e9montre la<strong> tension maximale<\/strong> du march\u00e9 immobilier \u00e0 <a href=\"https:\/\/actu.fr\/nice\/\" target=\"_blank\" rel=\"noopener\">Nice<\/a>. Nos confr\u00e8res du <a href=\"https:\/\/immobilier.lefigaro.fr\/acheter\/actualites-de-la-recherche-immobiliere\/3362-salaires-moyens\/\" target=\"_blank\" rel=\"noopener\">Figaro <\/a>ont d\u00e9voil\u00e9 une analyse du march\u00e9 immobilier en France avec une question simple\u2009: est-il possible d\u2019acheter un appartement pour un foyer familial avec deux salaires moyens dans les villes de plus de 20000 habitants\u2009?<\/p>\n<p class=\" wall-content\">Le classement s\u2019\u00e9tablit sur les salaires moyens des hommes et des femmes par ville selon l\u2019Insee (2022), les prix m\u00e9dians des biens immobiliers et la capacit\u00e9 d\u2019emprunts.<\/p>\n<p class=\" wall-content\">\u00c0 Nice et dans les <a href=\"https:\/\/actu.fr\/provence-alpes-cote-d-azur\/alpes-maritimes_06\" target=\"_blank\" rel=\"noopener\">Alpes-Maritimes<\/a>, l\u2019\u00e9tat du march\u00e9 est particuli\u00e8rement compliqu\u00e9. Les d\u00e9tails.<\/p>\n<p>Nice dans le rouge<\/p>\n<p class=\" wall-content\">L\u2019\u00e9tude de nos confr\u00e8res est divis\u00e9e en trois points\u2009: peut-on acheter un T3, peut-on acheter un T4 et peut-on acheter un T5. Sur 464\u00a0communes pass\u00e9es au peigne fin, <strong>21 villes n\u2019offrent pas les conditions<\/strong> pour acheter un appartement T3 avec deux salaires moyens.<\/p>\n<p>Les chiffres de la hausse<\/p>\n<p>\u00c0 Nice, le prix moyen du m\u00e8tre carr\u00e9 est de 5331 euros pour les appartements, selon les chiffres au 1er d\u00e9cembre 2025. Ce qui fait de Nice, la deuxi\u00e8me m\u00e9tropole fran\u00e7aise la plus ch\u00e8re derri\u00e8re Paris.<\/p>\n<p>Un chiffre en forte hausse puisque l\u2019\u00e9volution mesur\u00e9e par SeLoger et Meilleurs Agents avec une progression de + 4,6\u2009% sur six mois, soit la plus forte hausse des 10 plus grandes villes fran\u00e7aises.<\/p>\n<p class=\" wall-content\">C\u2019est le cas de Nice. Avec un <strong>revenu mensuel moyen de 4\u2009818\u00a0\u20ac nets<\/strong> et un pouvoir d\u2019achat maximal de 331\u2009848\u00a0euros, l\u2019achat d\u2019un T3 est inaccessible.<\/p>\n<p class=\" wall-content\">De mani\u00e8re assez logique, l\u2019achat d\u2019un T4 et d\u2019un T5 l\u2019est donc aussi.<\/p>\n<p>Votre r\u00e9gion, votre actu !<\/p>\n<p>Recevez chaque jour les infos qui comptent pour vous.<\/p>\n<p>\t<a href=\"https:\/\/actu.fr\/newsletter\" class=\"ac-btn ac-btn--corner ac-btn--medium ac-btn--blue800\" target=\"_blank\" rel=\"noopener\">S&rsquo;incrire<\/a><br \/>\nAlpes-Maritimes<\/p>\n<p class=\" wall-content\">En France, 21 villes font donc face \u00e0 un march\u00e9 immobilier sous tension. Toutes ces communes se situent en \u00cele-de-France, dans les Alpes et\u2026 dans les Alpes-Maritimes.<\/p>\n<p class=\" wall-content\">Dans l\u2019\u00e9tude, on retrouve <strong>six communes maralpines<\/strong>\u2009: Antibes, Cannes, Menton, Nice, Saint-Laurent-du-Var et Vallauris.<\/p>\n<p class=\" wall-content\">Une preuve, s\u2019il en fallait une, que les prix de l\u2019immobilier sur la C\u00f4te d\u2019Azur repr\u00e9sentent une r\u00e9elle probl\u00e9matique.<\/p>\n<p class=\" wall-content\">Personnalisez votre actualit\u00e9 en ajoutant vos villes et m\u00e9dias en favori avec <a href=\"https:\/\/moncompte.actu.fr\" title=\"D\u00e9couvez Mon Actu\" rel=\"nofollow noopener\" data-trk=\"{&quot;cta&quot;:{&quot;action&quot;:&quot;https:\\\/\\\/moncompte.actu.fr&quot;,&quot;category&quot;:&quot;mon compte&quot;,&quot;from&quot;:&quot;article footer&quot;,&quot;name&quot;:&quot;Mon actu&quot;,&quot;type&quot;:&quot;cta&quot;}}\" target=\"_blank\">Mon Actu<\/a>.<\/p>\n","protected":false},"excerpt":{"rendered":"Par Ugo Maillard Publi\u00e9 le 20 d\u00e9c. 2025 \u00e0 8h22 Une nouvelle \u00e9tude qui d\u00e9montre la tension maximale&hellip;\n","protected":false},"author":2,"featured_media":611251,"comment_status":"","ping_status":"","sticky":false,"template":"","format":"standard","meta":{"footnotes":""},"categories":[2819],"tags":[1111,11,33,1777,674,1011,27,1116,12,2401,882,25],"class_list":{"0":"post-611250","1":"post","2":"type-post","3":"status-publish","4":"format-standard","5":"has-post-thumbnail","7":"category-nice","8":"tag-actu","9":"tag-actualites","10":"tag-economie","11":"tag-eu","12":"tag-europe","13":"tag-fr","14":"tag-france","15":"tag-immobilier","16":"tag-news","17":"tag-nice","18":"tag-provence-alpes-cote-dazur","19":"tag-republique-francaise"},"share_on_mastodon":{"url":"https:\/\/pubeurope.com\/@fr\/115750730813043371","error":""},"_links":{"self":[{"href":"https:\/\/www.europesays.com\/fr\/wp-json\/wp\/v2\/posts\/611250","targetHints":{"allow":["GET"]}}],"collection":[{"href":"https:\/\/www.europesays.com\/fr\/wp-json\/wp\/v2\/posts"}],"about":[{"href":"https:\/\/www.europesays.com\/fr\/wp-json\/wp\/v2\/types\/post"}],"author":[{"embeddable":true,"href":"https:\/\/www.europesays.com\/fr\/wp-json\/wp\/v2\/users\/2"}],"replies":[{"embeddable":true,"href":"https:\/\/www.europesays.com\/fr\/wp-json\/wp\/v2\/comments?post=611250"}],"version-history":[{"count":0,"href":"https:\/\/www.europesays.com\/fr\/wp-json\/wp\/v2\/posts\/611250\/revisions"}],"wp:featuredmedia":[{"embeddable":true,"href":"https:\/\/www.europesays.com\/fr\/wp-json\/wp\/v2\/media\/611251"}],"wp:attachment":[{"href":"https:\/\/www.europesays.com\/fr\/wp-json\/wp\/v2\/media?parent=611250"}],"wp:term":[{"taxonomy":"category","embeddable":true,"href":"https:\/\/www.europesays.com\/fr\/wp-json\/wp\/v2\/categories?post=611250"},{"taxonomy":"post_tag","embeddable":true,"href":"https:\/\/www.europesays.com\/fr\/wp-json\/wp\/v2\/tags?post=611250"}],"curies":[{"name":"wp","href":"https:\/\/api.w.org\/{rel}","templated":true}]}}