{"id":611252,"date":"2025-12-20T07:32:14","date_gmt":"2025-12-20T07:32:14","guid":{"rendered":"https:\/\/www.europesays.com\/fr\/611252\/"},"modified":"2025-12-20T07:32:14","modified_gmt":"2025-12-20T07:32:14","slug":"une-touche-de-chaleur-humaine-au-nord-de-nantes-cette-etudiante-prepare-des-colis-pour-les","status":"publish","type":"post","link":"https:\/\/www.europesays.com\/fr\/611252\/","title":{"rendered":"\u00abUne touche de chaleur humaine\u00bb\u00a0: au nord de Nantes, cette \u00e9tudiante pr\u00e9pare des colis pour les"},"content":{"rendered":"<p>Tout au long de l\u2019ann\u00e9e, l\u2019\u00c9picerie solidaire de l\u2019association La Porte ouverte chapelaine, bas\u00e9e \u00e0 <a href=\"https:\/\/www.ouest-france.fr\/pays-de-la-loire\/la-chapelle-sur-erdre-44240\/\" target=\"_blank\" rel=\"noopener\">La Chapelle-sur-Erdre<\/a> (<a href=\"https:\/\/www.ouest-france.fr\/pays-de-la-loire\/loire-atlantique\/\" target=\"_blank\" rel=\"noopener\">Loire-Atlantique<\/a>), permet d\u2019assurer un soutien alimentaire \u00e0 des familles en situation pr\u00e9caire, voire en grande difficult\u00e9. La derni\u00e8re distribution de l\u2019ann\u00e9e a \u00e9t\u00e9 marqu\u00e9e par l\u2019initiative et l\u2019engagement de Juliette Heurtebis, une jeune \u00e9tudiante originaire de Carquefou. Elle a souhait\u00e9 apporter sa contribution en confectionnant des cadeaux destin\u00e9s \u00e0 tous les b\u00e9n\u00e9ficiaires de l\u2019association chapelaine.<\/p>\n<p><strong>Lire aussi\u00a0:<\/strong> <a href=\"https:\/\/nantes.maville.com\/actu\/actudet_-la-chapelle-sur-erdre.-plus-qu-un-lieu-de-vente-l-epicerie-solidaire-fait-du-lien-_8-7020956_actu.Htm\" target=\"_blank\" rel=\"noopener\">La Chapelle-sur-Erdre. Plus qu\u2019un lieu de vente, l\u2019\u00e9picerie solidaire fait du lien<\/a><\/p>\n<p>Une exp\u00e9rience unique<\/p>\n<p>\u00a0Pour mener \u00e0 bien ce projet, je me suis rapproch\u00e9e de mon ancienne \u00e9cole maternelle et primaire, l\u2019\u00e9tablissement Georges-Brassens, \u00e0 Carquefou, o\u00f9 les institutrices, les enfants, les parents se sont mobilis\u00e9s avec enthousiasme\u00a0\u00bb, souligne Juliette. Des dessins d\u2019enfants, des livres, des \u00e9toiles en p\u00e2te \u00e0 sel joliment d\u00e9cor\u00e9s, des savons\u2026 garnissaient chaque colis d\u00e9licieusement emball\u00e9 par la grande s\u0153ur de Juliette Heurtebis. Ses copines d\u2019\u00e9cole ont aussi particip\u00e9 \u00e0 la r\u00e9alisation de son op\u00e9ration. \u00a0C\u2019est vraiment unique comme exp\u00e9rience, cela m\u2019a permis de retrouver quelques instituteurs et institutrices du pass\u00e9. Ma d\u00e9marche a commenc\u00e9 en septembre et j\u2019ai toujours re\u00e7u plein d\u2019encouragements de la part des personnes rencontr\u00e9es.\u00a0<\/p>\n<p>\u00ab\u00a0L\u2019importance des petits gestes\u00a0\u00bb<\/p>\n<p>\u00c9ric Le Bihan et Jean-Pierre Guichon, responsables de la Porte ouverte chapelaine, saluent cette collaboration interg\u00e9n\u00e9rationnelle\u00a0: \u00a0Elle ajoute une touche de joie et de chaleur humaine \u00e0 notre traditionnelle distribution de No\u00ebl. Cette initiative, particuli\u00e8rement appr\u00e9ci\u00e9e, rappelle l\u2019importance des petits gestes et de l\u2019engagement collectif en cette p\u00e9riode de f\u00eates.\u00a0 L\u2019association et l\u2019ensemble des b\u00e9n\u00e9voles de l\u2019\u00c9picerie ont d\u00e9montr\u00e9 que la solidarit\u00e9 locale reste une valeur forte et essentielle. Preuve est aussi faite que la solidarit\u00e9 sait s\u2019affranchir des limites communales de part et d\u2019autre des rives de l\u2019Erdre.<\/p>\n<p>\u00a0<\/p>\n","protected":false},"excerpt":{"rendered":"Tout au long de l\u2019ann\u00e9e, l\u2019\u00c9picerie solidaire de l\u2019association La Porte ouverte chapelaine, bas\u00e9e \u00e0 La Chapelle-sur-Erdre (Loire-Atlantique),&hellip;\n","protected":false},"author":2,"featured_media":611253,"comment_status":"","ping_status":"","sticky":false,"template":"","format":"standard","meta":{"footnotes":""},"categories":[2818],"tags":[1111,11,26269,13208,12784,10182,1777,674,1011,27,27606,766,12,1308,2636,3744,5109,25,8066,96],"class_list":{"0":"post-611252","1":"post","2":"type-post","3":"status-publish","4":"format-standard","5":"has-post-thumbnail","7":"category-nantes","8":"tag-actu","9":"tag-actualites","10":"tag-besoin","11":"tag-chaleur","12":"tag-colis","13":"tag-etudiante","14":"tag-eu","15":"tag-europe","16":"tag-fr","17":"tag-france","18":"tag-humaine","19":"tag-nantes","20":"tag-news","21":"tag-nord","22":"tag-pays-de-la-loire","23":"tag-personnes","24":"tag-prepare","25":"tag-republique-francaise","26":"tag-touche","27":"tag-une"},"share_on_mastodon":{"url":"https:\/\/pubeurope.com\/@fr\/115750734730428504","error":""},"_links":{"self":[{"href":"https:\/\/www.europesays.com\/fr\/wp-json\/wp\/v2\/posts\/611252","targetHints":{"allow":["GET"]}}],"collection":[{"href":"https:\/\/www.europesays.com\/fr\/wp-json\/wp\/v2\/posts"}],"about":[{"href":"https:\/\/www.europesays.com\/fr\/wp-json\/wp\/v2\/types\/post"}],"author":[{"embeddable":true,"href":"https:\/\/www.europesays.com\/fr\/wp-json\/wp\/v2\/users\/2"}],"replies":[{"embeddable":true,"href":"https:\/\/www.europesays.com\/fr\/wp-json\/wp\/v2\/comments?post=611252"}],"version-history":[{"count":0,"href":"https:\/\/www.europesays.com\/fr\/wp-json\/wp\/v2\/posts\/611252\/revisions"}],"wp:featuredmedia":[{"embeddable":true,"href":"https:\/\/www.europesays.com\/fr\/wp-json\/wp\/v2\/media\/611253"}],"wp:attachment":[{"href":"https:\/\/www.europesays.com\/fr\/wp-json\/wp\/v2\/media?parent=611252"}],"wp:term":[{"taxonomy":"category","embeddable":true,"href":"https:\/\/www.europesays.com\/fr\/wp-json\/wp\/v2\/categories?post=611252"},{"taxonomy":"post_tag","embeddable":true,"href":"https:\/\/www.europesays.com\/fr\/wp-json\/wp\/v2\/tags?post=611252"}],"curies":[{"name":"wp","href":"https:\/\/api.w.org\/{rel}","templated":true}]}}