{"id":61126,"date":"2025-04-29T06:26:23","date_gmt":"2025-04-29T06:26:23","guid":{"rendered":"https:\/\/www.europesays.com\/fr\/61126\/"},"modified":"2025-04-29T06:26:23","modified_gmt":"2025-04-29T06:26:23","slug":"le-vignoble-de-nantes-perd-cecile-perraud-une-de-ses-vigneronnes","status":"publish","type":"post","link":"https:\/\/www.europesays.com\/fr\/61126\/","title":{"rendered":"Le vignoble de Nantes perd C\u00e9cile Perraud, une de ses vigneronnes"},"content":{"rendered":"<p><strong>\u00ab\u00a0Elle croyait \u00e0 la force du collectif. Au fait qu\u2019\u00e0 plusieurs, on va plus loin.\u00a0\u00bb <\/strong>La F\u00e9d\u00e9ration des vins de Nantes est en deuil, apr\u00e8s le d\u00e9c\u00e8s inattendu de C\u00e9cile Perraud, samedi matin 26\u00a0avril 2025 \u00e0 Vertou, au sud de Nantes. <strong>\u00ab\u00a0Il y a deux semaines, elle courait le trail du vignoble. On ne pouvait pas imaginer \u00e7a\u00a0\u00bb, <\/strong>t\u00e9moigne Fran\u00e7ois Robin, \u00e0 la f\u00e9d\u00e9ration.<\/p>\n<p>\u00c9lue au p\u00f4le communication de la f\u00e9d\u00e9ration, la vigneronne de 52\u00a0ans, ex-cadre \u00e0 l\u2019international chez Air Liquide, \u00e9tait la compagne et associ\u00e9e de Vincent Barbier, au Domaine des Trois toits de Vertou. Un vignoble que le couple a repris il y a cinq ans, pour le tourner vers l\u2019avenir, dans un profond respect du terroir et\u00a0de la biodiversit\u00e9. Sa volont\u00e9 s\u2019est traduite par une conversion en bio, un projet d\u2019agroforesterie, la mise en place de la vente directe et \u00e0 l\u2019export, et une d\u00e9marche de cru communal La Haie-Fouassi\u00e8re.<\/p>\n<p>En cinq ans, apr\u00e8s une reconversion professionnelle<strong>\u00a0<\/strong>radicale,<strong> \u00ab\u00a0le couple a consid\u00e9rablement transform\u00e9 le domaine\u00a0\u00bb,<\/strong> rapporte Fran\u00e7ois Robin. Ce dynamisme, C\u00e9cile Perraud l\u2019incarnait \u00e9galement dans ses engagements locaux, notamment au sein de l\u2019association locale du vignoble de Vertou. <strong>\u00abC\u2019\u00e9tait une femme passionn\u00e9e, qui s\u2019investissait \u00e0 fond. Nous lui devons d\u2019\u00eatre \u00e0 la hauteur de son ambition au service de la valorisation du muscadet\u00bb,<\/strong> r\u00e9sume Louise Ch\u00e9reau, vigneronne au domaine Ch\u00e9reau-Carr\u00e9, et porte-parole de la f\u00e9d\u00e9ration.<\/p>\n<p>Ses obs\u00e8ques seront c\u00e9l\u00e9br\u00e9es vendredi 2\u00a0mai \u00e0 10\u00a0h, au cimeti\u00e8re de la Bouteillerie, \u00e0 Nantes.<\/p>\n<p>\u00a0<\/p>\n","protected":false},"excerpt":{"rendered":"\u00ab\u00a0Elle croyait \u00e0 la force du collectif. Au fait qu\u2019\u00e0 plusieurs, on va plus loin.\u00a0\u00bb La F\u00e9d\u00e9ration des&hellip;\n","protected":false},"author":2,"featured_media":61127,"comment_status":"","ping_status":"","sticky":false,"template":"","format":"standard","meta":{"footnotes":""},"categories":[2818],"tags":[1111,11,15887,1777,674,1011,27,766,12,2636,1439,15888,25,3272,15889,4714],"class_list":{"0":"post-61126","1":"post","2":"type-post","3":"status-publish","4":"format-standard","5":"has-post-thumbnail","7":"category-nantes","8":"tag-actu","9":"tag-actualites","10":"tag-cecile","11":"tag-eu","12":"tag-europe","13":"tag-fr","14":"tag-france","15":"tag-nantes","16":"tag-news","17":"tag-pays-de-la-loire","18":"tag-perd","19":"tag-perraud","20":"tag-republique-francaise","21":"tag-saint-nazaire","22":"tag-vigneronnes","23":"tag-vignoble"},"share_on_mastodon":{"url":"https:\/\/pubeurope.com\/@fr\/114419832369080143","error":""},"_links":{"self":[{"href":"https:\/\/www.europesays.com\/fr\/wp-json\/wp\/v2\/posts\/61126","targetHints":{"allow":["GET"]}}],"collection":[{"href":"https:\/\/www.europesays.com\/fr\/wp-json\/wp\/v2\/posts"}],"about":[{"href":"https:\/\/www.europesays.com\/fr\/wp-json\/wp\/v2\/types\/post"}],"author":[{"embeddable":true,"href":"https:\/\/www.europesays.com\/fr\/wp-json\/wp\/v2\/users\/2"}],"replies":[{"embeddable":true,"href":"https:\/\/www.europesays.com\/fr\/wp-json\/wp\/v2\/comments?post=61126"}],"version-history":[{"count":0,"href":"https:\/\/www.europesays.com\/fr\/wp-json\/wp\/v2\/posts\/61126\/revisions"}],"wp:featuredmedia":[{"embeddable":true,"href":"https:\/\/www.europesays.com\/fr\/wp-json\/wp\/v2\/media\/61127"}],"wp:attachment":[{"href":"https:\/\/www.europesays.com\/fr\/wp-json\/wp\/v2\/media?parent=61126"}],"wp:term":[{"taxonomy":"category","embeddable":true,"href":"https:\/\/www.europesays.com\/fr\/wp-json\/wp\/v2\/categories?post=61126"},{"taxonomy":"post_tag","embeddable":true,"href":"https:\/\/www.europesays.com\/fr\/wp-json\/wp\/v2\/tags?post=61126"}],"curies":[{"name":"wp","href":"https:\/\/api.w.org\/{rel}","templated":true}]}}