{"id":611260,"date":"2025-12-20T07:36:12","date_gmt":"2025-12-20T07:36:12","guid":{"rendered":"https:\/\/www.europesays.com\/fr\/611260\/"},"modified":"2025-12-20T07:36:12","modified_gmt":"2025-12-20T07:36:12","slug":"une-capitaine-de-police-a-lhonneur-dune-grande-brocante-solidaire-a-toulouse","status":"publish","type":"post","link":"https:\/\/www.europesays.com\/fr\/611260\/","title":{"rendered":"Une capitaine de police \u00e0 l\u2019honneur d\u2019une grande brocante solidaire \u00e0 Toulouse"},"content":{"rendered":"<p>\n                                                                    l&rsquo;essentiel<br \/>\n                                                                Dimanche 21\u00a0d\u00e9cembre, 35 exposants professionnels s\u2019installent sur les all\u00e9es Fran\u00e7ois-Verdier \u00e0 Toulouse. Cette ann\u00e9e, l\u2019association Les 4 Pattounes a \u00e9t\u00e9 retenue pour sensibiliser le public \u00e0 la cause animale.\n                            <\/p>\n<p>C\u00e9line Gardel est heureuse. Comme chaque ann\u00e9e, le Syndicat des brocanteurs et antiquaires de la Haute-Garonne et du Sud-Ouest (SBAHGSO) met en place \u00e0 Toulouse la brocante solidaire des all\u00e9es Fran\u00e7ois-Verdier. Comme \u00e0 chaque \u00e9dition, il a aussi retenu une association pour ce grand d\u00e9ballage. Cette fois, Les 4 Pattounes, pr\u00e9sid\u00e9e par C\u00e9line Gardel, accompagnera ce dimanche cette animation. \u00ab\u00a0Chaque ann\u00e9e, dans le cadre de cette brocante assez suivie par le public, nous s\u00e9lectionnons une association, rappelle Aur\u00e9lien Duch\u00eane, charg\u00e9 de la communication. Cette fois, nous avons choisi une structure en lien avec les animaux maltrait\u00e9s et particuli\u00e8rement vuln\u00e9rables au moment des vacances et des f\u00eates\u00a0\u00bb.<\/p>\n<p>\u00ab\u00a0Maltraitances animales et violences intrafamiliales ont souvent un lien\u00a0\u00bb<\/p>\n<p>C\u00e9line Gardel, capitaine de police et auteure du livre \u00e0 succ\u00e8s \u00ab\u00a0Capitaine des animaux\u00a0\u00bb, ne cache pas sa joie\u00a0: \u00ab\u00a0Cette brocante est une belle vitrine pour sensibiliser le public \u00e0 la cause animale et aller \u00e0 sa rencontre, estime celle qui fut sacr\u00e9e en 2023 Toulousaine de l\u2019ann\u00e9e par La D\u00e9p\u00eache du Midi. Une occasion d\u2019expliquer et d\u2019informer sur nos actions\u00a0\u00bb.<\/p>\n<p>Cr\u00e9\u00e9e il y a six ans, l\u2019association Les 4 Pattounes travaille autour de plusieurs piliers\u00a0: aider les animaux en refuge et d\u00e9tresse, promouvoir les adoptions et sensibiliser les nouvelles g\u00e9n\u00e9rations. \u00ab\u00a0Dans cette optique, nous avons d\u2019ailleurs un partenariat avec les \u00e9tablissements scolaires et les structures p\u00e9nitentiaires pour mineurs (EPM), souligne C\u00e9line Gardel. Nous luttons bien s\u00fbr contre la maltraitance animale et nous \u0153uvrons \u00e0 la formation de la fili\u00e8re judiciaire, du policier au juge, \u00e0 la r\u00e9glementation du bien-\u00eatre animal\u00a0\u00bb. Paru en octobre\u00a02025, son livre \u00ab\u00a0Capitaine des animaux\u00a0\u00bb est un \u00e9clairage sur les situations, selon elle, souvent concomitantes, entre la maltraitance animale et les violences intrafamiliales.<\/p>\n<p>Dimanche 21\u00a0d\u00e9cembre, de 8\u00a0h \u00e0 18\u00a0heures sur les all\u00e9es Fran\u00e7ois-Verdier \u00e0 Toulouse. Pour les gourmandes, un food truck pour plats chauds et hu\u00eetres sera install\u00e9.<\/p>\n","protected":false},"excerpt":{"rendered":"l&rsquo;essentiel Dimanche 21\u00a0d\u00e9cembre, 35 exposants professionnels s\u2019installent sur les all\u00e9es Fran\u00e7ois-Verdier \u00e0 Toulouse. Cette ann\u00e9e, l\u2019association Les 4&hellip;\n","protected":false},"author":2,"featured_media":611261,"comment_status":"","ping_status":"","sticky":false,"template":"","format":"standard","meta":{"footnotes":""},"categories":[2816],"tags":[1111,11,1777,674,1011,27,329,2722,12,2680,25,1857,2312],"class_list":{"0":"post-611260","1":"post","2":"type-post","3":"status-publish","4":"format-standard","5":"has-post-thumbnail","7":"category-toulouse","8":"tag-actu","9":"tag-actualites","10":"tag-eu","11":"tag-europe","12":"tag-fr","13":"tag-france","14":"tag-france-monde","15":"tag-haute-garonne","16":"tag-news","17":"tag-occitanie","18":"tag-republique-francaise","19":"tag-sociu00e9tu00e9","20":"tag-toulouse"},"share_on_mastodon":{"url":"https:\/\/pubeurope.com\/@fr\/115750750495221792","error":""},"_links":{"self":[{"href":"https:\/\/www.europesays.com\/fr\/wp-json\/wp\/v2\/posts\/611260","targetHints":{"allow":["GET"]}}],"collection":[{"href":"https:\/\/www.europesays.com\/fr\/wp-json\/wp\/v2\/posts"}],"about":[{"href":"https:\/\/www.europesays.com\/fr\/wp-json\/wp\/v2\/types\/post"}],"author":[{"embeddable":true,"href":"https:\/\/www.europesays.com\/fr\/wp-json\/wp\/v2\/users\/2"}],"replies":[{"embeddable":true,"href":"https:\/\/www.europesays.com\/fr\/wp-json\/wp\/v2\/comments?post=611260"}],"version-history":[{"count":0,"href":"https:\/\/www.europesays.com\/fr\/wp-json\/wp\/v2\/posts\/611260\/revisions"}],"wp:featuredmedia":[{"embeddable":true,"href":"https:\/\/www.europesays.com\/fr\/wp-json\/wp\/v2\/media\/611261"}],"wp:attachment":[{"href":"https:\/\/www.europesays.com\/fr\/wp-json\/wp\/v2\/media?parent=611260"}],"wp:term":[{"taxonomy":"category","embeddable":true,"href":"https:\/\/www.europesays.com\/fr\/wp-json\/wp\/v2\/categories?post=611260"},{"taxonomy":"post_tag","embeddable":true,"href":"https:\/\/www.europesays.com\/fr\/wp-json\/wp\/v2\/tags?post=611260"}],"curies":[{"name":"wp","href":"https:\/\/api.w.org\/{rel}","templated":true}]}}