{"id":611264,"date":"2025-12-20T07:39:17","date_gmt":"2025-12-20T07:39:17","guid":{"rendered":"https:\/\/www.europesays.com\/fr\/611264\/"},"modified":"2025-12-20T07:39:17","modified_gmt":"2025-12-20T07:39:17","slug":"les-bassins-du-disneyland-de-lille-bientot-combles-avec-de-la-vegetation","status":"publish","type":"post","link":"https:\/\/www.europesays.com\/fr\/611264\/","title":{"rendered":"les bassins du \u00ab\u00a0Disneyland\u00a0\u00bb de Lille bient\u00f4t combl\u00e9s avec de la v\u00e9g\u00e9tation"},"content":{"rendered":"<p>                    Par<br \/>\n        <strong><br \/>\n            <a href=\"https:\/\/actu.fr\/auteur\/margot-nicodeme\" title=\"Consulter tous les articles de Margot Nicod\u00e8me\" target=\"_blank\" rel=\"noopener\">Margot Nicod\u00e8me<\/a><br \/>\n                    <\/strong><\/p>\n<p>        Publi\u00e9 le<\/p>\n<p>            20 d\u00e9c. 2025 \u00e0 8h32        <\/p>\n<p><b>Les bassins vides<\/b> donneraient presque l\u2019impression d\u2019un quartier fant\u00f4me, o\u00f9 le temps s\u2019est arr\u00eat\u00e9. Et cela dure depuis plus de 20 ans maintenant, car comme il le fut rappel\u00e9 lors du conseil municipal lillois du 12 d\u00e9cembre 2025 : <b>l\u2019eau n\u2019y a presque jamais coul\u00e9<\/b>. Il s\u2019agit de <b>toute la zone au nord du Vieux-<a href=\"https:\/\/actu.fr\/hauts-de-france\/lille_59350\" target=\"_blank\" rel=\"noopener\">Lille<\/a><\/b>, \u00e0 deux pas <a href=\"https:\/\/actu.fr\/hauts-de-france\/lille_59350\/coworking-co-loft-restauration-les-travaux-a-l-usine-elevatoire-de-lille-ont-commence_43826894.html\" target=\"_blank\" rel=\"noopener\">de l\u2019ancienne usine \u00e9l\u00e9vatoire<\/a>. Certains l\u2019appellent <b>Disneyland<\/b>, en raison de ses fa\u00e7ades color\u00e9es et de ses balcons coquets. Les bassins dits \u00ab\u00a0du quai des Chevillards\u00a0\u00bb qui la pavent contribuaient aussi \u00e0 sa superbe, mais la page s\u2019appr\u00eate \u00e0 \u00eatre tourn\u00e9e. <b>Ils seront bient\u00f4t combl\u00e9s avec de la v\u00e9g\u00e9tation<\/b>.<\/p>\n<p>    <img   decoding=\"async\" loading=\"lazy\" class=\"size-large\" src=\"https:\/\/www.europesays.com\/fr\/wp-content\/uploads\/2025\/12\/b7533a6f65496bb533a6f65498f533v-960x640.jpeg\" alt=\"Stanislas Dendievel, adjoint \u00e0 l'Urbanisme \u00e0 Lille (Nord), veut rattraper ce qui fut, \u00e0 la fin des ann\u00e9es 1990, une \" fausse=\"\" bonne=\"\" id=\"\" width=\"960\" height=\"640\"\/><br \/>\n    Stanislas Dendievel, adjoint \u00e0 l\u2019Urbanisme \u00e0 Lille (Nord), veut rattraper ce qui fut, \u00e0 la fin des ann\u00e9es 1990, une \u00ab\u00a0fausse bonne id\u00e9e\u00a0\u00bb. \u00a9Margot Nicod\u00e8meUne \u00ab\u00a0reproduction pastiche de canaux\u00a0\u00bb : ces bassins lillois bient\u00f4t combl\u00e9s avec de la v\u00e9g\u00e9tation<\/p>\n<p class=\" wall-content\">Ce tournant dans l\u2019histoire de ce quartier embl\u00e9matique, tant\u00f4t ador\u00e9, tant\u00f4t d\u00e9cri\u00e9, a \u00e9t\u00e9 d\u00e9cid\u00e9 au conseil municipal du 12 d\u00e9cembre. Stanislas Dendievel, adjoint \u00e0 l\u2019Urbanisme, a ainsi d\u00e9taill\u00e9 \u00ab\u00a0<b>une v\u00e9ritable d\u00e9marche paysag\u00e8re<\/b>\u00ab\u00a0, pour renaturer les lieux.<\/p>\n<p class=\" wall-content\">Les bassins du quai des Chevillards, que beaucoup de Lillois ont toujours connus non fonctionnels, sont vieux de 25 ans. Et ils semblent, d\u00e9sormais, appartenir \u00e0 un autre temps.<\/p>\n<blockquote class=\"ac-article-quote wall-content\">\n<p>\u00ab\u00a0Ces bassins correspondent \u00e0 du d\u00e9cor rapport\u00e9, \u00e0 une conception d\u2019ouvrage en b\u00e9ton [\u2026] C\u2019est une reproduction pastiche de canaux plaqu\u00e9s dans l\u2019espace public. Ils ont \u00e9t\u00e9 construits \u00e0 la fin des ann\u00e9es 1990, d\u00e9but 2000, dans le cadre d\u2019une op\u00e9ration immobili\u00e8re priv\u00e9e.\u00a0\u00bb<\/p>\n<p>Stanislas Dendievel, adjoint au maire en charge de l\u2019Urbanisme<\/p><\/blockquote>\n<p class=\" wall-content\">Apr\u00e8s des ann\u00e9es d\u2019inaction, et des bassins tristement laiss\u00e9s \u00e0 leur sort, la Ville de Lille a d\u00e9cid\u00e9 de \u00ab\u00a0reprendre le taureau par les cornes\u00a0\u00bb, pour reprendre les termes de l\u2019\u00e9lu. En juin dernier, lui et l\u2019adjoint \u00e0 la <a href=\"https:\/\/actu.fr\/hauts-de-france\/lille_59350\/lille-delinquance-nuisances-insecurite-la-situation-est-elle-hors-de-controle-place-richebe_62618563.html\" target=\"_blank\" rel=\"noopener\">S\u00e9curit\u00e9 publique Jean-Claude Menault<\/a> rencontrent les propri\u00e9taires des \u00e9quipements, \u00e0 savoir <b>l\u2019association syndicale libre (ASL) Les quais du Vieux-Lille<\/b>.<\/p>\n<p>Votre r\u00e9gion, votre actu !<\/p>\n<p>Recevez chaque jour les infos qui comptent pour vous.<\/p>\n<p>\t<a href=\"https:\/\/actu.fr\/newsletter\" class=\"ac-btn ac-btn--corner ac-btn--medium ac-btn--blue800\" target=\"_blank\" rel=\"noopener\">S&rsquo;incrire<\/a><\/p>\n<p class=\" wall-content\">L\u2019ASL et ses repr\u00e9sentants font savoir \u00e0 cette occasion qu\u2019ils \u00ab\u00a0souhaitent avancer et acc\u00e9l\u00e9rer\u00a0\u00bb la transformation des bassins. Volont\u00e9 partag\u00e9e par les habitants des logements alentour, explique Stanislas Dendievel.<\/p>\n<p>    <img   decoding=\"async\" loading=\"lazy\" class=\"size-large\" src=\"https:\/\/www.europesays.com\/fr\/wp-content\/uploads\/2025\/12\/24134034654965813403465496c134v-960x640.jpg\" alt=\"Voici \u00e0 quoi devraient ressembler les bassins du quai des Chevillards dans le Vieux-Lille, au c\u0153ur du quartier surnomm\u00e9 \" disneyland=\"\" width=\"960\" height=\"640\"\/><br \/>\n    Voici \u00e0 quoi devraient ressembler les bassins du quai des Chevillards dans le Vieux-Lille, au c\u0153ur du quartier surnomm\u00e9 \u00ab\u00a0Disneyland\u00a0\u00bb. \u00a9Ville de Lille\u00ab\u00a0C\u2019\u00e9tait une fausse bonne id\u00e9e\u00a0\u00bb<\/p>\n<p class=\" wall-content\">Le vote, au conseil municipal de d\u00e9cembre, de la r\u00e9trocession des bassins au profit de la Ville fait d\u2019elle le nouveau gestionnaire.\u00a0<\/p>\n<p class=\" wall-content\">L\u2019\u00e9quipe municipale envisage alors un \u00ab\u00a0projet paysager, qui correspond aux attentes des habitants sur place. Ces bassins n\u2019ont jamais fonctionn\u00e9, ils souffrent depuis le d\u00e9part d\u2019un probl\u00e8me de conception. <b>C\u2019\u00e9tait une fausse bonne id\u00e9e<\/b>.\u00a0\u00bb La version finale promet d\u2019\u00eatre \u00ab\u00a0<b>un \u00eelot de fra\u00eecheur<\/b>\u00a0\u00bb et \u00ab\u00a0<b>un espace apais\u00e9\u00a0\u00bb<\/b>, o\u00f9 s\u2019\u00e9panouiront la biodiversit\u00e9\u2026 et les promeneurs.<\/p>\n<p class=\" wall-content\">L\u2019heure est aux \u00e9tudes, puis sera fix\u00e9, dans un second temps, le calendrier des am\u00e9nagements \u00e0 venir.<\/p>\n<p class=\" wall-content\">Personnalisez votre actualit\u00e9 en ajoutant vos villes et m\u00e9dias en favori avec <a href=\"https:\/\/moncompte.actu.fr\" title=\"D\u00e9couvez Mon Actu\" rel=\"nofollow noopener\" data-trk=\"{&quot;cta&quot;:{&quot;action&quot;:&quot;https:\\\/\\\/moncompte.actu.fr&quot;,&quot;category&quot;:&quot;mon compte&quot;,&quot;from&quot;:&quot;article footer&quot;,&quot;name&quot;:&quot;Mon actu&quot;,&quot;type&quot;:&quot;cta&quot;}}\" target=\"_blank\">Mon Actu<\/a>.<\/p>\n","protected":false},"excerpt":{"rendered":"Par Margot Nicod\u00e8me Publi\u00e9 le 20 d\u00e9c. 2025 \u00e0 8h32 Les bassins vides donneraient presque l\u2019impression d\u2019un quartier&hellip;\n","protected":false},"author":2,"featured_media":611265,"comment_status":"","ping_status":"","sticky":false,"template":"","format":"standard","meta":{"footnotes":""},"categories":[2815],"tags":[1111,11,1777,674,1011,27,811,1307,12,25,104,1352],"class_list":{"0":"post-611264","1":"post","2":"type-post","3":"status-publish","4":"format-standard","5":"has-post-thumbnail","7":"category-lille","8":"tag-actu","9":"tag-actualites","10":"tag-eu","11":"tag-europe","12":"tag-fr","13":"tag-france","14":"tag-hauts-de-france","15":"tag-lille","16":"tag-news","17":"tag-republique-francaise","18":"tag-societe","19":"tag-urbanisme"},"share_on_mastodon":{"url":"https:\/\/pubeurope.com\/@fr\/115750762939872200","error":""},"_links":{"self":[{"href":"https:\/\/www.europesays.com\/fr\/wp-json\/wp\/v2\/posts\/611264","targetHints":{"allow":["GET"]}}],"collection":[{"href":"https:\/\/www.europesays.com\/fr\/wp-json\/wp\/v2\/posts"}],"about":[{"href":"https:\/\/www.europesays.com\/fr\/wp-json\/wp\/v2\/types\/post"}],"author":[{"embeddable":true,"href":"https:\/\/www.europesays.com\/fr\/wp-json\/wp\/v2\/users\/2"}],"replies":[{"embeddable":true,"href":"https:\/\/www.europesays.com\/fr\/wp-json\/wp\/v2\/comments?post=611264"}],"version-history":[{"count":0,"href":"https:\/\/www.europesays.com\/fr\/wp-json\/wp\/v2\/posts\/611264\/revisions"}],"wp:featuredmedia":[{"embeddable":true,"href":"https:\/\/www.europesays.com\/fr\/wp-json\/wp\/v2\/media\/611265"}],"wp:attachment":[{"href":"https:\/\/www.europesays.com\/fr\/wp-json\/wp\/v2\/media?parent=611264"}],"wp:term":[{"taxonomy":"category","embeddable":true,"href":"https:\/\/www.europesays.com\/fr\/wp-json\/wp\/v2\/categories?post=611264"},{"taxonomy":"post_tag","embeddable":true,"href":"https:\/\/www.europesays.com\/fr\/wp-json\/wp\/v2\/tags?post=611264"}],"curies":[{"name":"wp","href":"https:\/\/api.w.org\/{rel}","templated":true}]}}