{"id":611266,"date":"2025-12-20T07:40:17","date_gmt":"2025-12-20T07:40:17","guid":{"rendered":"https:\/\/www.europesays.com\/fr\/611266\/"},"modified":"2025-12-20T07:40:17","modified_gmt":"2025-12-20T07:40:17","slug":"lavocat-jose-allegrini-condamne-a-six-mois-de-prison-avec-sursis-pour-agression-sexuelle","status":"publish","type":"post","link":"https:\/\/www.europesays.com\/fr\/611266\/","title":{"rendered":"L&rsquo;avocat Jos\u00e9 Allegrini condamn\u00e9 \u00e0 six mois de prison avec sursis pour agression sexuelle"},"content":{"rendered":"<p>\t    L&rsquo;avocat Jos\u00e9 Allegrini condamn\u00e9 \u00e0 six mois de prison avec sursis pour agression sexuelle &#8211; Marsactu<\/p>\n<p>&#13;<br \/>\n\t\t&#13;<\/p>\n<p>Nous utilisons des cookies pour vous garantir la meilleure exp\u00e9rience sur notre site. Vous pouvez choisir de refuser les cookies.J&rsquo;accepteNonEn savoir plus<\/p>\n<p>\t\t&#13;<\/p>\n","protected":false},"excerpt":{"rendered":"L&rsquo;avocat Jos\u00e9 Allegrini condamn\u00e9 \u00e0 six mois de prison avec sursis pour agression sexuelle &#8211; Marsactu &#13; &#13;&hellip;\n","protected":false},"author":2,"featured_media":611267,"comment_status":"","ping_status":"","sticky":false,"template":"","format":"standard","meta":{"footnotes":""},"categories":[2814],"tags":[1111,11,1777,674,1011,27,58403,884,12,882,25,53109,4772],"class_list":{"0":"post-611266","1":"post","2":"type-post","3":"status-publish","4":"format-standard","5":"has-post-thumbnail","7":"category-marseille","8":"tag-actu","9":"tag-actualites","10":"tag-eu","11":"tag-europe","12":"tag-fr","13":"tag-france","14":"tag-joseallegrini","15":"tag-marseille","16":"tag-news","17":"tag-provence-alpes-cote-dazur","18":"tag-republique-francaise","19":"tag-vss","20":"tag-zalu"},"share_on_mastodon":{"url":"https:\/\/pubeurope.com\/@fr\/115750766166858030","error":""},"_links":{"self":[{"href":"https:\/\/www.europesays.com\/fr\/wp-json\/wp\/v2\/posts\/611266","targetHints":{"allow":["GET"]}}],"collection":[{"href":"https:\/\/www.europesays.com\/fr\/wp-json\/wp\/v2\/posts"}],"about":[{"href":"https:\/\/www.europesays.com\/fr\/wp-json\/wp\/v2\/types\/post"}],"author":[{"embeddable":true,"href":"https:\/\/www.europesays.com\/fr\/wp-json\/wp\/v2\/users\/2"}],"replies":[{"embeddable":true,"href":"https:\/\/www.europesays.com\/fr\/wp-json\/wp\/v2\/comments?post=611266"}],"version-history":[{"count":0,"href":"https:\/\/www.europesays.com\/fr\/wp-json\/wp\/v2\/posts\/611266\/revisions"}],"wp:featuredmedia":[{"embeddable":true,"href":"https:\/\/www.europesays.com\/fr\/wp-json\/wp\/v2\/media\/611267"}],"wp:attachment":[{"href":"https:\/\/www.europesays.com\/fr\/wp-json\/wp\/v2\/media?parent=611266"}],"wp:term":[{"taxonomy":"category","embeddable":true,"href":"https:\/\/www.europesays.com\/fr\/wp-json\/wp\/v2\/categories?post=611266"},{"taxonomy":"post_tag","embeddable":true,"href":"https:\/\/www.europesays.com\/fr\/wp-json\/wp\/v2\/tags?post=611266"}],"curies":[{"name":"wp","href":"https:\/\/api.w.org\/{rel}","templated":true}]}}