{"id":611274,"date":"2025-12-20T07:45:14","date_gmt":"2025-12-20T07:45:14","guid":{"rendered":"https:\/\/www.europesays.com\/fr\/611274\/"},"modified":"2025-12-20T07:45:14","modified_gmt":"2025-12-20T07:45:14","slug":"ce-qui-change-officiellement-en-2026","status":"publish","type":"post","link":"https:\/\/www.europesays.com\/fr\/611274\/","title":{"rendered":"ce qui change officiellement en 2026"},"content":{"rendered":"<p itemprop=\"description\">En 2026, le Passe Navigo fait peau neuve.<br \/>\nVoici le nouveau tarif qui vous accompagnera d\u00e8s le<br \/>\n1\u1d49\u02b3\u00a0janvier.<\/p>\n<p>Eh voil\u00e0, 2025 tire sa r\u00e9v\u00e9rence. Tandis que vous avez pass\u00e9<br \/>\nl\u00a0\u00bbann\u00e9e \u00e0 lire BIBA, binge-watcher toutes les s\u00e9ries <a href=\"https:\/\/www.bibamagazine.fr\/culture\/netflix\/cinq-ans-apres-sa-sortie-cette-serie-espagnole-fait-un-carton-sur-netflix-497972.html\" target=\"_blank\" rel=\"noopener\"><br \/>\nNetflix<\/a> ou \u00e0 rester bloqu\u00e9e dans la ligne 9, il est temps de<br \/>\ntourner la page. Car qui dit fin d&rsquo;ann\u00e9e dit, fin de cycle. Et tout<br \/>\nce que l&rsquo;on vous souhaite pour 2026 n&rsquo;est autre que le bonheur et<br \/>\nla sant\u00e9 !<\/p>\n<p>Par ailleurs, c\u00f4t\u00e9 m\u00e9tro, impossible de passer \u00e0 c\u00f4t\u00e9 du<br \/>\n<strong>Passe Navigo<\/strong>. Depuis sa cr\u00e9ation en 2002, celui<br \/>\nqui accompagne les Parisiens dans leur quotidien s&rsquo;av\u00e8re l&rsquo;un des<br \/>\nsujets principaux de chaque d\u00e9but d&rsquo;ann\u00e9e. La raison ? Ses<br \/>\nchangements tarifaires qui redessinent certaines habitudes. Pour<br \/>\n2026, \u00cele-de-France Mobilit\u00e9s annonce <strong>une toute nouvelle<br \/>\ntarification<\/strong>. Zoom.<\/p>\n<p>Passe Navigo : un nouveau tarif pour 2026<\/p>\n<p>Au fil des ann\u00e9es, le Passe Navigo est devenu incontournable aux<br \/>\nParisiens. Tout comme la baguette de pain, cette petite carte bleue<br \/>\nfait partie int\u00e9grante de la vie des Franciliens. Mais alors que le<br \/>\nco\u00fbt de son abonnement s&rsquo;\u00e9l\u00e8ve aujourd&rsquo;hui \u00e0 88,80 \u20ac par mois, soit<br \/>\nun forfait annuel de 976,80 \u20ac pour toutes les zones, \u00cele-de-France<br \/>\nMobilit\u00e9s pr\u00e9voit un r\u00e9ajustement tarifaire.<\/p>\n<blockquote class=\"instagram-media\" style=\"background: #ffffff;border: 0;margin: 1px;width: 100%;padding: 0;max-width: 500px;\" data-instgrm-permalink=\"https:\/\/www.instagram.com\/p\/DSXwhcLAoE3\/?img_index=1\" data-instgrm-version=\"14\"\/>\n<p>En effet, le Passe Navigo devrait s&rsquo;\u00e9lever d\u00e8s le 1\u1d49\u02b3 janvier<br \/>\n2026 \u00e0 <strong>90,80 \u20ac par mois pour 998,80 \u20ac par an<\/strong><br \/>\n(toute zone comprise). Une augmentation de 2 \u20ac qui \u00ab\u00a0permet de<br \/>\nfinancer la modernisation et l&rsquo;expansion des transports en<br \/>\n\u00cele-de-France\u00a0\u00bb selon les mots officiels d&rsquo;\u00cele-de-France<br \/>\nMobilit\u00e9s. \u00ab\u00a0Ces ressources viendront am\u00e9liorer la qualit\u00e9 de<br \/>\nvotre service et poursuivre cette r\u00e9volution \u00e9cologique jusqu\u2019\u00e0 ce<br \/>\nque chaque ligne de train, <a href=\"https:\/\/www.bibamagazine.fr\/lifestyle\/voyages\/a-30-min-de-paris-en-metro-ou-rer-voici-deux-plages-a-connaitre-absolument-476911.html\" target=\"_blank\" rel=\"noopener\"><br \/>\nm\u00e9tro<\/a>, RER, tram ou bus devienne performante et confortable. Je<br \/>\nreste totalement engag\u00e9e vers cet objectif.\u00a0\u00bb a soulign\u00e9<br \/>\n<strong>Val\u00e9rie P\u00e9cresse<\/strong>, la pr\u00e9sidente d&rsquo;\u00cele-de-France<br \/>\nMobilit\u00e9s, dans un mail adress\u00e9 aux abonn\u00e9s du Passe Navigo.<\/p>\n<p>Et c&rsquo;est pas fini !<\/p>\n<p>Le m\u00e9tro parisien ne se limite pas au Passe Navigo. En effet,<br \/>\npour les touristes du monde entier qui profitent de la capitale le<br \/>\ntemps d&rsquo;un week-end ou d&rsquo;une semaine, il est possible de se<br \/>\nprocurer des tickets pour le m\u00e9tro et le RER. De quoi arpenter les<br \/>\nruelles parisiennes comme un chef ! Affich\u00e9s aujourd&rsquo;hui \u00e0 2,50\u20ac,<br \/>\nceux-ci s&rsquo;\u00e9l\u00e8veront \u00e0 <strong>2,55 \u20ac<\/strong> en 2026. Pour les<br \/>\nheureux propri\u00e9taires du <strong>Navigo Libert\u00e9+<\/strong>, un<br \/>\nforfait factur\u00e9 le mois suivant, le prix du ticket sera de 2,04 \u20ac<br \/>\n(1,99\u20ac aujourd&rsquo;hui). Des \u00e9volutions majeures pour ce d\u00e9but d&rsquo;ann\u00e9e<br \/>\n2026.<\/p>\n<p>Un r\u00e9seau qui s&rsquo;agrandit<\/p>\n<p>Les \u00e9volutions tarifaires ne sont pas les seules au programme.<br \/>\nEn effet, \u00cele-de-France Mobilit\u00e9s pr\u00e9voit \u00e9galement des nouveaut\u00e9s<br \/>\nen mati\u00e8re de r\u00e9seau. Avec notamment la cr\u00e9ation de <strong>la<br \/>\nligne 18<\/strong> du m\u00e9tro francilien ou des travaux pr\u00e9vus pour<br \/>\nmoderniser certaines infrastructures, certaines centenaires selon<br \/>\nles mots officiels d&rsquo;\u00cele-de-France Mobilit\u00e9s, l&rsquo;ann\u00e9e 2026 sera<br \/>\nriche en changements. Ainsi, certains travaux seront \u00e0 pr\u00e9voir sur<br \/>\ncertaines lignes.<\/p>\n<p class=\"p\">\u00ab\u00a0L\u2019\u00e9t\u00e9 2026 concentrera des chantiers<br \/>\nstructurants, impliquant des interruptions allant de 2 \u00e0 6 semaines<br \/>\nsur certaines lignes. Des informations d\u00e9taill\u00e9es sur les<br \/>\ninterruptions, les d\u00e9viations, les bus de remplacement et les<br \/>\nitin\u00e9raires \u00e0 favoriser seront partag\u00e9es au printemps 2026 \u00e0<br \/>\ntravers\u00a0: les diff\u00e9rents comptes de lignes, les op\u00e9rateurs et<br \/>\nsur les r\u00e9seaux d&rsquo;\u00cele-de-France Mobilit\u00e9s.\u00a0\u00bb pr\u00e9cise <a href=\"https:\/\/www.iledefrance-mobilites.fr\/actualites\/travaux-printemps-ete-2026-transports-en-commun\" target=\"_blank\" rel=\"noopener\">\u00cele-de-France Mobilit\u00e9s<\/a>. Il est<br \/>\ndonc conseill\u00e9 d&rsquo;anticiper vos d\u00e9placements et de vous renseigner<br \/>\nd\u00e8s maintenant sur les <strong>travaux<\/strong> \u00e0 venir. Bref, vous<br \/>\nsavez ce qu&rsquo;il vous reste \u00e0 faire pour d\u00e9marrer l&rsquo;ann\u00e9e en toute<br \/>\ns\u00e9r\u00e9nit\u00e9 !<\/p>\n<p><script async src=\"\/\/www.instagram.com\/embed.js\"><\/script><\/p>\n","protected":false},"excerpt":{"rendered":"En 2026, le Passe Navigo fait peau neuve. Voici le nouveau tarif qui vous accompagnera d\u00e8s le 1\u1d49\u02b3\u00a0janvier.&hellip;\n","protected":false},"author":2,"featured_media":611275,"comment_status":"","ping_status":"","sticky":false,"template":"","format":"standard","meta":{"footnotes":""},"categories":[1592],"tags":[930,15467,5734,1111,11,17488,6861,154,1777,674,31404,1011,27,662,25104,18010,12,11137,626,5242,3583,25],"class_list":{"0":"post-611274","1":"post","2":"type-post","3":"status-publish","4":"format-standard","5":"has-post-thumbnail","7":"category-ile-de-france","8":"tag-le","9":"tag-1er","10":"tag-5734","11":"tag-actu","12":"tag-actualites","13":"tag-ce","14":"tag-change","15":"tag-des","16":"tag-eu","17":"tag-europe","18":"tag-evolue","19":"tag-fr","20":"tag-france","21":"tag-ile-de-france","22":"tag-janvier","23":"tag-navigo","24":"tag-news","25":"tag-officiellement","26":"tag-paris","27":"tag-passe","28":"tag-qui","29":"tag-republique-francaise"},"share_on_mastodon":{"url":"","error":""},"_links":{"self":[{"href":"https:\/\/www.europesays.com\/fr\/wp-json\/wp\/v2\/posts\/611274","targetHints":{"allow":["GET"]}}],"collection":[{"href":"https:\/\/www.europesays.com\/fr\/wp-json\/wp\/v2\/posts"}],"about":[{"href":"https:\/\/www.europesays.com\/fr\/wp-json\/wp\/v2\/types\/post"}],"author":[{"embeddable":true,"href":"https:\/\/www.europesays.com\/fr\/wp-json\/wp\/v2\/users\/2"}],"replies":[{"embeddable":true,"href":"https:\/\/www.europesays.com\/fr\/wp-json\/wp\/v2\/comments?post=611274"}],"version-history":[{"count":0,"href":"https:\/\/www.europesays.com\/fr\/wp-json\/wp\/v2\/posts\/611274\/revisions"}],"wp:featuredmedia":[{"embeddable":true,"href":"https:\/\/www.europesays.com\/fr\/wp-json\/wp\/v2\/media\/611275"}],"wp:attachment":[{"href":"https:\/\/www.europesays.com\/fr\/wp-json\/wp\/v2\/media?parent=611274"}],"wp:term":[{"taxonomy":"category","embeddable":true,"href":"https:\/\/www.europesays.com\/fr\/wp-json\/wp\/v2\/categories?post=611274"},{"taxonomy":"post_tag","embeddable":true,"href":"https:\/\/www.europesays.com\/fr\/wp-json\/wp\/v2\/tags?post=611274"}],"curies":[{"name":"wp","href":"https:\/\/api.w.org\/{rel}","templated":true}]}}