{"id":611276,"date":"2025-12-20T07:46:21","date_gmt":"2025-12-20T07:46:21","guid":{"rendered":"https:\/\/www.europesays.com\/fr\/611276\/"},"modified":"2025-12-20T07:46:21","modified_gmt":"2025-12-20T07:46:21","slug":"comment-la-justice-a-remis-en-cause-les-exclusions-au-sein-de-la-france-insoumise","status":"publish","type":"post","link":"https:\/\/www.europesays.com\/fr\/611276\/","title":{"rendered":"Comment la justice a remis en cause les exclusions au sein de La France insoumise"},"content":{"rendered":"<p>                     <img loading=\"lazy\" decoding=\"async\" src=\"https:\/\/www.europesays.com\/fr\/wp-content\/uploads\/2025\/12\/8a89cc1_ftp-import-images-1-ut7fnxujclis-5508646-01-06.jpg\" alt=\"Des cadres de La France insoumise, Manon Aubry, Jean-Luc M\u00e9lenchon, Dani\u00e8le Obono et Manuel Bompard, lors d\u2019un meeting \u00e0 Aubervilliers (Seine-Saint-Denis), le 23\u00a0novembre 2025.\"   width=\"664\" height=\"443\"\/>    Des cadres de La France insoumise, Manon Aubry, Jean-Luc M\u00e9lenchon, Dani\u00e8le Obono et Manuel Bompard, lors d\u2019un meeting \u00e0 Aubervilliers (Seine-Saint-Denis), le 23\u00a0novembre 2025.  BERTRAND GUAY\/AFP                 <\/p>\n<p class=\"article__paragraph  \">\u00ab\u00a0CRP\u00a0\u00bb. Trois lettres, un nom\u00a0: comit\u00e9 de respect des principes. Cette instance de La France insoumise (LFI), une des plus puissantes au sein du mouvement de Jean-Luc M\u00e9lenchon, fait la pluie et le beau temps chez les militants. Son r\u00f4le\u00a0? Veiller et faire respecter \u00ab\u00a0les textes, les valeurs, les principes et les orientations de La France insoumise\u00a0\u00bb, peut-on ainsi lire sur le site Internet de LFI. Officiellement, c\u2019est au CRP que revient le r\u00f4le d\u2019exclure les adh\u00e9rents, qu\u2019ils soient \u00e9lus ou simples militants.<\/p>\n<p class=\"article__paragraph  \">Les douze membres qui le composent, \u00ab\u00a0volontaires et repr\u00e9sentatifs de la diversit\u00e9 g\u00e9ographique et de diff\u00e9rents secteurs du mouvement\u00a0\u00bb, pr\u00e9cise LFI, traitent tout type de dossier\u00a0: des relations humaines qui s\u2019enveniment, des rivalit\u00e9s entre groupes locaux, des cas d\u2019alcoolisme ou encore des affaires de violences sexistes et sexuelles. \u00ab\u00a0On avait l\u2019impression d\u2019\u00eatre utile, de ne pas ab\u00eemer la dynamique militante en r\u00e9glant des dossiers parfois compliqu\u00e9s\u00a0\u00bb, t\u00e9moigne Kevin Loquais, ancien membre de ce comit\u00e9, exclu de LFI en\u00a02024.<\/p>\n<p class=\"article__paragraph  \">R\u00e9cemment, le CRP s\u2019est occup\u00e9 de cas plus politiques, en bannissant des cadres soup\u00e7onn\u00e9s de d\u00e9loyaut\u00e9. Les plus c\u00e9l\u00e8bres s\u2019appellent Alexis Corbi\u00e8re, Raquel Garrido et Danielle\u00a0Simonnet, compagnons de route historiques de M. M\u00e9lenchon, <a href=\"https:\/\/www.lemonde.fr\/politique\/article\/2024\/06\/15\/reglements-de-comptes-au-sein-de-lfi-quatre-piliers-de-du-mouvement-de-jean-luc-melenchon-exclus-des-investitures-pour-les-legislatives-anticipees_6240294_823448.html\" target=\"_blank\" rel=\"noopener\">exclus avec d\u2019autres \u00e0 l\u2019aube des \u00e9lections l\u00e9gislatives anticip\u00e9es de 2024.<\/a><\/p>\n<p class=\"reading-mode-only \"><strong>Il vous reste 79.58% de cet article \u00e0 lire. La suite est r\u00e9serv\u00e9e aux abonn\u00e9s.<\/strong><\/p>\n","protected":false},"excerpt":{"rendered":"Des cadres de La France insoumise, Manon Aubry, Jean-Luc M\u00e9lenchon, Dani\u00e8le Obono et Manuel Bompard, lors d\u2019un meeting&hellip;\n","protected":false},"author":2,"featured_media":611277,"comment_status":"","ping_status":"","sticky":false,"template":"","format":"standard","meta":{"footnotes":""},"categories":[1888],"tags":[1111,1928,11,1927,1777,674,1011,27,12,1926,626,1925,25],"class_list":{"0":"post-611276","1":"post","2":"type-post","3":"status-publish","4":"format-standard","5":"has-post-thumbnail","7":"category-paris","8":"tag-actu","9":"tag-actu-paris","10":"tag-actualites","11":"tag-actualites-paris","12":"tag-eu","13":"tag-europe","14":"tag-fr","15":"tag-france","16":"tag-news","17":"tag-news-paris","18":"tag-paris","19":"tag-paris-news","20":"tag-republique-francaise"},"share_on_mastodon":{"url":"https:\/\/pubeurope.com\/@fr\/115750790794949080","error":""},"_links":{"self":[{"href":"https:\/\/www.europesays.com\/fr\/wp-json\/wp\/v2\/posts\/611276","targetHints":{"allow":["GET"]}}],"collection":[{"href":"https:\/\/www.europesays.com\/fr\/wp-json\/wp\/v2\/posts"}],"about":[{"href":"https:\/\/www.europesays.com\/fr\/wp-json\/wp\/v2\/types\/post"}],"author":[{"embeddable":true,"href":"https:\/\/www.europesays.com\/fr\/wp-json\/wp\/v2\/users\/2"}],"replies":[{"embeddable":true,"href":"https:\/\/www.europesays.com\/fr\/wp-json\/wp\/v2\/comments?post=611276"}],"version-history":[{"count":0,"href":"https:\/\/www.europesays.com\/fr\/wp-json\/wp\/v2\/posts\/611276\/revisions"}],"wp:featuredmedia":[{"embeddable":true,"href":"https:\/\/www.europesays.com\/fr\/wp-json\/wp\/v2\/media\/611277"}],"wp:attachment":[{"href":"https:\/\/www.europesays.com\/fr\/wp-json\/wp\/v2\/media?parent=611276"}],"wp:term":[{"taxonomy":"category","embeddable":true,"href":"https:\/\/www.europesays.com\/fr\/wp-json\/wp\/v2\/categories?post=611276"},{"taxonomy":"post_tag","embeddable":true,"href":"https:\/\/www.europesays.com\/fr\/wp-json\/wp\/v2\/tags?post=611276"}],"curies":[{"name":"wp","href":"https:\/\/api.w.org\/{rel}","templated":true}]}}