{"id":61128,"date":"2025-04-29T06:27:08","date_gmt":"2025-04-29T06:27:08","guid":{"rendered":"https:\/\/www.europesays.com\/fr\/61128\/"},"modified":"2025-04-29T06:27:08","modified_gmt":"2025-04-29T06:27:08","slug":"les-dix-concerts-et-spectacles-a-ne-pas-manquer-en-mai-a-bordeaux","status":"publish","type":"post","link":"https:\/\/www.europesays.com\/fr\/61128\/","title":{"rendered":"les dix concerts et spectacles \u00e0 ne pas manquer en mai \u00e0 Bordeaux"},"content":{"rendered":"<p>            Par<br \/>\n        <strong><br \/>\n            <a href=\"https:\/\/actu.fr\/auteur\/juliette-cardinale\" title=\"Consulter tous les articles de Juliette Cardinale\" target=\"_blank\" rel=\"noopener\">Juliette Cardinale<\/a><br \/>\n        <\/strong><\/p>\n<p>        Publi\u00e9 le<\/p>\n<p>            29 avr. 2025 \u00e0 6h32        <\/p>\n<p>Tous les mois, la r\u00e9daction d\u2019<a href=\"https:\/\/actu.fr\/bordeaux\/\" target=\"_blank\" rel=\"noopener\">actu Bordeaux<\/a> s\u00e9lectionne <strong>dix \u00e9v\u00e8nements<\/strong> pour profiter de de spectacles dans la capitale girondine et ses alentours. Si l\u2019exercice est toujours difficile tant la ville regorge de d\u2019animations, voici nos id\u00e9es de sorties. Au programme : concerts, ballets, op\u00e9ra, th\u00e9\u00e2tre\u2026<\/p>\n<p>Les Pixies \u00e0 l\u2019Ark\u00e9a Ar\u00e9na<\/p>\n<p class=\" wall-content\">On commence par un groupe l\u00e9gendaire. Il reste quelques places pour assister au retour <strong>des Pixies,<\/strong> 35 ans apr\u00e8s leur dernier concert \u00e0 Bordeaux. Les rockeurs de Bordeaux interpr\u00e9teront sur sc\u00e8ne les titres de leur nouvel album The Night the Zombies Came,\u00a0mais aussi leurs plus grands titres. On attend forc\u00e9ment avec impatience la chanson \u00ab Where is my mind? \u00bb, incontournable bande-son de Fight Club.<\/p>\n<p>Mardi 6 mai 2025 \u00e0 20h \u00e0 <a href=\"https:\/\/www.arkeaarena.com\/event\/pixies-en-concert-06-mai-2025-billetterie-bordeaux\/\" target=\"_blank\" rel=\"noopener\">l\u2019Ark\u00e9a Ar\u00e9na<\/a>Chassol au Rocher de Palmer<\/p>\n<p class=\" wall-content\">Juste avant de profiter du pont du 8 mai, direction le Rocher de Palmer. <strong>Chassol<\/strong> propose deux projets sur sc\u00e8ne avec le batteur Mathieu Edward et le bassiste Philippe Bussonnet. L\u2019un correspond \u00e0 son dernier album, Chassol plays Basquiat, qui rend hommage au peintre underground am\u00e9ricain. L\u2019autre s\u2019inspire du patrimoine de la Gaumont. Des cr\u00e9ations qui s\u2019amusent avec des extraits existants pour devenir des morceaux emballants.<\/p>\n<p class=\" wall-content\">\n<p>Mercredi 7 mai 2025 \u00e0 20h30 <a href=\"https:\/\/lerocherdepalmer.fr\/agenda\/chassol-0\" target=\"_blank\" rel=\"noopener\">au Rocher de Palmer<\/a>Pygmalion \u00e0 l\u2019Auditorium de l\u2019Op\u00e9ra<\/p>\n<p class=\" wall-content\">Amateurs de baroque et de grandes voix ? Direction l\u2019Auditorium de l\u2019Op\u00e9ra. Un concert est donn\u00e9 par <strong>Pygmalion,<\/strong> ch\u0153ur et orchestre sur instruments d\u2019\u00e9poques, accompagn\u00e9 des voix de Sabine Devieilhe et St\u00e9phane Degout. On entendra le Requiem de Faur\u00e9, des extraits d\u2019Hamlet d\u2019Ambroise Thomas et la Marche fun\u00e8bre pour la derni\u00e8re sc\u00e8ne d\u2019Hamlet\u00a0d\u2019Hector Berlioz.<\/p>\n<p class=\" wall-content\">Jeudi 15 mai \u00e0 20h \u00e0 <a href=\"https:\/\/www.opera-bordeaux.com\/baroque-grandes-voix-pygmalion-57502#a-propos\" target=\"_blank\" rel=\"noopener\">l\u2019Auditorium de l\u2019Op\u00e9ra<\/a><\/p>\n<p>Madame Arthur au F\u00e9mina<\/p>\n<p class=\" wall-content\">Le cabaret musical drag <strong>Madame Arthur<\/strong> est de retour au F\u00e9mina. Cette fois, c\u2019est le r\u00e9pertoire d\u2019Abba auquel le cabaret de Pigalle s\u2019attaque. \u00ab\u00a0Extravagance, rires et beaucoup d\u2019Abba sont au programme !!\u00a0\u00bb, promet la revue cr\u00e9\u00e9e en 1946 qui annonce \u00ab\u00a0faire monter la temp\u00e9rature\u00a0\u00bb.\u00a0<\/p>\n<p>Vendredi 16 mai \u00e0 20h30 <a href=\"https:\/\/www.theatrefemina.com\/evenement\/madame-arthur-chauffe-abba\/\" target=\"_blank\" rel=\"noopener\">au F\u00e9mina<\/a>Fidelio au Grand Th\u00e9\u00e2tre du 16 au 23 mai \u00e0 20h<\/p>\n<p class=\" wall-content\"><strong>L\u2019unique op\u00e9ra<\/strong> <strong>de Ludwig van Beethoven<\/strong> est pr\u00e9sent\u00e9 sur la sc\u00e8ne du Grand-Th\u00e9\u00e2tre de Bordeaux au mois de mai. \u00ab\u00a0Souvent qualifi\u00e9 d\u2019op\u00e9ra des Lumi\u00e8res, Fidelio clame le besoin de libert\u00e9, en opposition \u00e0 toute forme d\u2019oppression injuste\u00a0\u00bb, pr\u00e9cise l\u2019Op\u00e9ra national de Bordeaux. Dans cette mise en sc\u00e8ne, les protagonistes se retrouvent \u00e0 l\u2019\u00e9poque de la Seconde Guerre Mondiale \u00e0 Bordeaux.\u00a0<\/p>\n<p>Du 16 au 23 mai \u00e0 20h<a href=\"https:\/\/www.opera-bordeaux.com\/opera-fidelio-57532#a-propos\" target=\"_blank\" rel=\"noopener\"> au Grand Th\u00e9\u00e2tre<\/a>Les Franglaises au Pin Galant<\/p>\n<p class=\" wall-content\">Moli\u00e8re du Spectacle Musical en 2015, la troupe <strong>des Franglaises<\/strong> rencontre le succ\u00e8s depuis une dizaine d\u2019ann\u00e9es. Sur sc\u00e8nes, les plus grands tubes sont r\u00e9v\u00e9l\u00e9s au public avec humour\u2026 par leur traduction. Les spectateurs pourront y entendre (et comprendre) les versions fran\u00e7aises des chansons des Filles Epic\u00e9es (Spice Girls) ou des Scarab\u00e9es (The Beatles) pendant pr\u00e8s de deux heures.<\/p>\n<p>Les 16 et 17 mai \u00e0 20h30 <a href=\"https:\/\/www.lepingalant.com\/les_franglaises&amp;100&amp;621.html\" target=\"_blank\" rel=\"noopener\">au Pin Galant<\/a>Le Lac des cygnes \u00e0 l\u2019Ark\u00e9a Arena<\/p>\n<p class=\" wall-content\">C\u2019est l\u2019un des plus grands <strong>chefs-d\u2019\u0153uvre du ballet classique.<\/strong> Le Lac des cygnes fascine toujours autant ses spectateurs de tout \u00e2ge. Le ballet compos\u00e9 par Tcha\u00efkovski en 1875, et repris par le chor\u00e9graphe Marius Petipa en 1895, est un incontournable.\u00a0 Cette fois, il est produit par France Concert et interpr\u00e9t\u00e9 par le Ballet Acad\u00e9mique de Naples et l\u2019Orchestre de Budapest.\u00a0<\/p>\n<p>Dimanche 18 mai \u00e0 16 h \u00e0 <a href=\"https:\/\/www.arkeaarena.com\/event\/le-lac-des-cygnes-ballet-et-orchestre-18-mai-2025-billetterie-bordeaux\/\" target=\"_blank\" rel=\"noopener\">l\u2019Ark\u00e9a Ar\u00e9na<\/a>Mondial Placard au Pin Galant<\/p>\n<p class=\" wall-content\">Les amateurs de th\u00e9\u00e2tre pourront aller au Pin Galant d\u00e9couvrir <strong>Mondial Placard,<\/strong> une com\u00e9die nomm\u00e9e aux Moli\u00e8res 2024. \u00c0\u00a0partir d\u2019interviews de femmes issues du monde de l\u2019entreprise, la pi\u00e8ce offre une r\u00e9flexion sur l\u2019\u00e9galit\u00e9 Femme-Homme. Un vaudeville piquant o\u00f9 tout le monde en prend pour son grade<\/p>\n<p>Jeudi 22 mai \u00e0 20h30 <a href=\"https:\/\/lepingalant.notre-billetterie.com\/billets?seance=3713\" target=\"_blank\" rel=\"noopener\">au Pin Galant<\/a>Chaton \u00e0 la Rock School Barbey<\/p>\n<p class=\" wall-content\">C\u2019est une rare tourn\u00e9e \u00e0 travers la France pour l\u2019artiste. Pourtant, <strong>Chaton<\/strong> a sorti 27 albums et plus de 300 titres en seulement sept ans. Le Parisien qui \u00e9vite les r\u00e9seaux sociaux est \u00e0 la fois chanteur, compositeur, interpr\u00e8te, \u00e9crivain, mais aussi com\u00e9dien.<\/p>\n<p class=\" wall-content\">\n<p>Vendredi 23 mai \u00e0 20h20 <a href=\"https:\/\/www.rockschool-barbey.com\/agenda\/1081\/chaton\" target=\"_blank\" rel=\"noopener\">\u00e0 la Rock School Barbey<\/a>Lou en acoustique au Rocher de Palmer<\/p>\n<p class=\" wall-content\">La chanteuse <strong>Lou<\/strong>\u00a0a vendu plus de 200 000 albums et enchain\u00e9 les tourn\u00e9es \u00e0 succ\u00e8s. Cette fois-ci, c\u2019est un concert tout en acoustique que l\u2019artiste de 21 ans propose au Rocher de Palmer. On y retrouvera ses tubes comme \u00ab\u00a0Dans le bleu du ciel\u00a0\u00bb, mais aussi des nouveaut\u00e9s.<\/p>\n<p>Samedi 31 mai \u00e0 20h30 <a href=\"https:\/\/lerocherdepalmer.fr\/agenda\/lou\" target=\"_blank\" rel=\"noopener\">au Rocher de Palmer<\/a><\/p>\n<p class=\" wall-content\">Suivez toute l\u2019actualit\u00e9 de vos villes et m\u00e9dias favoris en vous inscrivant \u00e0 <a href=\"https:\/\/moncompte.actu.fr\" title=\"D\u00e9couvez Mon Actu\" rel=\"nofollow noopener\" data-trk=\"{&quot;cta&quot;:{&quot;action&quot;:&quot;https:\\\/\\\/moncompte.actu.fr&quot;,&quot;category&quot;:&quot;mon compte&quot;,&quot;from&quot;:&quot;article footer&quot;,&quot;name&quot;:&quot;Mon actu&quot;,&quot;type&quot;:&quot;cta&quot;}}\" target=\"_blank\">Mon Actu<\/a>.<\/p>\n","protected":false},"excerpt":{"rendered":"Par Juliette Cardinale Publi\u00e9 le 29 avr. 2025 \u00e0 6h32 Tous les mois, la r\u00e9daction d\u2019actu Bordeaux s\u00e9lectionne&hellip;\n","protected":false},"author":2,"featured_media":61129,"comment_status":"","ping_status":"","sticky":false,"template":"","format":"standard","meta":{"footnotes":""},"categories":[2817],"tags":[1111,11,15890,1997,1697,1777,674,1011,27,1652,12,2219,25],"class_list":{"0":"post-61128","1":"post","2":"type-post","3":"status-publish","4":"format-standard","5":"has-post-thumbnail","7":"category-bordeaux","8":"tag-actu","9":"tag-actualites","10":"tag-arkea-arena","11":"tag-bordeaux","12":"tag-concert","13":"tag-eu","14":"tag-europe","15":"tag-fr","16":"tag-france","17":"tag-loisirs-culture","18":"tag-news","19":"tag-nouvelle-aquitaine","20":"tag-republique-francaise"},"share_on_mastodon":{"url":"https:\/\/pubeurope.com\/@fr\/114419836100879386","error":""},"_links":{"self":[{"href":"https:\/\/www.europesays.com\/fr\/wp-json\/wp\/v2\/posts\/61128","targetHints":{"allow":["GET"]}}],"collection":[{"href":"https:\/\/www.europesays.com\/fr\/wp-json\/wp\/v2\/posts"}],"about":[{"href":"https:\/\/www.europesays.com\/fr\/wp-json\/wp\/v2\/types\/post"}],"author":[{"embeddable":true,"href":"https:\/\/www.europesays.com\/fr\/wp-json\/wp\/v2\/users\/2"}],"replies":[{"embeddable":true,"href":"https:\/\/www.europesays.com\/fr\/wp-json\/wp\/v2\/comments?post=61128"}],"version-history":[{"count":0,"href":"https:\/\/www.europesays.com\/fr\/wp-json\/wp\/v2\/posts\/61128\/revisions"}],"wp:featuredmedia":[{"embeddable":true,"href":"https:\/\/www.europesays.com\/fr\/wp-json\/wp\/v2\/media\/61129"}],"wp:attachment":[{"href":"https:\/\/www.europesays.com\/fr\/wp-json\/wp\/v2\/media?parent=61128"}],"wp:term":[{"taxonomy":"category","embeddable":true,"href":"https:\/\/www.europesays.com\/fr\/wp-json\/wp\/v2\/categories?post=61128"},{"taxonomy":"post_tag","embeddable":true,"href":"https:\/\/www.europesays.com\/fr\/wp-json\/wp\/v2\/tags?post=61128"}],"curies":[{"name":"wp","href":"https:\/\/api.w.org\/{rel}","templated":true}]}}