{"id":611284,"date":"2025-12-20T07:50:19","date_gmt":"2025-12-20T07:50:19","guid":{"rendered":"https:\/\/www.europesays.com\/fr\/611284\/"},"modified":"2025-12-20T07:50:19","modified_gmt":"2025-12-20T07:50:19","slug":"cest-lendroit-parfait-pour-frapper-par-ou-la-russie-pourrait-elle-attaquer-leurope","status":"publish","type":"post","link":"https:\/\/www.europesays.com\/fr\/611284\/","title":{"rendered":"\u00ab\u00a0C\u2019est l\u2019endroit parfait pour frapper\u00a0\u00bb\u00a0: par o\u00f9 la Russie pourrait-elle attaquer l\u2019Europe\u00a0?"},"content":{"rendered":"<p class=\"paragraph text_align_left lp-f-body-02\">Un bruit de bottes de plus en plus insistant trotte dans toutes les t\u00eates europ\u00e9ennes. Chaque jour, ou presque, un chef d\u2019\u00c9tat du Vieux continent alerte sur <a href=\"https:\/\/www.leparisien.fr\/international\/ukraine\/la-russie-prete-pour-une-guerre-contre-leurope-vraiment-03-12-2025-UCQUHPEAIZBLHPSNXF5CINXASM.php\" target=\"_blank\" rel=\"noopener\">les menaces d\u2019un conflit arm\u00e9 avec la Russie<\/a>. Quand il ne s\u2019agit pas du chef des arm\u00e9es : fran\u00e7ais fin novembre avec le coup de semonce du g\u00e9n\u00e9ral Mandon ; britannique cette semaine avec l\u2019appel de Richard Knighton, chef d\u2019\u00c9tat-major du Royaume, \u00e0 ce que davantage de citoyens soient \u00ab pr\u00eats \u00e0 se battre \u00bb.<\/p>\n<p class=\"\">\u00ab <a href=\"https:\/\/www.leparisien.fr\/international\/la-temperature-monte-comment-la-russie-teste-les-occidentaux-03-10-2025-ADVJ52E2FBBI3AMPSJFD45IS3U.php\" target=\"_blank\" rel=\"noreferrer noopener\">La guerre hybride<\/a>, incarn\u00e9e par les cyberattaques et la d\u00e9sinformation, a d\u00e9j\u00e0 commenc\u00e9 \u00bb, rappelle le g\u00e9n\u00e9ral Dominique Trinquand. L\u2019intrusion militaire au sein d\u2019un des territoires de l\u2019Otan sommeille encore. Pour combien de temps encore ?<\/p>\n","protected":false},"excerpt":{"rendered":"Un bruit de bottes de plus en plus insistant trotte dans toutes les t\u00eates europ\u00e9ennes. Chaque jour, ou&hellip;\n","protected":false},"author":2,"featured_media":385614,"comment_status":"","ping_status":"","sticky":false,"template":"","format":"standard","meta":{"footnotes":""},"categories":[1591],"tags":[11,1887,14,12,1885,1886,132,220],"class_list":{"0":"post-611284","1":"post","2":"type-post","3":"status-publish","4":"format-standard","5":"has-post-thumbnail","7":"category-russie","8":"tag-actualites","9":"tag-federation-de-russie","10":"tag-international","11":"tag-news","12":"tag-russia","13":"tag-russian-federation","14":"tag-russie","15":"tag-ukraine"},"share_on_mastodon":{"url":"https:\/\/pubeurope.com\/@fr\/115750805405295563","error":""},"_links":{"self":[{"href":"https:\/\/www.europesays.com\/fr\/wp-json\/wp\/v2\/posts\/611284","targetHints":{"allow":["GET"]}}],"collection":[{"href":"https:\/\/www.europesays.com\/fr\/wp-json\/wp\/v2\/posts"}],"about":[{"href":"https:\/\/www.europesays.com\/fr\/wp-json\/wp\/v2\/types\/post"}],"author":[{"embeddable":true,"href":"https:\/\/www.europesays.com\/fr\/wp-json\/wp\/v2\/users\/2"}],"replies":[{"embeddable":true,"href":"https:\/\/www.europesays.com\/fr\/wp-json\/wp\/v2\/comments?post=611284"}],"version-history":[{"count":0,"href":"https:\/\/www.europesays.com\/fr\/wp-json\/wp\/v2\/posts\/611284\/revisions"}],"wp:featuredmedia":[{"embeddable":true,"href":"https:\/\/www.europesays.com\/fr\/wp-json\/wp\/v2\/media\/385614"}],"wp:attachment":[{"href":"https:\/\/www.europesays.com\/fr\/wp-json\/wp\/v2\/media?parent=611284"}],"wp:term":[{"taxonomy":"category","embeddable":true,"href":"https:\/\/www.europesays.com\/fr\/wp-json\/wp\/v2\/categories?post=611284"},{"taxonomy":"post_tag","embeddable":true,"href":"https:\/\/www.europesays.com\/fr\/wp-json\/wp\/v2\/tags?post=611284"}],"curies":[{"name":"wp","href":"https:\/\/api.w.org\/{rel}","templated":true}]}}