{"id":611295,"date":"2025-12-20T07:56:14","date_gmt":"2025-12-20T07:56:14","guid":{"rendered":"https:\/\/www.europesays.com\/fr\/611295\/"},"modified":"2025-12-20T07:56:14","modified_gmt":"2025-12-20T07:56:14","slug":"des-cyberattaques-pro-russes-ont-vise-des-institutions-gouvernementales-avant-un-sommet-de-lue","status":"publish","type":"post","link":"https:\/\/www.europesays.com\/fr\/611295\/","title":{"rendered":"des cyberattaques pro-russes ont vis\u00e9 des institutions gouvernementales avant un sommet de l\u2019UE"},"content":{"rendered":"<p style=\"overflow-wrap:break-word;text-align:justify;\">AA \/\u00a0Bruxelles \/\u00a0Melike Pala<\/p>\n<p style=\"overflow-wrap:break-word;text-align:justify;\">Le groupe de hackers pro-russe DDoSia a men\u00e9 des cyberattaques contre des institutions gouvernementales belges \u00e0 l\u2019approche d\u2019un sommet du Conseil de l\u2019Union europ\u00e9enne, a rapport\u00e9 vendredi l\u2019entreprise belge de cybers\u00e9curit\u00e9\u00a0Secutec.<\/p>\n<p style=\"overflow-wrap:break-word;text-align:justify;\">Selon l\u2019agence de presse Belga, citant\u00a0Secutec\u00a0\u2014 qui surveille les infrastructures critiques pour le Centre pour la cybers\u00e9curit\u00e9 de la Belgique \u2014 pr\u00e8s de 1 250 attaques par d\u00e9ni de service distribu\u00e9 (DDoS) ont \u00e9t\u00e9 enregistr\u00e9es entre le 2 et le 18 d\u00e9cembre. Aucune de ces attaques n\u2019a abouti.<\/p>\n<p style=\"overflow-wrap:break-word;text-align:justify;\">Les hackers ont cibl\u00e9 \u00e0 40 reprises le site du Parlement f\u00e9d\u00e9ral, 45 fois la province du Limbourg et 32 fois la province d\u2019Anvers.<\/p>\n<p style=\"overflow-wrap:break-word;text-align:justify;\">Des entreprises nucl\u00e9aires et \u00e9nerg\u00e9tiques figuraient \u00e9galement parmi les cibles.<\/p>\n<p style=\"overflow-wrap:break-word;text-align:justify;\">\u00ab En novembre, l\u2019attention portait principalement sur les gouvernements locaux et provinciaux, tandis qu\u2019en d\u00e9cembre elle s\u2019est d\u00e9plac\u00e9e vers les institutions f\u00e9d\u00e9rales et les infrastructures critiques \u00bb, a d\u00e9clar\u00e9 Geert\u00a0Baudewijns, directeur g\u00e9n\u00e9ral de\u00a0Secutec, ajoutant que \u00ab l\u2019objectif \u00e9tait clairement de perturber les services essentiels en Belgique afin de maximiser l\u2019impact national \u00bb.<\/p>\n<p style=\"overflow-wrap:break-word;text-align:justify;\">Secutec\u00a0a indiqu\u00e9 que le nombre d\u2019attaques avait augment\u00e9 de plus de 190 % par rapport au mois pr\u00e9c\u00e9dent, environ deux tiers visant des organismes publics.<\/p>\n<p style=\"overflow-wrap:break-word;text-align:justify;\">Des organisations de sant\u00e9 et d\u2019autres infrastructures critiques, notamment l\u2019entreprise \u00e9nerg\u00e9tique bruxelloise\u00a0Sibelga\u00a0et le fournisseur nucl\u00e9aire ASCO Industries, ont \u00e9galement \u00e9t\u00e9 fortement cibl\u00e9es.<\/p>\n<p style=\"overflow-wrap:break-word;text-align:justify;\">L\u2019entreprise a averti d\u2019une escalade dangereuse, soulignant que les attaques s\u2019\u00e9tendent de plus en plus des autorit\u00e9s publiques vers les secteurs de l\u2019\u00e9nergie et du nucl\u00e9aire.<\/p>\n<p style=\"overflow-wrap:break-word;text-align:justify;\">\u00ab DDoSia a d\u00e9montr\u00e9 sa capacit\u00e9 \u00e0 identifier et \u00e0 attaquer nos d\u00e9pendances les plus critiques, depuis la distribution d\u2019\u00e9nergie li\u00e9e au si\u00e8ge de l\u2019OTAN jusqu\u2019aux cha\u00eenes d\u2019approvisionnement nucl\u00e9aires qui repr\u00e9sentent jusqu\u2019\u00e0 50 % de notre production d\u2019\u00e9lectricit\u00e9 \u00bb, a d\u00e9clar\u00e9\u00a0Baudewijns.<\/p>\n<p style=\"overflow-wrap:break-word;text-align:justify;\">*Traduit de l&rsquo;anglaiis\u00a0par\u00a0Wafae\u00a0El\u00a0Baghouani<\/p>\n","protected":false},"excerpt":{"rendered":"AA \/\u00a0Bruxelles \/\u00a0Melike Pala Le groupe de hackers pro-russe DDoSia a men\u00e9 des cyberattaques contre des institutions gouvernementales&hellip;\n","protected":false},"author":2,"featured_media":611296,"comment_status":"","ping_status":"","sticky":false,"template":"","format":"standard","meta":{"footnotes":""},"categories":[1586],"tags":[11,1785,828,39815,1777,674,1779,1011,27,12,25,1778,364],"class_list":{"0":"post-611295","1":"post","2":"type-post","3":"status-publish","4":"format-standard","5":"has-post-thumbnail","7":"category-europe","8":"tag-actualites","9":"tag-anadolu-ajansi","10":"tag-belgique","11":"tag-cyberattaques","12":"tag-eu","13":"tag-europe","14":"tag-european-union","15":"tag-fr","16":"tag-france","17":"tag-news","18":"tag-republique-francaise","19":"tag-ue","20":"tag-union-europeenne"},"share_on_mastodon":{"url":"https:\/\/pubeurope.com\/@fr\/115750829037665944","error":""},"_links":{"self":[{"href":"https:\/\/www.europesays.com\/fr\/wp-json\/wp\/v2\/posts\/611295","targetHints":{"allow":["GET"]}}],"collection":[{"href":"https:\/\/www.europesays.com\/fr\/wp-json\/wp\/v2\/posts"}],"about":[{"href":"https:\/\/www.europesays.com\/fr\/wp-json\/wp\/v2\/types\/post"}],"author":[{"embeddable":true,"href":"https:\/\/www.europesays.com\/fr\/wp-json\/wp\/v2\/users\/2"}],"replies":[{"embeddable":true,"href":"https:\/\/www.europesays.com\/fr\/wp-json\/wp\/v2\/comments?post=611295"}],"version-history":[{"count":0,"href":"https:\/\/www.europesays.com\/fr\/wp-json\/wp\/v2\/posts\/611295\/revisions"}],"wp:featuredmedia":[{"embeddable":true,"href":"https:\/\/www.europesays.com\/fr\/wp-json\/wp\/v2\/media\/611296"}],"wp:attachment":[{"href":"https:\/\/www.europesays.com\/fr\/wp-json\/wp\/v2\/media?parent=611295"}],"wp:term":[{"taxonomy":"category","embeddable":true,"href":"https:\/\/www.europesays.com\/fr\/wp-json\/wp\/v2\/categories?post=611295"},{"taxonomy":"post_tag","embeddable":true,"href":"https:\/\/www.europesays.com\/fr\/wp-json\/wp\/v2\/tags?post=611295"}],"curies":[{"name":"wp","href":"https:\/\/api.w.org\/{rel}","templated":true}]}}