{"id":611304,"date":"2025-12-20T08:07:15","date_gmt":"2025-12-20T08:07:15","guid":{"rendered":"https:\/\/www.europesays.com\/fr\/611304\/"},"modified":"2025-12-20T08:07:15","modified_gmt":"2025-12-20T08:07:15","slug":"cyclisme-tadej-pogacar-affole-deja-les-chronos-et-claque-un-record-fou-en-espagne","status":"publish","type":"post","link":"https:\/\/www.europesays.com\/fr\/611304\/","title":{"rendered":"Cyclisme. Tadej Pogacar affole d\u00e9j\u00e0 les chronos et claque un record fou en Espagne"},"content":{"rendered":"<p>La pr\u00e9paration de la saison 2026 vient \u00e0 peine de d\u00e9buter que <a href=\"https:\/\/www.ledauphine.com\/p\/tadej-pogacar\" target=\"_blank\" rel=\"noopener\">Tadej Pogacar<\/a> est d\u00e9j\u00e0 en pleine bourre. Vendredi, en conclusion du premier stage en Espagne de l&rsquo;\u00e9quipe UAE Team Emirates WRG, le Slov\u00e8ne s&rsquo;est offert un record sur l&rsquo;une des ascensions embl\u00e9matiques de la c\u00f4te Est du pays.<\/p>\n<p>Au coeur d&rsquo;une sortie de 226,11 kilom\u00e8tres et 4302 m\u00e8tres de d\u00e9nivel\u00e9 positif, boucl\u00e9e en \u00e0 peine 6 heures, <a href=\"https:\/\/www.ledauphine.com\/tour-de-france\/2025\/07\/27\/ultra-dominateur-et-parfois-boudeur-tadej-pogacar-la-victoire-en-changeant\" target=\"_blank\" rel=\"noopener\">le quadruple vainqueur du Tour de France<\/a> a explos\u00e9 le record du Coll de Rates (6,42 km \u00e0 5,5 %). Roulant \u00e0 32,3 km\/h, \u00a0\u00bbPogi\u00a0\u00bb a am\u00e9lior\u00e9 de 41 secondes le temps d&rsquo;ascension pr\u00e9c\u00e9demment r\u00e9alis\u00e9 par Peter Oxenberg Hansen (12&rsquo;38\u00a0\u00bb).<\/p>\n<p>Onze minutes et cinquante-sept secondes, c&rsquo;est aussi une minutes et 4 secondes de mieux qu&rsquo;un certain <a href=\"https:\/\/www.ledauphine.com\/p\/paul-seixas\" target=\"_blank\" rel=\"noopener\">Paul Seixas<\/a>, alors que <a href=\"https:\/\/www.ledauphine.com\/p\/jonas-vingegaard\" target=\"_blank\" rel=\"noopener\">Jonas Vingegaard<\/a> affiche (sur Strava), lui, un temps une seconde moins bon (13&rsquo;02\u00a0\u00bb) que celui du jeune coureur de Decathlon CMA CGM.<\/p>\n","protected":false},"excerpt":{"rendered":"La pr\u00e9paration de la saison 2026 vient \u00e0 peine de d\u00e9buter que Tadej Pogacar est d\u00e9j\u00e0 en pleine&hellip;\n","protected":false},"author":2,"featured_media":611305,"comment_status":"","ping_status":"","sticky":false,"template":"","format":"standard","meta":{"footnotes":""},"categories":[1411],"tags":[1154,207,1011,27,517,1947,60],"class_list":{"0":"post-611304","1":"post","2":"type-post","3":"status-publish","4":"format-standard","5":"has-post-thumbnail","7":"category-cyclisme","8":"tag-cycling","9":"tag-cyclisme","10":"tag-fr","11":"tag-france","12":"tag-sport","13":"tag-sport-national","14":"tag-sports"},"share_on_mastodon":{"url":"https:\/\/pubeurope.com\/@fr\/115750872305112369","error":""},"_links":{"self":[{"href":"https:\/\/www.europesays.com\/fr\/wp-json\/wp\/v2\/posts\/611304","targetHints":{"allow":["GET"]}}],"collection":[{"href":"https:\/\/www.europesays.com\/fr\/wp-json\/wp\/v2\/posts"}],"about":[{"href":"https:\/\/www.europesays.com\/fr\/wp-json\/wp\/v2\/types\/post"}],"author":[{"embeddable":true,"href":"https:\/\/www.europesays.com\/fr\/wp-json\/wp\/v2\/users\/2"}],"replies":[{"embeddable":true,"href":"https:\/\/www.europesays.com\/fr\/wp-json\/wp\/v2\/comments?post=611304"}],"version-history":[{"count":0,"href":"https:\/\/www.europesays.com\/fr\/wp-json\/wp\/v2\/posts\/611304\/revisions"}],"wp:featuredmedia":[{"embeddable":true,"href":"https:\/\/www.europesays.com\/fr\/wp-json\/wp\/v2\/media\/611305"}],"wp:attachment":[{"href":"https:\/\/www.europesays.com\/fr\/wp-json\/wp\/v2\/media?parent=611304"}],"wp:term":[{"taxonomy":"category","embeddable":true,"href":"https:\/\/www.europesays.com\/fr\/wp-json\/wp\/v2\/categories?post=611304"},{"taxonomy":"post_tag","embeddable":true,"href":"https:\/\/www.europesays.com\/fr\/wp-json\/wp\/v2\/tags?post=611304"}],"curies":[{"name":"wp","href":"https:\/\/api.w.org\/{rel}","templated":true}]}}