{"id":611308,"date":"2025-12-20T08:09:18","date_gmt":"2025-12-20T08:09:18","guid":{"rendered":"https:\/\/www.europesays.com\/fr\/611308\/"},"modified":"2025-12-20T08:09:18","modified_gmt":"2025-12-20T08:09:18","slug":"oona-chaplin-actrice-tout-feu-tout-flamme-dans-avatar","status":"publish","type":"post","link":"https:\/\/www.europesays.com\/fr\/611308\/","title":{"rendered":"Oona Chaplin, actrice tout feu tout flamme dans \u00ab\u00a0Avatar\u00a0\u00bb"},"content":{"rendered":"<p>                     <img loading=\"lazy\" decoding=\"async\" src=\"https:\/\/www.europesays.com\/fr\/wp-content\/uploads\/2025\/12\/be0253b_upload-1-e9xdmtykylm7-gettyimages-2250649266.jpg\" alt=\"Oona Chaplin lors de l\u2019avant-premi\u00e8re d\u2019\u00ab\u00a0Avatar. De feu et de cendres\u00a0\u00bb, de James Cameron, au BFI IMAX Waterloo \u00e0 Londres, le 11\u00a0d\u00e9cembre\u00a02025.\"   width=\"664\" height=\"443\"\/>    Oona Chaplin lors de l\u2019avant-premi\u00e8re d\u2019\u00ab\u00a0Avatar. De feu et de cendres\u00a0\u00bb, de James Cameron, au BFI IMAX Waterloo \u00e0 Londres, le 11\u00a0d\u00e9cembre\u00a02025.  DAVE BENETT\/WIREIMAGE\/GETTY IMAGE                 <\/p>\n<p class=\"article__paragraph  \">Pour veiller \u00e0 ce que le planning des interviews reste dans les clous, Disney a d\u00e9p\u00each\u00e9 ses meilleurs contrema\u00eetres, mais Oona Chaplin s\u2019en contrefiche. Bravant leur regard placide et leur horloge implacable, l\u2019actrice hispano-britannique prend le temps de d\u00e9crire, par le menu, sa recette signature. \u00ab\u00a0J\u2019aime cuisiner le poisson \u2013 sole, bar ou morue \u2013 avec du lait de coco, des oignons rouges, du basilic, de la mangue\u2026, \u00e9num\u00e8re-t-elle, sourire aux l\u00e8vres. Et un peu d\u2019ananas\u00a0!\u00a0\u00bb<\/p>\n<p class=\"article__paragraph  \">Tandis qu\u2019elle fait siffler le \u00ab\u00a0s\u00a0\u00bb final, les serpents dor\u00e9s qu\u2019elle porte aux oreilles semblent onduler d\u2019aise. Simple illusion d\u2019optique, \u00e0 la v\u00e9rit\u00e9. Une de plus, direz-vous\u00a0: \u00e0 39\u00a0ans, la com\u00e9dienne incarne Varang, la \u00ab\u00a0m\u00e9chante\u00a0\u00bb d\u2019Avatar. De feu et de cendres, troisi\u00e8me volet de la saga \u00e0 gros budget et \u00e0 grands effets de James Cameron, en salle depuis mercredi 17\u00a0d\u00e9cembre.<\/p>\n<p class=\"article__paragraph  \">Nul besoin de lui forcer la main, l\u2019actrice op\u00e8re d\u2019elle-m\u00eame le rapprochement entre le cin\u00e9aste canadien et son grand-p\u00e8re maternel, Charlie Chaplin (1889-1977), qu\u2019elle n\u2019a jamais connu. \u00ab\u00a0Ce sont deux g\u00e9nies qui ont repouss\u00e9 les limites technologiques du cin\u00e9ma, pour explorer le c\u0153ur et le cerveau humains.\u00a0\u00bb En cette matin\u00e9e de d\u00e9cembre, le ballet promotionnel, r\u00e9gl\u00e9 au cordeau, occupe une aile enti\u00e8re de l\u2019h\u00f4tel Le Bristol, au c\u0153ur des beaux quartiers parisiens.<\/p>\n<p class=\"reading-mode-only \"><strong>Il vous reste 82.57% de cet article \u00e0 lire. La suite est r\u00e9serv\u00e9e aux abonn\u00e9s.<\/strong><\/p>\n","protected":false},"excerpt":{"rendered":"Oona Chaplin lors de l\u2019avant-premi\u00e8re d\u2019\u00ab\u00a0Avatar. De feu et de cendres\u00a0\u00bb, de James Cameron, au BFI IMAX Waterloo&hellip;\n","protected":false},"author":2,"featured_media":611309,"comment_status":"","ping_status":"","sticky":false,"template":"","format":"standard","meta":{"footnotes":""},"categories":[1359],"tags":[58,59,1011,27,973],"class_list":{"0":"post-611308","1":"post","2":"type-post","3":"status-publish","4":"format-standard","5":"has-post-thumbnail","7":"category-people","8":"tag-divertissement","9":"tag-entertainment","10":"tag-fr","11":"tag-france","12":"tag-people"},"share_on_mastodon":{"url":"https:\/\/pubeurope.com\/@fr\/115750880960634587","error":""},"_links":{"self":[{"href":"https:\/\/www.europesays.com\/fr\/wp-json\/wp\/v2\/posts\/611308","targetHints":{"allow":["GET"]}}],"collection":[{"href":"https:\/\/www.europesays.com\/fr\/wp-json\/wp\/v2\/posts"}],"about":[{"href":"https:\/\/www.europesays.com\/fr\/wp-json\/wp\/v2\/types\/post"}],"author":[{"embeddable":true,"href":"https:\/\/www.europesays.com\/fr\/wp-json\/wp\/v2\/users\/2"}],"replies":[{"embeddable":true,"href":"https:\/\/www.europesays.com\/fr\/wp-json\/wp\/v2\/comments?post=611308"}],"version-history":[{"count":0,"href":"https:\/\/www.europesays.com\/fr\/wp-json\/wp\/v2\/posts\/611308\/revisions"}],"wp:featuredmedia":[{"embeddable":true,"href":"https:\/\/www.europesays.com\/fr\/wp-json\/wp\/v2\/media\/611309"}],"wp:attachment":[{"href":"https:\/\/www.europesays.com\/fr\/wp-json\/wp\/v2\/media?parent=611308"}],"wp:term":[{"taxonomy":"category","embeddable":true,"href":"https:\/\/www.europesays.com\/fr\/wp-json\/wp\/v2\/categories?post=611308"},{"taxonomy":"post_tag","embeddable":true,"href":"https:\/\/www.europesays.com\/fr\/wp-json\/wp\/v2\/tags?post=611308"}],"curies":[{"name":"wp","href":"https:\/\/api.w.org\/{rel}","templated":true}]}}