{"id":611310,"date":"2025-12-20T08:10:14","date_gmt":"2025-12-20T08:10:14","guid":{"rendered":"https:\/\/www.europesays.com\/fr\/611310\/"},"modified":"2025-12-20T08:10:14","modified_gmt":"2025-12-20T08:10:14","slug":"cest-lhotel-le-plus-haut-du-monde","status":"publish","type":"post","link":"https:\/\/www.europesays.com\/fr\/611310\/","title":{"rendered":"c&rsquo;est l&rsquo;h\u00f4tel le plus haut du monde"},"content":{"rendered":"<p class=\"app_entry_lead\">Toujours plus haut, toujours plus spectaculaire. Dans ce pays tr\u00e8s en vue, un nouvel h\u00f4tel g\u00e9ant d\u00e9passe tous les autres, surclassant m\u00eame la Tour Eiffel. Un exploit architectural pour en mettre plein la vue\u00a0!<\/p>\n<p data-end=\"78\" data-start=\"0\">Proposer un lit avec vue sur les nuages n&rsquo;est plus un simple slogan. Depuis une quinzaine d&rsquo;ann\u00e9es, plusieurs villes se livrent une course discr\u00e8te mais acharn\u00e9e vers le ciel. \u00c0 La Mecque, un immense complexe h\u00f4telier domine la Grande Mosqu\u00e9e depuis longtemps. \u00c0 Hong Kong ou \u00e0 Shanghai, des tours m\u00ealant bureaux et chambres tutoient d\u00e9j\u00e0 des hauteurs vertigineuses. Chaque projet cherche \u00e0 gagner quelques m\u00e8tres de plus, \u00e0 offrir un panorama encore plus large, et \u00e0 inscrire son nom dans les classements mondiaux.<\/p>\n<p data-end=\"1270\" data-start=\"814\">Ces h\u00f4tels g\u00e9ants ne sont pas seulement des lieux pour dormir. Ils symbolisent la puissance \u00e9conomique d&rsquo;une ville, son go\u00fbt pour la d\u00e9mesure et sa capacit\u00e9 \u00e0 attirer visiteurs et investisseurs. \u00c0 plus de 300\u00a0m\u00e8tres du sol, les contraintes techniques deviennent \u00e9normes\u00a0: ascenseurs ultra-rapides, s\u00e9curit\u00e9 renforc\u00e9e, r\u00e9sistance au vent, gestion de milliers de clients. Peu d&rsquo;\u00e9tablissements osent franchir ce cap, et encore moins parviennent \u00e0 le d\u00e9passer.<\/p>\n<p data-end=\"1779\" data-start=\"1272\">Dans ce paysage d\u00e9j\u00e0 impressionnant, une ville s&rsquo;est impos\u00e9e comme le terrain de jeu favori des records : Duba\u00ef. Dans cette cit\u00e9 embl\u00e9matique des\u00a0\u00c9mirats arabes unis,\u00a0les gratte-ciel poussent plus vite que n&rsquo;importe o\u00f9 ailleurs, et l&rsquo;h\u00f4tellerie suit le m\u00eame mouvement. Apr\u00e8s avoir accueilli certains des h\u00f4tels les plus \u00e9lev\u00e9s de la plan\u00e8te, l&rsquo;\u00e9mirat vient de franchir une \u00e9tape suppl\u00e9mentaire avec un b\u00e2timent qui change d&rsquo;\u00e9chelle. Cette fois, la comparaison ne se fait plus seulement avec ses concurrents directs, mais avec des monuments mondialement connus.<\/p>\n<p><img decoding=\"async\" alt=\"\" src=\"https:\/\/www.europesays.com\/fr\/wp-content\/uploads\/2025\/12\/39504918.png\"\/><br \/>\n\u00a9\u00a0Ciel Dubai Marina<\/p>\n<p data-end=\"2187\" data-start=\"1781\">Ouvert le 15 novembre 2025, ce nouvel h\u00f4tel s&rsquo;\u00e9l\u00e8ve \u00e0 plus de 360\u00a0m\u00e8tres, soit bien au-del\u00e0 des 330\u00a0m\u00e8tres de la Tour Eiffel. Il compte 82 \u00e9tages enti\u00e8rement d\u00e9di\u00e9s \u00e0 l&rsquo;accueil des visiteurs, un record officiellement reconnu. Son nom\u00a0: le Ciel Dubai Marina. Install\u00e9 dans l&rsquo;un des quartiers les plus anim\u00e9s de la ville, il domine la mer et les gratte-ciel voisins, en arborant fi\u00e8rement sa silhouette fine et \u00e9lanc\u00e9e, visible \u00e0 des kilom\u00e8tres et reconnaissable \u00e0 son \u00e9tonnante arche au sommet.\u00a0<\/p>\n<p data-end=\"2601\" data-start=\"2189\">\u00c0 l&rsquo;int\u00e9rieur, le Ciel Dubai Marina aligne 857\u00a0chambres et 147\u00a0suites r\u00e9parties sur toute la hauteur de la tour.\u00a0Mais il abrite \u00e9galement aux \u00e9tages sup\u00e9rieurs huit restaurants, trois piscines ext\u00e9rieures \u2013 dont la plus haute piscine \u00e0 d\u00e9bordement du monde, situ\u00e9e au 76e \u00e9tage \u2013 ainsi que des espaces communs qui misent tous sur des vues spectaculaires, de jour comme de nuit. Chaque d\u00e9tail a \u00e9t\u00e9 pens\u00e9 pour tirer parti de l&rsquo;altitude, sans tomber dans l&rsquo;exc\u00e8s d\u00e9coratif. Et le plus \u00e9tonnant, c'(est que les tarifs ne sont pas astronomiques puisque l&rsquo;on trouve des chambres \u00e0 partir de 450 euros.<\/p>\n<p data-end=\"2601\" data-start=\"2189\">\u00a0<\/p>\n<p data-end=\"2959\" data-start=\"2603\">Avec ce nouvel exploit architectural, Duba\u00ef ne se contente pas d&rsquo;ajouter un h\u00f4tel de plus \u00e0 son catalogue. La ville pr\u00e9f\u00e9r\u00e9e des milliardaires et des influenceurs confirme son penchant affich\u00e9 pour le luxe et la d\u00e9mesure. Nul doute que\u00a0le Ciel Dubai Marina figurera en bonne place dans les stories Instagram\u2026 Ce n&rsquo;est toutefois pas l&rsquo;immeuble le plus haut au monde : ce titre revient au\u00a0Burj Khalifa, un gratte-ciel de 828 m et de 200 \u00e9tages, situ\u00e9\u2026 \u00e0\u00a0Duba\u00ef !<\/p>\n","protected":false},"excerpt":{"rendered":"Toujours plus haut, toujours plus spectaculaire. Dans ce pays tr\u00e8s en vue, un nouvel h\u00f4tel g\u00e9ant d\u00e9passe tous&hellip;\n","protected":false},"author":2,"featured_media":611311,"comment_status":"","ping_status":"","sticky":false,"template":"","format":"standard","meta":{"footnotes":""},"categories":[1358],"tags":[1348,1384,1385,72234,51761,1386,58,59,51763,1011,27,56888,2142,51767],"class_list":{"0":"post-611310","1":"post","2":"type-post","3":"status-publish","4":"format-standard","5":"has-post-thumbnail","7":"category-arts-et-design","8":"tag-arts","9":"tag-arts-and-design","10":"tag-arts-et-design","11":"tag-cms-commentcamarche-36569","12":"tag-controller-content","13":"tag-design","14":"tag-divertissement","15":"tag-entertainment","16":"tag-format-papier","17":"tag-fr","18":"tag-france","19":"tag-les-histoires-de-ccm","20":"tag-maison","21":"tag-parallaxeinfeed"},"share_on_mastodon":{"url":"https:\/\/pubeurope.com\/@fr\/115750885630919934","error":""},"_links":{"self":[{"href":"https:\/\/www.europesays.com\/fr\/wp-json\/wp\/v2\/posts\/611310","targetHints":{"allow":["GET"]}}],"collection":[{"href":"https:\/\/www.europesays.com\/fr\/wp-json\/wp\/v2\/posts"}],"about":[{"href":"https:\/\/www.europesays.com\/fr\/wp-json\/wp\/v2\/types\/post"}],"author":[{"embeddable":true,"href":"https:\/\/www.europesays.com\/fr\/wp-json\/wp\/v2\/users\/2"}],"replies":[{"embeddable":true,"href":"https:\/\/www.europesays.com\/fr\/wp-json\/wp\/v2\/comments?post=611310"}],"version-history":[{"count":0,"href":"https:\/\/www.europesays.com\/fr\/wp-json\/wp\/v2\/posts\/611310\/revisions"}],"wp:featuredmedia":[{"embeddable":true,"href":"https:\/\/www.europesays.com\/fr\/wp-json\/wp\/v2\/media\/611311"}],"wp:attachment":[{"href":"https:\/\/www.europesays.com\/fr\/wp-json\/wp\/v2\/media?parent=611310"}],"wp:term":[{"taxonomy":"category","embeddable":true,"href":"https:\/\/www.europesays.com\/fr\/wp-json\/wp\/v2\/categories?post=611310"},{"taxonomy":"post_tag","embeddable":true,"href":"https:\/\/www.europesays.com\/fr\/wp-json\/wp\/v2\/tags?post=611310"}],"curies":[{"name":"wp","href":"https:\/\/api.w.org\/{rel}","templated":true}]}}