{"id":611314,"date":"2025-12-20T08:14:15","date_gmt":"2025-12-20T08:14:15","guid":{"rendered":"https:\/\/www.europesays.com\/fr\/611314\/"},"modified":"2025-12-20T08:14:15","modified_gmt":"2025-12-20T08:14:15","slug":"gims-federe-toutes-les-generations-a-paris-la-defense-arena","status":"publish","type":"post","link":"https:\/\/www.europesays.com\/fr\/611314\/","title":{"rendered":"Gims f\u00e9d\u00e8re toutes les g\u00e9n\u00e9rations \u00e0 Paris La D\u00e9fense Arena"},"content":{"rendered":"<p>\n    <strong>NOUS Y \u00c9TIONS\u00a0&#8211;<\/strong>\u00a0Le rappeur et chanteur congolais a pris d\u2019assaut la plus grande salle d\u2019Europe vendredi 19 d\u00e9cembre. Devant 40.000 spectateurs, il a livr\u00e9 un concert spectaculaire, alternant entre ses titres des ann\u00e9es 2010 et ceux des ann\u00e9es 2020.<\/p>\n<p class=\"fig-paragraph\">\u00ab Waw\u00a0\u00bb, n\u2019a cess\u00e9 de r\u00e9p\u00e9ter\u00a0<a href=\"http:\/\/www.lefigaro.fr\/musique\/avec-gims-et-orelsan-le-rap-prendra-d-assaut-les-francofolies-de-la-rochelle-2026-20251018\" data-fig-type=\"Article\" data-gtm-custom-categorie=\"navigation\" data-gtm-custom-action=\"crossclick\" data-gtm-custom-label=\"Contextuel\" data-gtm-event=\"customEventSPE\" data-fig-domain=\"LEFIGARO\" target=\"_blank\" rel=\"noopener\">Gims<\/a>\u00a0tout au long du premier de\u00a0<a href=\"http:\/\/www.lefigaro.fr\/musique\/gims-clot-sa-tournee-avec-cinq-concerts-geants-a-paris-la-defense-arena-20251218\" data-fig-type=\"NewsFlash\" data-gtm-custom-categorie=\"navigation\" data-gtm-custom-action=\"crossclick\" data-gtm-custom-label=\"Contextuel\" data-gtm-event=\"customEventSPE\" data-fig-domain=\"LEFIGARO\" target=\"_blank\" rel=\"noopener\">ses cinq concerts donn\u00e9s \u00e0 Paris La D\u00e9fense Arena<\/a>\u00a0ce week-end. Vendredi soir, devant une foule de plus 40.000 personnes, le deuxi\u00e8me\u00a0<a href=\"http:\/\/www.lefigaro.fr\/musique\/bad-bunny-lady-gaga-et-taylor-swift-parmi-les-artistes-les-plus-ecoutes-sur-les-plateformes-en-2025-20251204\" data-fig-type=\"Article\" data-gtm-custom-categorie=\"navigation\" data-gtm-custom-action=\"crossclick\" data-gtm-custom-label=\"Contextuel\" data-gtm-event=\"customEventSPE\" data-fig-domain=\"LEFIGARO\" target=\"_blank\" rel=\"noopener\">artiste francophone le plus \u00e9cout\u00e9 de l\u2019ann\u00e9e 2025<\/a>\u00a0a chant\u00e9 quelques-uns des meilleurs morceaux de son riche r\u00e9pertoire musical. Les plusieurs dizaines de tubes ayant fait sa gloire ces vingt derni\u00e8res ann\u00e9es et l\u2019ayant accompagn\u00e9 jusqu\u2019\u00e0 la plus grande salle de concert d\u2019Europe, o\u00f9 il se pr\u00e9sentera une nouvelle fois ce samedi apr\u00e8s-midi, \u00e0 14 heures, et le soir \u00e0 21 heures, ainsi que dimanche et lundi.<\/p>\n<p class=\"fig-paragraph\">Avec autant de dates organis\u00e9es en l\u2019espace de quatre jours, le rappeur et chanteur congolais s\u2019appr\u00eate \u00e0 inscrire son nom dans le livre des records de Paris La D\u00e9fense Arena. Seule une certaine\u00a0<a href=\"https:\/\/www.lefigaro.fr\/musique\/mylene-farmer-apocalyptique-a-la-defense-arena-20190608\" data-fig-type=\"Article\" data-gtm-custom-categorie=\"navigation\" data-gtm-custom-action=\"crossclick\" data-gtm-custom-label=\"Contextuel\" data-gtm-event=\"customEventSPE\" data-fig-domain=\"LEFIGARO\" target=\"_blank\" rel=\"noopener\">Myl\u00e8ne Farmer<\/a>\u00a0a r\u00e9alis\u00e9 un tel exploit dans le pass\u00e9. C\u2019\u00e9tait en juin 2019, lorsqu\u2019elle s\u2019est produite sur cette m\u00eame sc\u00e8ne \u00e0 neuf reprises, devant quelque 243.000 spectateurs. Une affluence encore jamais\u2026<\/p>\n<p class=\"fig-premium-paywall__infos\">\n        Cet article est r\u00e9serv\u00e9 aux abonn\u00e9s.        Il vous reste 87% \u00e0 d\u00e9couvrir.\n    <\/p>\n<p>                <img  data- alt=\"Le Figaro\" class=\"fig-img--complete fig-img\"\/><\/p>\n<p class=\"fig-premium-paywall__title\">Vous avez envie de lire la suite ?<\/p>\n<p class=\"fig-premium-paywall__subtitle\">D\u00e9bloquez tous les articles imm\u00e9diatement.<\/p>\n<p class=\"fig-premium-paywall__connect\">\n                D\u00e9j\u00e0 abonn\u00e9\u00a0?                <a class=\"fig-premium-paywall__connect-link\" href=\"https:\/\/connect.lefigaro.fr\/login?client=horizon_web&amp;type=main&amp;redirect_uri=https%3A%2F%2Fwww.lefigaro.fr%2Fmusique%2Fgims-federe-toutes-les-generations-a-paris-la-defense-arena-20251220\" data-js-gtm=\"{&quot;customCategorie&quot;: &quot;conversion&quot;, &quot;customAction&quot;: &quot;before_Landing_Connexion_paywall_auto&quot;, &quot;customLabel&quot;: &quot;bGVmaWdhcm8uZnJfXzFmMGRkMzI1LTBkMzUtNmUzMC05Y2I4LTIxYTQ2OGU3Nzg4ZV9fTmV3c0ZsYXNo_Gims f\u00e9d\u00e8re toutes les g\u00e9n\u00e9rations \u00e0 Paris La D\u00e9fense Arena_394&quot;, &quot;customIDSPE&quot;: &quot;bGVmaWdhcm8uZnJfXzFmMGRkMzI1LTBkMzUtNmUzMC05Y2I4LTIxYTQ2OGU3Nzg4ZV9fTmV3c0ZsYXNo&quot;, &quot;event&quot;: &quot;customEventSPE&quot;}\" target=\"_blank\" rel=\"noopener\"><br \/>\n                    Connectez-vous<br \/>\n                <\/a>\n            <\/p>\n","protected":false},"excerpt":{"rendered":"NOUS Y \u00c9TIONS\u00a0&#8211;\u00a0Le rappeur et chanteur congolais a pris d\u2019assaut la plus grande salle d\u2019Europe vendredi 19 d\u00e9cembre.&hellip;\n","protected":false},"author":2,"featured_media":611315,"comment_status":"","ping_status":"","sticky":false,"template":"","format":"standard","meta":{"footnotes":""},"categories":[1355],"tags":[1697,58,59,1011,27,13444,1361,873,3616],"class_list":{"0":"post-611314","1":"post","2":"type-post","3":"status-publish","4":"format-standard","5":"has-post-thumbnail","7":"category-musique","8":"tag-concert","9":"tag-divertissement","10":"tag-entertainment","11":"tag-fr","12":"tag-france","13":"tag-gims","14":"tag-music","15":"tag-musique","16":"tag-rap"},"share_on_mastodon":{"url":"https:\/\/pubeurope.com\/@fr\/115750899854172179","error":""},"_links":{"self":[{"href":"https:\/\/www.europesays.com\/fr\/wp-json\/wp\/v2\/posts\/611314","targetHints":{"allow":["GET"]}}],"collection":[{"href":"https:\/\/www.europesays.com\/fr\/wp-json\/wp\/v2\/posts"}],"about":[{"href":"https:\/\/www.europesays.com\/fr\/wp-json\/wp\/v2\/types\/post"}],"author":[{"embeddable":true,"href":"https:\/\/www.europesays.com\/fr\/wp-json\/wp\/v2\/users\/2"}],"replies":[{"embeddable":true,"href":"https:\/\/www.europesays.com\/fr\/wp-json\/wp\/v2\/comments?post=611314"}],"version-history":[{"count":0,"href":"https:\/\/www.europesays.com\/fr\/wp-json\/wp\/v2\/posts\/611314\/revisions"}],"wp:featuredmedia":[{"embeddable":true,"href":"https:\/\/www.europesays.com\/fr\/wp-json\/wp\/v2\/media\/611315"}],"wp:attachment":[{"href":"https:\/\/www.europesays.com\/fr\/wp-json\/wp\/v2\/media?parent=611314"}],"wp:term":[{"taxonomy":"category","embeddable":true,"href":"https:\/\/www.europesays.com\/fr\/wp-json\/wp\/v2\/categories?post=611314"},{"taxonomy":"post_tag","embeddable":true,"href":"https:\/\/www.europesays.com\/fr\/wp-json\/wp\/v2\/tags?post=611314"}],"curies":[{"name":"wp","href":"https:\/\/api.w.org\/{rel}","templated":true}]}}