{"id":61132,"date":"2025-04-29T06:29:08","date_gmt":"2025-04-29T06:29:08","guid":{"rendered":"https:\/\/www.europesays.com\/fr\/61132\/"},"modified":"2025-04-29T06:29:08","modified_gmt":"2025-04-29T06:29:08","slug":"pres-de-toulouse-le-feu-se-declare-dans-le-garage-de-la-maison-une-vingtaine-de-pompiers-mobilises","status":"publish","type":"post","link":"https:\/\/www.europesays.com\/fr\/61132\/","title":{"rendered":"Pr\u00e8s de Toulouse. Le feu se d\u00e9clare dans le garage de la maison, une vingtaine de pompiers mobilis\u00e9s"},"content":{"rendered":"<p>            Par<br \/>\n        <strong><br \/>\n            <a href=\"https:\/\/actu.fr\/auteur\/guillaume-laurens\" title=\"Consulter tous les articles de Guillaume Laurens\" rel=\"nofollow noopener\" target=\"_blank\">Guillaume Laurens<\/a><br \/>\n        <\/strong><\/p>\n<p>        Publi\u00e9 le<\/p>\n<p>            29 avr. 2025 \u00e0 7h49        <\/p>\n<p>Il \u00e9tait quasiment 18\u00a0heures, lundi 28\u00a0avril 2025, quand les <strong>sapeurs-pompiers<\/strong> de Haute-Garonne ont \u00e9t\u00e9 engag\u00e9s pour un <strong>feu survenu dans le garage<\/strong> d\u2019une maison \u00e0 <strong><a href=\"https:\/\/actu.fr\/occitanie\/saint-jory_31490\" rel=\"nofollow noopener\" target=\"_blank\">Saint-Jory<\/a><\/strong>, au nord de Toulouse.<\/p>\n<p>Les pompiers \u00e9vitent la propagation des flammes<\/p>\n<p class=\" wall-content\">\u00c0 l\u2019arriv\u00e9e des secours, les <strong>occupants<\/strong> de cette maison d\u2019habitation mitoyenne, disposant d\u2019un \u00e9tage, \u00e9taient sortis par leurs propres moyens, relate le SDIS de la Haute-Garonne.<\/p>\n<p class=\" wall-content\">L\u2019action rapide des soldats du feu, qui ont d\u00e9ploy\u00e9 une lance \u00e0 eau, \u00ab\u2009a permis <strong>l\u2019extinction du foyer principal<\/strong>, \u00e9vitant ainsi <strong>la propagation<\/strong> de l\u2019incendie \u00e0 la maison adjacente par le garage\u2009\u00bb, ajoute le SDIS. Entretemps, les pompiers avaient toutefois proc\u00e9d\u00e9 au d\u00e9garnissage de \u00ab\u2009certains \u00e9l\u00e9ments constituant l\u2019isolation\u2009\u00bb de la b\u00e2tisse, face au risque de propagation des flammes.<\/p>\n<p>Les habitants seront relog\u00e9s<\/p>\n<p class=\" wall-content\">Si le sinistre n\u2019a fort heureusement <strong>pas fait de victime<\/strong>, les habitants de l\u2019habitation devront \u00eatre <strong>relog\u00e9s<\/strong>, \u00e0 la charge de la commune.<\/p>\n<p class=\" wall-content\"><strong>Deux engins<\/strong> de lutte contre l\u2019incendie, une \u00e9chelle, une ambulance, ainsi qu\u2019un \u00e9chelon de commandement, ont \u00e9t\u00e9 engag\u00e9s sur cette op\u00e9ration, soit au total quelque <strong>19 sapeurs-pompiers<\/strong>.<\/p>\n<p>Vid\u00e9os : en ce moment sur Actu<\/p>\n<p class=\" wall-content\">Suivez toute l\u2019actualit\u00e9 de vos villes et m\u00e9dias favoris en vous inscrivant \u00e0 <a href=\"https:\/\/moncompte.actu.fr\" title=\"D\u00e9couvez Mon Actu\" rel=\"nofollow noopener\" data-trk=\"{&quot;cta&quot;:{&quot;action&quot;:&quot;https:\\\/\\\/moncompte.actu.fr&quot;,&quot;category&quot;:&quot;mon compte&quot;,&quot;from&quot;:&quot;article footer&quot;,&quot;name&quot;:&quot;Mon actu&quot;,&quot;type&quot;:&quot;cta&quot;}}\" target=\"_blank\">Mon Actu<\/a>.<\/p>\n","protected":false},"excerpt":{"rendered":"Par Guillaume Laurens Publi\u00e9 le 29 avr. 2025 \u00e0 7h49 Il \u00e9tait quasiment 18\u00a0heures, lundi 28\u00a0avril 2025, quand&hellip;\n","protected":false},"author":2,"featured_media":61133,"comment_status":"","ping_status":"","sticky":false,"template":"","format":"standard","meta":{"footnotes":""},"categories":[2816],"tags":[1111,11,1777,674,118,1011,27,1310,12,2680,25,2312],"class_list":{"0":"post-61132","1":"post","2":"type-post","3":"status-publish","4":"format-standard","5":"has-post-thumbnail","7":"category-toulouse","8":"tag-actu","9":"tag-actualites","10":"tag-eu","11":"tag-europe","12":"tag-faits-divers","13":"tag-fr","14":"tag-france","15":"tag-incendie","16":"tag-news","17":"tag-occitanie","18":"tag-republique-francaise","19":"tag-toulouse"},"share_on_mastodon":{"url":"https:\/\/pubeurope.com\/@fr\/114419844048085532","error":""},"_links":{"self":[{"href":"https:\/\/www.europesays.com\/fr\/wp-json\/wp\/v2\/posts\/61132","targetHints":{"allow":["GET"]}}],"collection":[{"href":"https:\/\/www.europesays.com\/fr\/wp-json\/wp\/v2\/posts"}],"about":[{"href":"https:\/\/www.europesays.com\/fr\/wp-json\/wp\/v2\/types\/post"}],"author":[{"embeddable":true,"href":"https:\/\/www.europesays.com\/fr\/wp-json\/wp\/v2\/users\/2"}],"replies":[{"embeddable":true,"href":"https:\/\/www.europesays.com\/fr\/wp-json\/wp\/v2\/comments?post=61132"}],"version-history":[{"count":0,"href":"https:\/\/www.europesays.com\/fr\/wp-json\/wp\/v2\/posts\/61132\/revisions"}],"wp:featuredmedia":[{"embeddable":true,"href":"https:\/\/www.europesays.com\/fr\/wp-json\/wp\/v2\/media\/61133"}],"wp:attachment":[{"href":"https:\/\/www.europesays.com\/fr\/wp-json\/wp\/v2\/media?parent=61132"}],"wp:term":[{"taxonomy":"category","embeddable":true,"href":"https:\/\/www.europesays.com\/fr\/wp-json\/wp\/v2\/categories?post=61132"},{"taxonomy":"post_tag","embeddable":true,"href":"https:\/\/www.europesays.com\/fr\/wp-json\/wp\/v2\/tags?post=61132"}],"curies":[{"name":"wp","href":"https:\/\/api.w.org\/{rel}","templated":true}]}}