{"id":611326,"date":"2025-12-20T08:20:18","date_gmt":"2025-12-20T08:20:18","guid":{"rendered":"https:\/\/www.europesays.com\/fr\/611326\/"},"modified":"2025-12-20T08:20:18","modified_gmt":"2025-12-20T08:20:18","slug":"ce-geste-qui-crispe-les-equipages-en-hiver","status":"publish","type":"post","link":"https:\/\/www.europesays.com\/fr\/611326\/","title":{"rendered":"ce geste qui crispe les \u00e9quipages en hiver"},"content":{"rendered":"<p>\n    Avec le retour du froid, les \u00e9quipages redoutent un geste r\u00e9current des passagers, devenu l\u2019un des irritants les plus surprenants de la saison.<\/p>\n<p class=\"fig-paragraph\">L\u2019hiver apporte ses rituels\u00a0: les rues s\u2019illuminent, les a\u00e9roports se remplissent\u2026 et les coffres \u00e0 bagages virent \u00e0 la zone de tension. Ce qui n\u2019\u00e9tait autrefois qu\u2019un ballet discret est devenu un v\u00e9ritable enjeu strat\u00e9gique\u00a0: obtenir un emplacement pour sa valise avant les autres.<\/p>\n<p class=\"fig-paragraph\">Dans les files d\u2019embarquement, chacun avance en scrutant le moindre geste, bien conscient que le rack n\u2019est plus un espace de confort mais une ressource limit\u00e9e. Selon les pays, certaines sc\u00e8nes ressemblent m\u00eame \u00e0 un jeu d\u2019anticipation o\u00f9 le premier \u00e0 atteindre la cabine verrouille sa place.<\/p>\n<p>                                            <a class=\"fig-a11y-skip\" href=\"#fig-a11y-skip-main-inarticle\" data-module=\"a11y-skip\" data-context=\"was @visible\"><br \/>\n    Passer la publicit\u00e9<br \/>\n<\/a>            <\/p>\n<p class=\"fig-paragraph\">Dans ce contexte de pression grandissante, un geste cristallise d\u00e9sormais les crispations\u00a0: glisser son manteau ou sa doudoune dans le compartiment sup\u00e9rieur. Un r\u00e9flexe courant, mais que les compagnies tentent aujourd\u2019hui d\u2019endiguer. Dans de nombreux avions, l\u2019annonce est d\u00e9sormais explicite\u00a0: <strong>\u00ab<\/strong>Merci de conserver vos v\u00eatements avec vous afin de laisser de la place aux bagages cabines.\u00bb<\/p>\n<p>                                            Un manteau, une place en moins\u00a0: la m\u00e9canique qui s\u2019enraye<\/p>\n<p class=\"fig-paragraph\">Dans l\u2019imaginaire collectif, les coffres sup\u00e9rieurs ont longtemps servi de penderie volante, o\u00f9 chacun d\u00e9posait \u2014 en plus de son bagage cabine \u2014 veste, blouson ou pardessus avant de s\u2019installer. Mais les usages ont chang\u00e9. Les compagnies ont agrandi les racks, augment\u00e9 le nombre de passagers voyageant avec une valise cabine, rationalis\u00e9 chaque centim\u00e8tre carr\u00e9.<\/p>\n<p class=\"fig-paragraph\">R\u00e9sultat\u00a0: le compartiment est d\u00e9sormais pens\u00e9 pour des bagages strictement dimensionn\u00e9s. Un manteau volumineux, pos\u00e9 au mauvais moment, suffit \u00e0 d\u00e9s\u00e9quilibrer l\u2019organisation. D\u00e8s qu\u2019il occupe la place pr\u00e9vue pour une valise, tout le reste se d\u00e9r\u00e8gle\u00a0: un passager cherche un coffre libre plus loin, bloque l\u2019all\u00e9e, ralentit l\u2019embarquement et finit parfois par retarder le d\u00e9part. Un d\u00e9tail en apparence b\u00e9nin, mais qui, r\u00e9p\u00e9t\u00e9 plusieurs dizaines de fois par jour, suffit \u00e0 irriter des \u00e9quipages d\u00e9j\u00e0 soumis \u00e0 une logistique serr\u00e9e.<\/p>\n<p class=\"fig-body-link\">\n            \u00c0 lire aussi<br \/>\n        <a class=\"fig-body-link__link\" href=\"http:\/\/www.lefigaro.fr\/voyages\/conseils\/et-si-le-meilleur-siege-en-avion-etait-finalement-celui-du-milieu-20251209\" data-fig-type=\"Article\" data-gtm-custom-categorie=\"navigation\" data-gtm-custom-action=\"crossclick\" data-gtm-custom-label=\"Contextuel\" data-gtm-event=\"customEventSPE\" data-fig-domain=\"LEFIGARO\" target=\"_blank\" rel=\"noopener\"><\/p>\n<p>        Et si le meilleur si\u00e8ge en avion \u00e9tait finalement celui du milieu\u00a0?<br \/>\n    <\/a>\n<\/p>\n<p>                                            Et puis il y a la question, tr\u00e8s simple, de l\u2019hygi\u00e8ne<\/p>\n<p>    Dans de nombreux avions, l\u2019annonce est d\u00e9sormais explicite\u00a0: <strong>\u00ab<\/strong>Merci de conserver vos v\u00eatements avec vous afin de laisser de la place aux bagages cabines.\u00bb<br \/>\n                KONYA VIKTOR \/ kadosafia &#8211; stock.adobe.com<\/p>\n<p class=\"fig-paragraph\">Ce que l\u2019on imagine rarement, c\u2019est l\u2019\u00e9tat r\u00e9el des compartiments sup\u00e9rieurs. Les valises qui y entrent ont travers\u00e9 des trottoirs, roul\u00e9 sur des tapis poussi\u00e9reux, s\u00e9journ\u00e9 en soute. Les roulettes, surtout, ne brillent pas par leur propret\u00e9.<\/p>\n<p class=\"fig-paragraph\">D\u00e9poser l\u00e0 un manteau qu\u2019on remettra au cou \u00e0 l\u2019arriv\u00e9e n\u2019est pas l\u2019id\u00e9e la plus heureuse. Les membres d\u2019\u00e9quipage le constatent quotidiennement\u00a0: un pardessus coinc\u00e9 entre deux bagages ressort rarement aussi immacul\u00e9 qu\u2019il est entr\u00e9&#8230;<\/p>\n<p class=\"fig-body-link\">\n            \u00c0 lire aussi<br \/>\n        <a class=\"fig-body-link__link\" href=\"http:\/\/www.lefigaro.fr\/voyages\/bagage-cabine-une-taille-standardisee-enfin-garantie-en-europe-20250704\" data-fig-type=\"NewsFlash\" data-gtm-custom-categorie=\"navigation\" data-gtm-custom-action=\"crossclick\" data-gtm-custom-label=\"Contextuel\" data-gtm-event=\"customEventSPE\" data-fig-domain=\"LEFIGARO\" target=\"_blank\" rel=\"noopener\"><\/p>\n<p>        Bagage \u00e0 main\u00a0: une taille standardis\u00e9e enfin garantie en Europe<br \/>\n    <\/a>\n<\/p>\n<p>                                            <a class=\"fig-a11y-skip\" href=\"#fig-a11y-skip-main-inarticle_mtf\" data-module=\"a11y-skip\" data-context=\"was @visible\"><br \/>\n    Passer la publicit\u00e9<br \/>\n<\/a>            <\/p>\n<p>                                            Que faire, alors\u00a0? Petit guide de l\u2019hiver en cabine<\/p>\n<p class=\"fig-paragraph\">Le bon geste, selon les compagnies a\u00e9riennes, consiste \u00e0 glisser son manteau dans sa valise cabine \u2014 un compromis parfois acrobatique, mais qui \u00e9vite les conflits de rangement. Reste que pour beaucoup de voyageurs, garder son manteau sur les genoux pendant l\u2019embarquement \u2014 voire durant tout le vol \u2014 a quelque chose d\u2019absurde et peu pratique, surtout quand le billet co\u00fbte plusieurs centaines d\u2019euros.<\/p>\n<p class=\"fig-paragraph\">La frustration est encore plus grande lorsqu\u2019on ne voyage qu\u2019avec un manteau, sans aucun bagage cabine. Logiquement, on imagine pouvoir utiliser un coffre vide. Mais en classe \u00e9co l\u2019espace y est con\u00e7u pour \u00eatre collectif, non individuel. Une solution, paradoxale mais redoutablement efficace, circule d\u00e9sormais chez les voyageurs fr\u00e9quents\u00a0: embarquer avec un bagage cabine presque vide, destin\u00e9 uniquement \u00e0 accueillir son manteau. Un geste simple, qui respecte les r\u00e8gles, m\u00e9nage les \u00e9quipages\u2026 et \u00e9vite huit heures de vol avec une doudoune sur les genoux.<\/p>\n<p class=\"fig-body-link\">\n            \u00c0 lire aussi<br \/>\n        <a class=\"fig-body-link__link fig-premium-mark\" href=\"https:\/\/www.lefigaro.fr\/voyages\/a-l-hotel-dans-le-train-en-avion-les-voyageurs-ont-ils-oublie-les-bonnes-manieres-20201002\" data-fig-type=\"Article\" data-gtm-custom-categorie=\"navigation\" data-gtm-custom-action=\"crossclick\" data-gtm-custom-label=\"Contextuel\" data-gtm-event=\"customEventSPE\" data-fig-domain=\"LEFIGARO\" target=\"_blank\" rel=\"noopener\"><\/p>\n<p>        \u00c0 l\u2019h\u00f4tel, dans le train, en avion&#8230; Les voyageurs ont-ils oubli\u00e9 les bonnes mani\u00e8res?<br \/>\n    <\/a>\n<\/p>\n<p class=\"fig-paragraph\"><strong>ET AUSSI &#8211; Peut-on refuser un changement de si\u00e8ge en avion\u00a0?<\/strong><\/p>\n","protected":false},"excerpt":{"rendered":"Avec le retour du froid, les \u00e9quipages redoutent un geste r\u00e9current des passagers, devenu l\u2019un des irritants les&hellip;\n","protected":false},"author":2,"featured_media":611327,"comment_status":"","ping_status":"","sticky":false,"template":"","format":"standard","meta":{"footnotes":""},"categories":[6],"tags":[35,33,34,1011,27,1757,2445],"class_list":{"0":"post-611326","1":"post","2":"type-post","3":"status-publish","4":"format-standard","5":"has-post-thumbnail","7":"category-economie","8":"tag-business","9":"tag-economie","10":"tag-economy","11":"tag-fr","12":"tag-france","13":"tag-insolite","14":"tag-transport-aerien"},"share_on_mastodon":{"url":"https:\/\/pubeurope.com\/@fr\/115750923370287461","error":""},"_links":{"self":[{"href":"https:\/\/www.europesays.com\/fr\/wp-json\/wp\/v2\/posts\/611326","targetHints":{"allow":["GET"]}}],"collection":[{"href":"https:\/\/www.europesays.com\/fr\/wp-json\/wp\/v2\/posts"}],"about":[{"href":"https:\/\/www.europesays.com\/fr\/wp-json\/wp\/v2\/types\/post"}],"author":[{"embeddable":true,"href":"https:\/\/www.europesays.com\/fr\/wp-json\/wp\/v2\/users\/2"}],"replies":[{"embeddable":true,"href":"https:\/\/www.europesays.com\/fr\/wp-json\/wp\/v2\/comments?post=611326"}],"version-history":[{"count":0,"href":"https:\/\/www.europesays.com\/fr\/wp-json\/wp\/v2\/posts\/611326\/revisions"}],"wp:featuredmedia":[{"embeddable":true,"href":"https:\/\/www.europesays.com\/fr\/wp-json\/wp\/v2\/media\/611327"}],"wp:attachment":[{"href":"https:\/\/www.europesays.com\/fr\/wp-json\/wp\/v2\/media?parent=611326"}],"wp:term":[{"taxonomy":"category","embeddable":true,"href":"https:\/\/www.europesays.com\/fr\/wp-json\/wp\/v2\/categories?post=611326"},{"taxonomy":"post_tag","embeddable":true,"href":"https:\/\/www.europesays.com\/fr\/wp-json\/wp\/v2\/tags?post=611326"}],"curies":[{"name":"wp","href":"https:\/\/api.w.org\/{rel}","templated":true}]}}